{"id":20403,"date":"2026-09-01T13:04:01","date_gmt":"2026-09-01T11:04:01","guid":{"rendered":"https:\/\/meiser-tv.de\/uncategorized\/der-weg-der-deutschen-in-die-zukunft-teil-ii\/"},"modified":"2026-09-01T13:04:01","modified_gmt":"2026-09-01T11:04:01","slug":"der-weg-der-deutschen-in-die-zukunft-teil-ii","status":"publish","type":"post","link":"https:\/\/meiser-tv.de\/en\/uncategorized\/der-weg-der-deutschen-in-die-zukunft-teil-ii\/","title":{"rendered":"Der Weg der Deutschen in die Zukunft, Teil II"},"content":{"rendered":"<div>\n<p class=\"wp-block-paragraph\">Hans-J\u00fcrgen Geese\u00a0<\/p>\n<p class=\"wp-block-paragraph\">Die Wege des Herrn sind unergr\u00fcndlich. Nicht nur der Weg des Herrn in die Zukunft der Deutschen wird schwer vorauszusehen sein. Gleiches gilt auch f\u00fcr andere V\u00f6lker. Wie nat\u00fcrlich schon immer, seit langer, langer Zeit. Beispiel Korea. Es entzieht sich doch wohl jeder Logik warum gerade Koreaner, und sonst keine anderen Asiaten, so erfolgreich von Missionaren zum christlichen Glauben gef\u00fchrt wurden. Vor allem von den Protestanten. Sie werden nicht wissen, dass der Staatsgr\u00fcnder von Nordkorea, der Gro\u00dfvater des jetzigen Machthabers, ein Mann mit Namen Kim Il-sung, von Protestanten sehr beeinflusst wurde und sogar in der Kirche die Orgel spielte.<\/p>\n<p class=\"wp-block-paragraph\">Nordkorea wurde 1948 gegr\u00fcndet. S\u00fcdkorea wurde ebenfalls 1948 gegr\u00fcndet. Nordkorea stand unter der Obhut der Russen, die sich dann zur\u00fcckzogen. S\u00fcdkorea stand unter der Obhut der Amerikaner. Die Amerikaner blieben. Bis heute.<\/p>\n<p class=\"wp-block-paragraph\">Die Russen befreiten 1945 Korea von den Japanern. Die Besetzung Koreas durch die Japaner hatte im Zuge des Krieges<\/p>\n<\/div>","protected":false},"excerpt":{"rendered":"<p>Hans-J\u00fcrgen Geese\u00a0 Die Wege des Herrn sind unergr\u00fcndlich. Nicht nur der Weg des Herrn in die Zukunft der Deutschen wird schwer vorauszusehen sein. Gleiches gilt auch f\u00fcr andere V\u00f6lker. Wie nat\u00fcrlich schon immer, seit langer, langer Zeit. Beispiel Korea. Es entzieht sich doch wohl jeder Logik warum gerade Koreaner, und sonst keine anderen Asiaten, so [&hellip;]<\/p>\n","protected":false},"author":1,"featured_media":4846,"comment_status":"closed","ping_status":"closed","sticky":false,"template":"","format":"standard","meta":{"_gspb_post_css":"","_uag_custom_page_level_css":"","fifu_image_url":"","fifu_image_alt":"","footnotes":""},"categories":[1],"tags":[],"class_list":["post-20403","post","type-post","status-publish","format-standard","has-post-thumbnail","hentry","category-uncategorized"],"blocksy_meta":{"styles_descriptor":{"styles":{"desktop":"","tablet":"","mobile":""},"google_fonts":[],"version":7}},"uagb_featured_image_src":{"full":["https:\/\/mleexelnfod5.i.optimole.com\/w:auto\/h:auto\/q:mauto\/f:best\/https:\/\/i2.wp.com\/meiser-tv.de\/wp-content\/uploads\/2026\/05\/RSS-Hintergrund.jpg?w=1920&fit=1920,1080&ssl=1",1920,1080,true],"thumbnail":["https:\/\/mleexelnfod5.i.optimole.com\/w:auto\/h:auto\/q:mauto\/f:best\/https:\/\/i2.wp.com\/meiser-tv.de\/wp-content\/uploads\/2026\/05\/RSS-Hintergrund.jpg?w=150&resize=150,150&ssl=1",150,150,true],"medium":["https:\/\/mleexelnfod5.i.optimole.com\/w:auto\/h:auto\/q:mauto\/f:best\/https:\/\/i2.wp.com\/meiser-tv.de\/wp-content\/uploads\/2026\/05\/RSS-Hintergrund.jpg?w=300&fit=300,300&ssl=1",300,300,true],"medium_large":["https:\/\/mleexelnfod5.i.optimole.com\/w:auto\/h:auto\/q:mauto\/f:best\/https:\/\/i2.wp.com\/meiser-tv.de\/wp-content\/uploads\/2026\/05\/RSS-Hintergrund.jpg?w=768&resize=768,0&ssl=1",768,0,true],"large":["https:\/\/mleexelnfod5.i.optimole.com\/w:auto\/h:auto\/q:mauto\/f:best\/https:\/\/i2.wp.com\/meiser-tv.de\/wp-content\/uploads\/2026\/05\/RSS-Hintergrund.jpg?w=1024&fit=1024,1024&ssl=1",1024,1024,true],"1536x1536":["https:\/\/mleexelnfod5.i.optimole.com\/w:auto\/h:auto\/q:mauto\/f:best\/https:\/\/i2.wp.com\/meiser-tv.de\/wp-content\/uploads\/2026\/05\/RSS-Hintergrund.jpg?w=1536&fit=1536,1536&ssl=1",1536,1536,true],"2048x2048":["https:\/\/mleexelnfod5.i.optimole.com\/w:auto\/h:auto\/q:mauto\/f:best\/https:\/\/i2.wp.com\/meiser-tv.de\/wp-content\/uploads\/2026\/05\/RSS-Hintergrund.jpg?w=2048&fit=2048,2048&ssl=1",2048,2048,true],"trp-custom-language-flag":["https:\/\/mleexelnfod5.i.optimole.com\/w:auto\/h:auto\/q:mauto\/f:best\/https:\/\/i2.wp.com\/meiser-tv.de\/wp-content\/uploads\/2026\/05\/RSS-Hintergrund.jpg?w=18&fit=18,12&ssl=1",18,12,true]},"uagb_author_info":{"display_name":"admin","author_link":"https:\/\/meiser-tv.de\/en\/author\/admin\/"},"uagb_comment_info":0,"uagb_excerpt":"Hans-J\u00fcrgen Geese\u00a0 Die Wege des Herrn sind unergr\u00fcndlich. Nicht nur der Weg des Herrn in die Zukunft der Deutschen wird schwer vorauszusehen sein. Gleiches gilt auch f\u00fcr andere V\u00f6lker. Wie nat\u00fcrlich schon immer, seit langer, langer Zeit. Beispiel Korea. Es entzieht sich doch wohl jeder Logik warum gerade Koreaner, und sonst keine anderen Asiaten, so&hellip;","_links":{"self":[{"href":"https:\/\/meiser-tv.de\/en\/wp-json\/wp\/v2\/posts\/20403","targetHints":{"allow":["GET"]}}],"collection":[{"href":"https:\/\/meiser-tv.de\/en\/wp-json\/wp\/v2\/posts"}],"about":[{"href":"https:\/\/meiser-tv.de\/en\/wp-json\/wp\/v2\/types\/post"}],"author":[{"embeddable":true,"href":"https:\/\/meiser-tv.de\/en\/wp-json\/wp\/v2\/users\/1"}],"replies":[{"embeddable":true,"href":"https:\/\/meiser-tv.de\/en\/wp-json\/wp\/v2\/comments?post=20403"}],"version-history":[{"count":0,"href":"https:\/\/meiser-tv.de\/en\/wp-json\/wp\/v2\/posts\/20403\/revisions"}],"wp:featuredmedia":[{"embeddable":true,"href":"https:\/\/meiser-tv.de\/en\/wp-json\/wp\/v2\/media\/4846"}],"wp:attachment":[{"href":"https:\/\/meiser-tv.de\/en\/wp-json\/wp\/v2\/media?parent=20403"}],"wp:term":[{"taxonomy":"category","embeddable":true,"href":"https:\/\/meiser-tv.de\/en\/wp-json\/wp\/v2\/categories?post=20403"},{"taxonomy":"post_tag","embeddable":true,"href":"https:\/\/meiser-tv.de\/en\/wp-json\/wp\/v2\/tags?post=20403"}],"curies":[{"name":"wp","href":"https:\/\/api.w.org\/{rel}","templated":true}]}}