{"id":20412,"date":"2026-09-01T14:03:11","date_gmt":"2026-09-01T12:03:11","guid":{"rendered":"https:\/\/meiser-tv.de\/politik\/meine-schoenste-rathaus-sitzung-orgie-im-mannheimer-rathaus-fand-trotz-verbot-statt\/"},"modified":"2026-09-01T14:03:11","modified_gmt":"2026-09-01T12:03:11","slug":"meine-schoenste-rathaus-sitzung-orgie-im-mannheimer-rathaus-fand-trotz-verbot-statt","status":"publish","type":"post","link":"https:\/\/meiser-tv.de\/en\/politik\/meine-schoenste-rathaus-sitzung-orgie-im-mannheimer-rathaus-fand-trotz-verbot-statt\/","title":{"rendered":"&#8222;Meine sch\u00f6nste Rathaus-Sitzung&#8220; \u2013 Orgie im Mannheimer Rathaus fand trotz Verbot statt"},"content":{"rendered":"<div>\n<p>Die vom\u00a0Mannheimer Einzel-Stadtrat Julien Ferrat (&#8222;Die Mannheimer&#8220;) seit Wochen angek\u00fcndigte Swingerparty (<em>RT DE<\/em>\u00a0<a href=\"https:\/\/de-rtnews.com\/gesellschaft\/288058-mannheimer-ratsherr-hegt-plaene-fuer\/\" target=\"_blank\" rel=\"noopener noreferrer\">berichtete<\/a>) hat nach seinen Angaben nun stattgefunden. Aus einem geplanten &#8222;kommunalpolitischen Stammtisch&#8220; im Rathaus sei am vergangenen Freitag eine &#8222;politische Swingerparty&#8220;geworden.<\/p>\n<p>Nach <em>SWR<\/em>-Informationen ist Ferrat an diesem Abend im Rathaus in Begleitung von anderen Personen gesehen worden. In einem Interview mit <em>T-Online<\/em> best\u00e4tigte Ferrat die Echtheit dieser Informationen und nannte weitere Details zur &#8222;Veranstaltung&#8220;.\u00a0<\/p>\n<p>Sieben M\u00e4nner und zwei Frauen im Alter zwischen 28 und 55 Jahren haben Ferrat zufolge an der Veranstaltung teilgenommen. Es sei eine &#8222;kleine, aber feine Swingerparty&#8220; gewesen, wobei zwei M\u00e4nner nur zugeschaut und f\u00fcnf verschiedene Sex-Aktivit\u00e4ten mit zwei Damen gehabt h\u00e4tten.\u00a0<\/p>\n<p>&#8222;Es gab dann Handjobs, Oralverkehr und Geschlechtsverkehr\u00a0\u2026 Es wurden Intimit\u00e4ten ausgetauscht, und es war wirklich eine gelungene Swingerparty mit einem gro\u00dfen Ma\u00df an Vertrautheit&#8220;, teilte er mit. Es sei ein Politiker &#8222;zum Anfassen&#8220; im wahrsten Sinne des Wortes, sagte der Stadtrat stolz, als er gefragt wurde, ob er mit &#8222;B\u00fcrgern\u00e4he&#8220; nicht \u00fcbertreibe. Um es in einem der R\u00e4ume des Rathauses bequemer zu haben, haben die Veranstalter eine Luftmatratze und eine Decke mitgebracht.\u00a0<\/p>\n<p>Doch die &#8222;Veranstaltung&#8220; verfolgte auch einen politischen Zweck.\u00a0Er wolle damit seinen Plan vorantreiben, in Mannheim ein FKK-Swinger-Dorf einzurichten, das der Stadt enorme Einnahmen verschaffen k\u00f6nnte. Als Vorbild f\u00fcr sein Vorhaben nennt er das europaweit bekannte Villiage Naturiste in der\u00a0franz\u00f6sischen Stadt Agde. Dort k\u00f6nnen Menschen auf einer 120 Hektar gro\u00dfen FKK-Anlage den ganzen Tag nackt sein und sich zu Sexpartys an verschiedenen Orten treffen.\u00a0<\/p>\n<figure class=\"RTImage-root\">\n<div class=\"RTImage-image RTImage-original\"><picture class=\"Picture-root Picture-original\"><!--[if IE 9]><video style=\"display: none;\"><![endif]--><source media=\"(-webkit-min-device-pixel-ratio: 2) and (min-resolution: 120dpi)\" data-srcset=\" \nhttps:\/\/meiser-tv.de\/wp-content\/uploads\/2026\/09\/6a969d0548fbef741e25e181.jpg 850w,\n                https:\/\/mleexelnfod5.i.optimole.com\/w:auto\/h:auto\/q:mauto\/f:best\/https:\/\/meiser-tv.de\/wp-content\/uploads\/2026\/09\/6a969d0548fbef741e25e181.jpg 1960w,            \" srcset=\"data:image\/png;base64,iVBORw0KGgoAAAANSUhEUgAAABAAAAAJCAQAAACRI2S5AAAAEElEQVR42mNkIAAYRxWAAQAG9gAKqv6+AwAAAABJRU5ErkJggg==\"><source data-srcset=\" \nhttps:\/\/meiser-tv.de\/wp-content\/uploads\/2026\/09\/6a969d0548fbef741e25e181.jpg 460w,\n              https:\/\/mleexelnfod5.i.optimole.com\/w:auto\/h:auto\/q:mauto\/f:best\/https:\/\/meiser-tv.de\/wp-content\/uploads\/2026\/09\/6a969d0548fbef741e25e181.jpg 980w,\n            \" srcset=\"data:image\/png;base64,iVBORw0KGgoAAAANSUhEUgAAABAAAAAJCAQAAACRI2S5AAAAEElEQVR42mNkIAAYRxWAAQAG9gAKqv6+AwAAAABJRU5ErkJggg==\"><!--[if IE 9]><\/video><![endif]--><\/picture><!-- noscript pattern --><noscript><\/noscript><\/div><figcaption class=\"RTImage-footer\"><span class=\"RTImage-caption\"><span class=\"RTImage-captionItem\">Sex-Party-Teilnehmerin<\/span><\/span><span class=\"RTImage-source\"><span class=\"RTImage-captionItem\">Julien Ferrat<\/span><\/span><\/figcaption><\/figure>\n<p>Die Stadt Mannheim teilte mit, Ferrat habe den von ihr zur Verf\u00fcgung gestellten Raum zweckentfremdet. Es liege nahe, dass hier eine &#8222;gr\u00f6bliche Verletzung der gemeinder\u00e4tlichen Treuepflicht&#8220; durch Ferrat vorliege. Er habe bewusst Grenzen \u00fcberschritten, um seine Bekanntheit zu steigern, so eine Sprecherin der Stadt. Der Gemeinderat m\u00fcsse nun entscheiden, ob ihm ein Ordnungsgeld oder Sanktionen auferlegt werden.<\/p>\n<p>In einer ersten Reaktion hat sich der Mannheimer Stadtrat Gerhard Fontagnier (Die Gr\u00fcnen) auf eine SWR-Anfrage ge\u00e4u\u00dfert: &#8222;Es geht ihm ja eigentlich um provozierte Aufmerksamkeit.&#8220; Reinhold G\u00f6tz, Fraktionsvorsitzender der SPD im Mannheimer Gemeinderat, sagte dem SWR dazu: &#8222;Aus meiner Sicht ist das v\u00f6llig inakzeptabel. Hier muss der OB einschreiten.&#8220;<\/p>\n<p>Ferrat nimmt derlei Sanktionsdrohungen gelassen. F\u00fcr ein Ausschlussverfahren reicht die Tat nicht und eine m\u00f6gliche Geldstrafe kann er verkraften. &#8222;Sex erzielt die gr\u00f6\u00dfte Aufmerksamkeit&#8220;, sagt er. Nach seinen Angaben wurde bereits in mehr als 50 L\u00e4ndern \u00fcber seine Aktivit\u00e4ten berichtet.\u00a0<\/p>\n<p><strong>Mehr zum Thema<\/strong> &#8211; <a href=\"https:\/\/de-rtnews.com\/inland\/280978-bizarre-aufgabe-fuer-achtklaessler-puff\/\" target=\"_blank\" rel=\"noopener noreferrer\">Bizarre Aufgabe f\u00fcr Achtkl\u00e4ssler: &#8222;Puff f\u00fcr alle&#8220;<\/a><\/p>\n<div class=\"EmbedBlock-root EmbedBlock-externalVideo EmbedBlock-rumble\">\n<div class=\"VkEmbed\"><iframe class=\"lazyload\" data-src=\"https:\/\/rumble.com\/embed\/v3z0rzh\" frameborder=\"0\" width=\"853\" height=\"480\" allowfullscreen><\/iframe><\/div>\n<\/p><\/div>\n<\/p>\n<\/div>\n","protected":false},"excerpt":{"rendered":"<p>Die vom\u00a0Mannheimer Einzel-Stadtrat Julien Ferrat (&#8222;Die Mannheimer&#8220;) seit Wochen angek\u00fcndigte Swingerparty (RT DE\u00a0berichtete) hat nach seinen Angaben nun stattgefunden. Aus einem geplanten &#8222;kommunalpolitischen Stammtisch&#8220; im Rathaus sei am vergangenen Freitag eine &#8222;politische Swingerparty&#8220;geworden. Nach SWR-Informationen ist Ferrat an diesem Abend im Rathaus in Begleitung von anderen Personen gesehen worden. In einem Interview mit T-Online best\u00e4tigte [&hellip;]<\/p>\n","protected":false},"author":1,"featured_media":20413,"comment_status":"closed","ping_status":"closed","sticky":false,"template":"","format":"standard","meta":{"_gspb_post_css":"","_uag_custom_page_level_css":"","fifu_image_url":"","fifu_image_alt":"","footnotes":""},"categories":[5],"tags":[],"class_list":["post-20412","post","type-post","status-publish","format-standard","has-post-thumbnail","hentry","category-politik"],"blocksy_meta":{"styles_descriptor":{"styles":{"desktop":"","tablet":"","mobile":""},"google_fonts":[],"version":7}},"uagb_featured_image_src":{"full":["https:\/\/mleexelnfod5.i.optimole.com\/w:auto\/h:auto\/q:mauto\/f:best\/https:\/\/meiser-tv.de\/wp-content\/uploads\/2026\/09\/6a969d0548fbef741e25e181.jpg",1920,1080,false],"thumbnail":["https:\/\/mleexelnfod5.i.optimole.com\/w:150\/h:150\/q:mauto\/rt:fill\/g:ce\/f:best\/https:\/\/meiser-tv.de\/wp-content\/uploads\/2026\/09\/6a969d0548fbef741e25e181.jpg",150,150,true],"medium":["https:\/\/mleexelnfod5.i.optimole.com\/w:300\/h:169\/q:mauto\/f:best\/https:\/\/meiser-tv.de\/wp-content\/uploads\/2026\/09\/6a969d0548fbef741e25e181.jpg",300,169,true],"medium_large":["https:\/\/mleexelnfod5.i.optimole.com\/w:768\/h:432\/q:mauto\/f:best\/https:\/\/meiser-tv.de\/wp-content\/uploads\/2026\/09\/6a969d0548fbef741e25e181.jpg",768,432,true],"large":["https:\/\/mleexelnfod5.i.optimole.com\/w:1024\/h:576\/q:mauto\/f:best\/https:\/\/meiser-tv.de\/wp-content\/uploads\/2026\/09\/6a969d0548fbef741e25e181.jpg",1024,576,true],"1536x1536":["https:\/\/mleexelnfod5.i.optimole.com\/w:1536\/h:864\/q:mauto\/f:best\/https:\/\/meiser-tv.de\/wp-content\/uploads\/2026\/09\/6a969d0548fbef741e25e181.jpg",1536,864,true],"2048x2048":["https:\/\/mleexelnfod5.i.optimole.com\/w:auto\/h:auto\/q:mauto\/f:best\/https:\/\/meiser-tv.de\/wp-content\/uploads\/2026\/09\/6a969d0548fbef741e25e181.jpg",1920,1080,false],"trp-custom-language-flag":["https:\/\/mleexelnfod5.i.optimole.com\/w:18\/h:10\/q:mauto\/f:best\/dpr:2\/https:\/\/meiser-tv.de\/wp-content\/uploads\/2026\/09\/6a969d0548fbef741e25e181.jpg",18,10,true]},"uagb_author_info":{"display_name":"admin","author_link":"https:\/\/meiser-tv.de\/en\/author\/admin\/"},"uagb_comment_info":0,"uagb_excerpt":"Die vom\u00a0Mannheimer Einzel-Stadtrat Julien Ferrat (&#8222;Die Mannheimer&#8220;) seit Wochen angek\u00fcndigte Swingerparty (RT DE\u00a0berichtete) hat nach seinen Angaben nun stattgefunden. Aus einem geplanten &#8222;kommunalpolitischen Stammtisch&#8220; im Rathaus sei am vergangenen Freitag eine &#8222;politische Swingerparty&#8220;geworden. Nach SWR-Informationen ist Ferrat an diesem Abend im Rathaus in Begleitung von anderen Personen gesehen worden. In einem Interview mit T-Online best\u00e4tigte&hellip;","_links":{"self":[{"href":"https:\/\/meiser-tv.de\/en\/wp-json\/wp\/v2\/posts\/20412","targetHints":{"allow":["GET"]}}],"collection":[{"href":"https:\/\/meiser-tv.de\/en\/wp-json\/wp\/v2\/posts"}],"about":[{"href":"https:\/\/meiser-tv.de\/en\/wp-json\/wp\/v2\/types\/post"}],"author":[{"embeddable":true,"href":"https:\/\/meiser-tv.de\/en\/wp-json\/wp\/v2\/users\/1"}],"replies":[{"embeddable":true,"href":"https:\/\/meiser-tv.de\/en\/wp-json\/wp\/v2\/comments?post=20412"}],"version-history":[{"count":0,"href":"https:\/\/meiser-tv.de\/en\/wp-json\/wp\/v2\/posts\/20412\/revisions"}],"wp:featuredmedia":[{"embeddable":true,"href":"https:\/\/meiser-tv.de\/en\/wp-json\/wp\/v2\/media\/20413"}],"wp:attachment":[{"href":"https:\/\/meiser-tv.de\/en\/wp-json\/wp\/v2\/media?parent=20412"}],"wp:term":[{"taxonomy":"category","embeddable":true,"href":"https:\/\/meiser-tv.de\/en\/wp-json\/wp\/v2\/categories?post=20412"},{"taxonomy":"post_tag","embeddable":true,"href":"https:\/\/meiser-tv.de\/en\/wp-json\/wp\/v2\/tags?post=20412"}],"curies":[{"name":"wp","href":"https:\/\/api.w.org\/{rel}","templated":true}]}}