{"id":20414,"date":"2026-09-01T14:03:56","date_gmt":"2026-09-01T12:03:56","guid":{"rendered":"https:\/\/meiser-tv.de\/uncategorized\/die-geopolitik-der-kurdischen-oeffnung\/"},"modified":"2026-09-01T14:03:56","modified_gmt":"2026-09-01T12:03:56","slug":"die-geopolitik-der-kurdischen-oeffnung","status":"publish","type":"post","link":"https:\/\/meiser-tv.de\/en\/uncategorized\/die-geopolitik-der-kurdischen-oeffnung\/","title":{"rendered":"Die Geopolitik der \u201eKurdischen \u00d6ffnung\u201c"},"content":{"rendered":"<div>\n<p class=\"wp-block-paragraph\">Von Mehmet Ali G\u00fcller<\/p>\n<p class=\"wp-block-paragraph\"><strong>Ankaras j\u00fcngster Kurdenkurs birgt Ambitionen weit \u00fcber die Grenzen der Republik hinaus.<\/strong><\/p>\n<p class=\"wp-block-paragraph\">Die von der T\u00fcrkei verfolgte \u201eKurdische \u00d6ffnung\u201c ist nicht unabh\u00e4ngig von den Ereignissen zu sehen, die sich in Westasien vollziehen. Vielmehr zielt diese j\u00fcngste \u00d6ffnung, die von derselben Regierung nunmehr zum vierten Mal eingeleitet wird, darauf ab, das durch die Entwicklungen in unserer Region entstandene Gelegenheitsfenster zu nutzen.<\/p>\n<p class=\"wp-block-paragraph\">Daher m\u00fcssen wir zun\u00e4chst die regionalen Faktoren untersuchen, die auf die kurdische \u00d6ffnung der T\u00fcrkei einwirken.<\/p>\n<p class=\"wp-block-paragraph\"><strong>Die US-amerikanische Kurdenkarte scheiterte gegen\u00fcber Iran<\/strong><\/p>\n<p class=\"wp-block-paragraph\">Der Krieg, den das imperialistische Amerika gegen Iran f\u00fchrt, und die Tatsache, da\u00df dieser Krieg gegenw\u00e4rtig in der Stra\u00dfe von Hormus in eine Sackgasse geraten ist, lassen in unserer Region eine neue Sicherheitsarchitektur und neue Formen von Beziehungen entstehen.<\/p>\n<p class=\"wp-block-paragraph\">Zum einen hat die Erkenntnis, da\u00df der US-Sicherheitsschirm nicht funktioniert und da\u00df iranische Raketen in der Lage sind, US-St\u00fctzpunkte zu treffen, die L\u00e4nder, auf deren Territorium sich diese St\u00fctzpunkte befinden, dazu gebracht, neue Sicherheitsarrangements anzustreben. Eines der j\u00fcngsten Beispiele hierf\u00fcr ist das von Saudi-Arabien, Pakistan und der T\u00fcrkei unterzeichnete Gemeinsame Verteidigungsabkommen von Mekka.<\/p>\n<p class=\"wp-block-paragraph\">Andererseits hat Irans wirksame Verteidigung gegen die USA auch die Beziehungen zwischen den USA und ihren Verb\u00fcndeten in der Region beeinflu\u00dft. Iranische Raketen sorgten daf\u00fcr, da\u00df die US-Verb\u00fcndeten au\u00dferhalb des Krieges blieben. Dies gilt sowohl f\u00fcr Staaten als auch f\u00fcr nichtstaatliche Akteure. So war es den USA beispielsweise nicht gelungen, weder die Kurden im Iran noch die gr\u00f6\u00dferen kurdischen Gruppen im Irak zu mobilisieren. Trotz des Drucks seitens der USA und Israels hielten sich diese Organisationen aufgrund des iranischen Widerstands heraus.<\/p>\n<p class=\"wp-block-paragraph\">Kurz gesagt: Die Kurdenkarte, eine der wichtigsten Karten der USA in der Region, hat gegen\u00fcber Iran nicht gezogen.<\/p>\n<p class=\"wp-block-paragraph\">Dies stellt einen gravierenden Einschnitt dar. Als Reaktion auf die Unterst\u00fctzung, die die UdSSR den Baath-Regimen w\u00e4hrend des Kalten Krieges gew\u00e4hrt hatte, begannen auch die USA, in kurdische Gruppen zu investieren; \u00fcber die vergangenen 60 Jahre haben diese Beziehungen betr\u00e4chtliche Tiefe gewonnen. Die USA hatten kurdische Gruppen in der Region sowohl w\u00e4hrend des Angriffs auf den Irak als auch w\u00e4hrend des Angriffs auf Syrien mobilisieren k\u00f6nnen. Diesmal aber zog die Karte gegen\u00fcber Iran nicht.<\/p>\n<p class=\"wp-block-paragraph\"><strong>Die erzwungene neue Strategie der USA<\/strong><\/p>\n<p class=\"wp-block-paragraph\">Der jahrzehntelange Kampf des imperialistischen Amerika gegen die L\u00e4nder, die es zur \u201eAchse des B\u00f6sen\u201c und zu \u201eSchurkenstaaten\u201c erkl\u00e4rt hatte, blieb nach Irak, Libyen und Syrien in Iran an der Stra\u00dfe von Hormus stecken. Neben der Tatsache, da\u00df Iran ein schwierigerer Gegner ist, spielten dabei auch der Machtverlust der USA sowie der damit einhergehende Aufbau einer multipolaren Welt eine Rolle.<\/p>\n<p class=\"wp-block-paragraph\">Aus diesem Grund verk\u00fcndeten die USA eine neue Sicherheits- und Verteidigungsdoktrin. Im Kern st\u00fctzt sich diese Doktrin darauf, in der westlichen Hemisph\u00e4re eine \u201eneue Monroe-Doktrin\u201c umzusetzen und sich in der anderen Hemisph\u00e4re auf den Hauptrivalen China zu konzentrieren. Als Folge davon ist auch vorgesehen, da\u00df die USA die Last gemeinsam mit ihren Verb\u00fcndeten in Europa und Westasien tragen. Daher finden sowohl die Debatte \u00fcber \u201eNATO 3.0\u2033 als auch die Suche nach neuen Sicherheitsarrangements in Westasien gleichzeitig statt.<\/p>\n<p class=\"wp-block-paragraph\"><strong>Die Suche nach einer israelzentrierten Ordnung<\/strong><\/p>\n<p class=\"wp-block-paragraph\">F\u00fcr die USA besteht in Westasien jedoch in jedem Fall das Ziel, Israels Sicherheit zu gew\u00e4hrleisten und nach M\u00f6glichkeit eine israelzentrierte Sicherheitsarchitektur zu errichten. Dies k\u00f6nnte man auch als Bem\u00fchung bezeichnen, eine \u201eneue westasiatische Ordnung unter israelischer Hegemonie\u201c zu etablieren.<\/p>\n<p class=\"wp-block-paragraph\">Dies erfordert dreierlei:<\/p>\n<ol class=\"wp-block-list\">\n<li>Iran milit\u00e4risch und wirtschaftlich zu schw\u00e4chen, den iranischen Einflu\u00df in der Geographie der Widerstandsachse (Irak, Syrien, Libanon, Pal\u00e4stina und Jemen) zu brechen und Iran mit US-Verb\u00fcndeten zu umzingeln und auf seine eigene Geographie zu begrenzen. Die Assad-Regierung wurde in Syrien gest\u00fcrzt; in Libanon wird versucht, die Hisbollah zu entwaffnen; die Macht der Hamas im Gazastreifen wurde geschw\u00e4cht; die iran-nahen Gruppen im Irak stehen unter Druck; und im Jemen wird der Aufbau einer multinationalen Koalition gegen die Huthis angestrebt.<\/li>\n<li>Normalisierung zwischen Saudi-Arabien, den Golfstaaten und Israel. Fortschritte in Gaza sind daf\u00fcr selbstredend ebenfalls notwendig.<\/li>\n<li>Eine Normalisierung zwischen Israel und der T\u00fcrkei zu erreichen und \u2013 in den Worten des US-Botschafters Tom Barrack \u2013 eine \u201eZusammenarbeit der T\u00fcrkei und Israels vom Kaspischen Meer bis zum Mittelmeer\u201c herzustellen.<\/li>\n<\/ol>\n<p class=\"wp-block-paragraph\"><strong>Das durch die Lage der Kurden geschaffene Umfeld<\/strong><\/p>\n<p class=\"wp-block-paragraph\">Diese Situation \u00fcbt auf manche nichtstaatlichen Akteure Druck aus, er\u00f6ffnet anderen jedoch M\u00f6glichkeiten.<\/p>\n<p class=\"wp-block-paragraph\"><strong>Syrien:<\/strong> Hayat Tahrir al-Scham (HTS) \u2013 ein Ableger der Nusra-Front \u2013 gelangte in Damaskus an die Macht, nachdem sie nicht l\u00e4nger als Terrororganisation eingestuft wurde. Die Volksschutzeinheiten (YPG)\/Syrischen Demokratischen Kr\u00e4fte (SDK), in die die USA erhebliche politische und milit\u00e4rische Investitionen get\u00e4tigt haben, werden zur Integration in den syrischen Staat gezwungen.<\/p>\n<p class=\"wp-block-paragraph\"><strong>Irak:<\/strong> Die Unabh\u00e4ngigkeitsinitiative der kurdischen Gruppen im Nordirak war von den USA bereits gestoppt worden, da die herrschenden Umst\u00e4nde sie nicht zulie\u00dfen.<\/p>\n<p class=\"wp-block-paragraph\"><strong>Iran:<\/strong> In diesem Proze\u00df setzte die Regierung in Teheran Gewalt ein, um zu verhindern, da\u00df die Kurden auf seiten der USA und Israels in den Krieg eintraten.<\/p>\n<p class=\"wp-block-paragraph\"><strong>T\u00fcrkei:<\/strong> Unter diesen Umst\u00e4nden entwickelte PKK-F\u00fchrer \u00d6calan eine neue Strategie: das Recht auf Existenz im politischen Raum zu erlangen \u2013 im Tausch daf\u00fcr, das Streben nach Unabh\u00e4ngigkeit und sogar nach Autonomie aufzugeben.<\/p>\n<p class=\"wp-block-paragraph\">Dies ist die Grundlage, auf der die Partei f\u00fcr Gerechtigkeit und Entwicklung (AKP) in ihren 23 Jahren an der Macht nun zum vierten Mal eine Kurdische \u00d6ffnung eingeleitet hat.<\/p>\n<p class=\"wp-block-paragraph\"><strong>Gemeinsame Grundlage in den Botschaften der Akteure<\/strong><\/p>\n<p class=\"wp-block-paragraph\">Die AKP, die PKK und die USA haben auf dieser Basis eine M\u00f6glichkeit gefunden, eine gemeinsame Grundlage zu schaffen: die Idee, Nationalstaaten durch Modelle loser Zentrum-Peripherie-Beziehungen zu ersetzen, Demokratien durch Monarchien und Nationen durch die \u201eUmma\u201c, bildet einen gemeinsamen Nenner aller drei Akteure.<\/p>\n<p class=\"wp-block-paragraph\">Die politischen Auspr\u00e4gungen dieser Idee lassen sich in den folgenden Aussagen der Akteure erkennen:<\/p>\n<p class=\"wp-block-paragraph\"><strong>Kurdische Akteure<\/strong><\/p>\n<p class=\"wp-block-paragraph\">Die von kurdischen Akteuren verwendete Sprache ist aufschlu\u00dfreich. Der Co-Vorsitzende der pro-kurdischen Partei der Gleichheit und Demokratie der V\u00f6lker (DEM), Tuncer Bak\u0131rh\u00e2n, erkl\u00e4rte im Parlament, die t\u00fcrkische Politik sei lange in der Mentalit\u00e4t der \u201eMekka-Periode\u201c gefangen gewesen, die von Belagerung und Konfrontation gepr\u00e4gt sei. Die T\u00fcrkei brauche nun, so argumentierte er, den Geist der \u201eMedina-Periode\u201c, in der politische und gesellschaftliche Einheit auf der Grundlage gemeinsamer Interessen und Gerechtigkeit aufgebaut werden k\u00f6nne.<\/p>\n<p class=\"wp-block-paragraph\">Mahmut Berhudan, ein SDF-Funktion\u00e4r in Kobane, ging weiter. Er erkl\u00e4rte, die YPG\/SDF werde ihre Aufl\u00f6sung bekanntgeben, die autonome Verwaltung werde verschwinden, und das kurdische Leben in Syrien k\u00f6nne im Rahmen der islamischen Umma fortgef\u00fchrt werden.<\/p>\n<p class=\"wp-block-paragraph\">\u201eSie haben uns entlang der Br\u00fcsseler Linie von 1926 geteilt, als h\u00e4tten sie uns mit einem Messer auseinandergeschnitten\u201c, sagte er. \u201eNun ist es Zeit, diese Klammer zu schlie\u00dfen und Frieden zu schlie\u00dfen.\u201c<\/p>\n<p class=\"wp-block-paragraph\">Ahmet T\u00fcrk von der Imral\u0131-Delegation der DEM machte die regionale Ausrichtung noch expliziter:<\/p>\n<p class=\"wp-block-paragraph\">\u201eIch war im Irak, ich war in Syrien. Alle Kurden haben die Augen auf die T\u00fcrkei gerichtet. Sie sehen sich seit der osmanischen Zeit noch immer als Teil der T\u00fcrkei. Kurden k\u00f6nnen nur mit den T\u00fcrken ein gerechtes Leben f\u00fchren und frei sein. Sie haben keine andere Wahl.\u201c<\/p>\n<blockquote class=\"wp-block-quote is-layout-flow wp-block-quote-is-layout-flow\">\n<p class=\"wp-block-paragraph\"><strong>DEM-Partei-Co-Vorsitzender Tuncer Bak\u0131rh\u00e2n:<\/strong><br \/>\u201eDie t\u00fcrkische Politik befindet sich seit langem im Geist einer \u201aMekka-Periode\u2018. Was die T\u00fcrkei jedoch braucht, ist die Weisheit der \u201aMedina-Periode\u2018, in der politische und gesellschaftliche Einheit und Gerechtigkeit auf der Grundlage gemeinsamer Interessen gesichert werden.\u201c<br \/><em>(Rede in der T\u00fcrkischen Gro\u00dfen Nationalversammlung, 10. August 2026)<\/em><\/p>\n<\/blockquote>\n<blockquote class=\"wp-block-quote is-layout-flow wp-block-quote-is-layout-flow\">\n<p class=\"wp-block-paragraph\"><strong>Mahmut Berhudan, der f\u00fcr Syrien\/Kobane zust\u00e4ndige YPG\/SDF-Funktion\u00e4r:<\/strong><br \/>\u201eWir werden die Aufl\u00f6sung der YPG\/SDF bekanntgeben. Die Struktur der autonomen Verwaltung wird ebenfalls verschwinden \u2026 Der Rahmen der islamischen Umma st\u00f6rt keinen Kurden. Wir k\u00f6nnen unsere Pr\u00e4senz sowohl innerhalb Syriens als auch in anderen Geographien nur auf diese Weise aufrechterhalten \u2026 Sie haben uns entlang der Br\u00fcsseler Linie von 1926 getrennt, als h\u00e4tten sie uns mit einem Messer auseinandergeschnitten. Jetzt ist es an der Zeit, diese Klammer zu schlie\u00dfen und Frieden zu schlie\u00dfen.\u201c<br \/><em>(Zeitung T\u00fcrkiye, 16. August 2026)<\/em><\/p>\n<\/blockquote>\n<blockquote class=\"wp-block-quote is-layout-flow wp-block-quote-is-layout-flow\">\n<p class=\"wp-block-paragraph\"><strong>Ahmet T\u00fcrk, Mitglied der Imral\u0131-Delegation der DEM:<\/strong><br \/>\u201eIch war im Irak, und ich war auch in Syrien. Alle Kurden haben die Augen auf die T\u00fcrkei gerichtet. Sie sehen sich noch immer als Teil der T\u00fcrkei, zur\u00fcckgehend bis in die osmanische Zeit. Kurden k\u00f6nnen nur mit den T\u00fcrken ein gerechtes Leben f\u00fchren und frei werden. Sie haben keine andere Wahl.\u201c<br \/><em>(Zeitung Nefes, 4. Januar 2025)<\/em><\/p>\n<\/blockquote>\n<p class=\"wp-block-paragraph\"><strong>Ankara<\/strong><\/p>\n<p class=\"wp-block-paragraph\">Die in den letzten Jahren von der AKP-Regierung ge\u00e4u\u00dferten Statements \u2013 etwa \u201eDie T\u00fcrkei ist gr\u00f6\u00dfer als die T\u00fcrkei\u201c, \u201eH\u00e4tte der Erste Weltkrieg einen anderen Ausgang genommen, w\u00e4ren Aleppo und Damaskus unseres gewesen\u201c, \u201eunsere geographische Sph\u00e4re der Zuneigung\u201c und \u201ewir werden der Besch\u00fctzer jener sein, die danach fragen\u201c \u2013 erg\u00e4nzen die wiederholte Betonung eines \u201et\u00fcrkisch-kurdisch-arabischen B\u00fcndnisses\u201c durch den t\u00fcrkischen Pr\u00e4sidenten Recep Tayyip Erdo\u011fan im Rahmen dieser j\u00fcngsten \u00d6ffnung.<\/p>\n<p class=\"wp-block-paragraph\">\u00dcberdies hatte die AKP-Regierung von Anfang an das Ziel eines \u201egr\u00f6\u00dferen T\u00fcrkei\u201c aus neoosmanischer Perspektive verfolgt. Erdo\u011fans Aussage, \u201eein \u00dcbergang zum Provinzsystem k\u00f6nnte m\u00f6glich sein\u201c, die Erkl\u00e4rung von Au\u00dfenminister Abdullah G\u00fcl w\u00e4hrend der vorangegangenen \u00d6ffnung, \u201eNordirak sei unser Hinterland\u201c, sowie das Pl\u00e4doyer von Au\u00dfenminister Ahmet Davuto\u011flu w\u00e4hrend einer anderen \u00d6ffnung f\u00fcr eine \u201eIntegration mit dem Nordirak\u201c sind allesamt Ausdruck desselben Ziels.<\/p>\n<p class=\"wp-block-paragraph\">Hinzukommen mu\u00df auch das kompatible Ziel des nationalistischen Koalitionspartners der Regierung, der Partei der Nationalistischen Bewegung (MHP). Die Tatsache, da\u00df MHP-Vorsitzender Devlet Bah\u00e7eli, der diese j\u00fcngste \u00d6ffnung initiierte, Mossul die Kennzeichennummer 82, Kirkuk die 83 und Aleppo die 84 zuordnete, tr\u00e4gt das Ziel einer Ausweitung der T\u00fcrkei durch die Kurden auf der Grundlage des Nationalen Pakts \u201eMisak-\u0131 Mill\u00ee\u201c \u2013 einer Erkl\u00e4rung von 1920, die die territorialen Anspr\u00fcche der t\u00fcrkischen Nationalbewegung umrei\u00dft \u2013 in sich.<\/p>\n<p class=\"wp-block-paragraph\"><strong>Die USA<\/strong><\/p>\n<p class=\"wp-block-paragraph\">In diesem Proze\u00df sind die Aussagen des US-Botschafters in Ankara und Sonderbeauftragten f\u00fcr Irak und Syrien, Tom Barrack, bemerkenswert. Seine \u00c4u\u00dferungen zielen auf das Konzept des Nationalstaats ab, \u00f6ffnen die T\u00fcr zur Monarchie und unterst\u00fctzen \u2013 was am bedeutsamsten ist \u2013 die \u00d6ffnung der AKP mit dem Argument, sie werde \u201edie Kurden in vier L\u00e4ndern zusammenf\u00fchren.\u201c<\/p>\n<p class=\"wp-block-paragraph\"><strong>Das Risiko, die T\u00fcrkei kleiner zu machen, indem man sie gr\u00f6\u00dfer macht<\/strong><\/p>\n<p class=\"wp-block-paragraph\">Ob dies eine geopolitische M\u00f6glichkeit oder lediglich eine von den Partnern der \u00d6ffnung eingesetzte Motivation ist, um ihre jeweilige W\u00e4hlerschaft von der Unterst\u00fctzung des Prozesses zu \u00fcberzeugen, ist selbstverst\u00e4ndlich diskutabel.<\/p>\n<p class=\"wp-block-paragraph\">Was hier z\u00e4hlt, ist, da\u00df die Ziele der Parteien unter den gegenw\u00e4rtigen Umst\u00e4nden einen gemeinsamen Nenner gefunden haben.<\/p>\n<p class=\"wp-block-paragraph\">PKK-F\u00fchrer \u00d6calan sucht aus einem strategischen Proze\u00df Kapital zu schlagen, der vom untergeordneten Ziel einer \u201edemokratischen Republik\u201c bis zum \u00fcbergeordneten Ziel des \u201edemokratischen Konf\u00f6deralismus\u201c reichen k\u00f6nnte.<\/p>\n<p class=\"wp-block-paragraph\">Die F\u00fchrungen von AKP und MHP sind ihrerseits \u00fcberzeugt, da\u00df sich unter den Bedingungen, in denen die USA einen Machtverlust erleiden und Irans Einflu\u00df in Irak und Syrien geschw\u00e4cht wurde, f\u00fcr die T\u00fcrkei eine M\u00f6glichkeit zur Aus\u00fcbung politischer F\u00fchrerschaft in der Region bietet. Sollte diese Konvergenz das erkl\u00e4rte Regierungsziel einer \u201eterrorfreien T\u00fcrkei\u201c verwirklichen, w\u00fcrde dies f\u00fcr Ankara selbstverst\u00e4ndlich einen sehr bedeutenden politischen und wirtschaftlichen Gewinn darstellen. Die AKP sieht darin auch ein Mittel, sich an der Macht zu halten.<\/p>\n<p class=\"wp-block-paragraph\">Kurz gesagt: Die hinter der \u00d6ffnung stehenden Akteure wollen ein neues Modell umsetzen, das auf der islamischen Umma statt auf der Nation beruht; auf dem Zusammenleben wie in der osmanischen Zeit; auf der Beseitigung der t\u00fcrkisch-irakischen Grenze, die entlang der durch den Vertrag von Ankara von 1926 anerkannten Br\u00fcsseler Linie endg\u00fcltig festgelegt wurde; sowie auf einer dem Modell von Medina \u00e4hnelnden Konf\u00f6deration.<\/p>\n<p class=\"wp-block-paragraph\">Zweifelsohne k\u00f6nnte diese Initiative, die auf einer durch die gegenw\u00e4rtigen Umst\u00e4nde diktierten Interessenkonvergenz beruht, auch in eine v\u00f6llig andere Richtung abdriften, sollten jene Interessen in Konflikt geraten.<\/p>\n<p class=\"wp-block-paragraph\">Dar\u00fcber hinaus k\u00f6nnte das Ziel, \u201edie T\u00fcrkei durch die Kurden zu vergr\u00f6\u00dfern\u201c, auch dazu f\u00fchren, \u201edie T\u00fcrkei kleiner zu machen, indem man sie gr\u00f6\u00dfer macht.\u201c<\/p>\n<\/div>","protected":false},"excerpt":{"rendered":"<p>Von Mehmet Ali G\u00fcller Ankaras j\u00fcngster Kurdenkurs birgt Ambitionen weit \u00fcber die Grenzen der Republik hinaus. Die von der T\u00fcrkei verfolgte \u201eKurdische \u00d6ffnung\u201c ist nicht unabh\u00e4ngig von den Ereignissen zu sehen, die sich in Westasien vollziehen. Vielmehr zielt diese j\u00fcngste \u00d6ffnung, die von derselben Regierung nunmehr zum vierten Mal eingeleitet wird, darauf ab, das durch [&hellip;]<\/p>\n","protected":false},"author":1,"featured_media":4846,"comment_status":"closed","ping_status":"closed","sticky":false,"template":"","format":"standard","meta":{"_gspb_post_css":"","_uag_custom_page_level_css":"","fifu_image_url":"","fifu_image_alt":"","footnotes":""},"categories":[1],"tags":[],"class_list":["post-20414","post","type-post","status-publish","format-standard","has-post-thumbnail","hentry","category-uncategorized"],"blocksy_meta":{"styles_descriptor":{"styles":{"desktop":"","tablet":"","mobile":""},"google_fonts":[],"version":7}},"uagb_featured_image_src":{"full":["https:\/\/mleexelnfod5.i.optimole.com\/w:auto\/h:auto\/q:mauto\/f:best\/https:\/\/i2.wp.com\/meiser-tv.de\/wp-content\/uploads\/2026\/05\/RSS-Hintergrund.jpg?w=1920&fit=1920,1080&ssl=1",1920,1080,true],"thumbnail":["https:\/\/mleexelnfod5.i.optimole.com\/w:auto\/h:auto\/q:mauto\/f:best\/https:\/\/i2.wp.com\/meiser-tv.de\/wp-content\/uploads\/2026\/05\/RSS-Hintergrund.jpg?w=150&resize=150,150&ssl=1",150,150,true],"medium":["https:\/\/mleexelnfod5.i.optimole.com\/w:auto\/h:auto\/q:mauto\/f:best\/https:\/\/i2.wp.com\/meiser-tv.de\/wp-content\/uploads\/2026\/05\/RSS-Hintergrund.jpg?w=300&fit=300,300&ssl=1",300,300,true],"medium_large":["https:\/\/mleexelnfod5.i.optimole.com\/w:auto\/h:auto\/q:mauto\/f:best\/https:\/\/i2.wp.com\/meiser-tv.de\/wp-content\/uploads\/2026\/05\/RSS-Hintergrund.jpg?w=768&resize=768,0&ssl=1",768,0,true],"large":["https:\/\/mleexelnfod5.i.optimole.com\/w:auto\/h:auto\/q:mauto\/f:best\/https:\/\/i2.wp.com\/meiser-tv.de\/wp-content\/uploads\/2026\/05\/RSS-Hintergrund.jpg?w=1024&fit=1024,1024&ssl=1",1024,1024,true],"1536x1536":["https:\/\/mleexelnfod5.i.optimole.com\/w:auto\/h:auto\/q:mauto\/f:best\/https:\/\/i2.wp.com\/meiser-tv.de\/wp-content\/uploads\/2026\/05\/RSS-Hintergrund.jpg?w=1536&fit=1536,1536&ssl=1",1536,1536,true],"2048x2048":["https:\/\/mleexelnfod5.i.optimole.com\/w:auto\/h:auto\/q:mauto\/f:best\/https:\/\/i2.wp.com\/meiser-tv.de\/wp-content\/uploads\/2026\/05\/RSS-Hintergrund.jpg?w=2048&fit=2048,2048&ssl=1",2048,2048,true],"trp-custom-language-flag":["https:\/\/mleexelnfod5.i.optimole.com\/w:auto\/h:auto\/q:mauto\/f:best\/https:\/\/i2.wp.com\/meiser-tv.de\/wp-content\/uploads\/2026\/05\/RSS-Hintergrund.jpg?w=18&fit=18,12&ssl=1",18,12,true]},"uagb_author_info":{"display_name":"admin","author_link":"https:\/\/meiser-tv.de\/en\/author\/admin\/"},"uagb_comment_info":0,"uagb_excerpt":"Von Mehmet Ali G\u00fcller Ankaras j\u00fcngster Kurdenkurs birgt Ambitionen weit \u00fcber die Grenzen der Republik hinaus. Die von der T\u00fcrkei verfolgte \u201eKurdische \u00d6ffnung\u201c ist nicht unabh\u00e4ngig von den Ereignissen zu sehen, die sich in Westasien vollziehen. Vielmehr zielt diese j\u00fcngste \u00d6ffnung, die von derselben Regierung nunmehr zum vierten Mal eingeleitet wird, darauf ab, das durch&hellip;","_links":{"self":[{"href":"https:\/\/meiser-tv.de\/en\/wp-json\/wp\/v2\/posts\/20414","targetHints":{"allow":["GET"]}}],"collection":[{"href":"https:\/\/meiser-tv.de\/en\/wp-json\/wp\/v2\/posts"}],"about":[{"href":"https:\/\/meiser-tv.de\/en\/wp-json\/wp\/v2\/types\/post"}],"author":[{"embeddable":true,"href":"https:\/\/meiser-tv.de\/en\/wp-json\/wp\/v2\/users\/1"}],"replies":[{"embeddable":true,"href":"https:\/\/meiser-tv.de\/en\/wp-json\/wp\/v2\/comments?post=20414"}],"version-history":[{"count":0,"href":"https:\/\/meiser-tv.de\/en\/wp-json\/wp\/v2\/posts\/20414\/revisions"}],"wp:featuredmedia":[{"embeddable":true,"href":"https:\/\/meiser-tv.de\/en\/wp-json\/wp\/v2\/media\/4846"}],"wp:attachment":[{"href":"https:\/\/meiser-tv.de\/en\/wp-json\/wp\/v2\/media?parent=20414"}],"wp:term":[{"taxonomy":"category","embeddable":true,"href":"https:\/\/meiser-tv.de\/en\/wp-json\/wp\/v2\/categories?post=20414"},{"taxonomy":"post_tag","embeddable":true,"href":"https:\/\/meiser-tv.de\/en\/wp-json\/wp\/v2\/tags?post=20414"}],"curies":[{"name":"wp","href":"https:\/\/api.w.org\/{rel}","templated":true}]}}