{"id":20420,"date":"2026-09-01T15:02:15","date_gmt":"2026-09-01T13:02:15","guid":{"rendered":"https:\/\/meiser-tv.de\/medienkritik\/schicksalswahl-sachsen-anhalt-wirbel-um-neonazi-vergangenheit-von-ehemann-der-spitzen-gruenen\/"},"modified":"2026-09-01T15:02:15","modified_gmt":"2026-09-01T13:02:15","slug":"schicksalswahl-sachsen-anhalt-wirbel-um-neonazi-vergangenheit-von-ehemann-der-spitzen-gruenen","status":"publish","type":"post","link":"https:\/\/meiser-tv.de\/en\/medienkritik\/schicksalswahl-sachsen-anhalt-wirbel-um-neonazi-vergangenheit-von-ehemann-der-spitzen-gruenen\/","title":{"rendered":"Schicksalswahl Sachsen-Anhalt: Wirbel um Neonazi-Vergangenheit von Ehemann der Spitzen-\u201eGr\u00fcnen\u201c"},"content":{"rendered":"<div>\n<p class=\"wp-block-paragraph\">In Sachsen-Anhalt sorgt wenige Tage vor der historischen Landtagswahl die Neonazi-Vergangenheit von David Seidlitz, dem Ehemann der \u201eGr\u00fcnen\u201c-Spitzenkandidatin Susan Sziborra-Seidlitz, f\u00fcr Wirbel. Pikant: Seidlitz ist nicht nur der Ehemann der \u00d6kosozialistin, sondern arbeitet auch hauptamtlich als Regionalgesch\u00e4ftsf\u00fchrer f\u00fcr mehrere Kreisverb\u00e4nde der \u201eGr\u00fcnen\u201c in Sachsen-Anhalt.\u00a0<\/p>\n<p class=\"wp-block-paragraph\">Die Vorw\u00fcrfe an sich sind allerdings nicht neu. Die AfD-Fraktion brachte das Thema bereits im Mai 2022 und erneut 2025 im Magdeburger Landtag zur Sprache. Sziborra-Seidlitz best\u00e4tigte seinerzeit die Vergangenheit ihres Mannes, bestritt aber, dass dieser eine Funktion als f\u00fchrender Kader innegehabt habe.<\/p>\n<p class=\"wp-block-paragraph\">Die Debatte ist auf den letzten Metern zur Wahl jetzt wieder hochgekocht. Hintergrund: Seidlitz wird in einer Ausgabe des \u201eAntifaschistischen Infoblatts\u201c aus dem Jahr 1995 als Teil der \u201estadtbekannten Neonazi-Szene\u201c im Raum Quedlinburg (Harz) aufgef\u00fchrt. Es existieren Fotos aus den 1990er-Jahren, die das belegen sollen.<\/p>\n<p class=\"wp-block-paragraph\">Bei einem Wahlkampfauftritt auf dem Brocken entbl\u00f6dete sich der baden-w\u00fcrttembergische Ministerpr\u00e4sident Cem \u00d6zdemir (\u201eGr\u00fcne\u201c) nicht, Sziborra-Seidlitz mit den Worten zu loben, sie \u201eversteht, wie man aus Nazis gute B\u00fcrger macht\u201c.<\/p>\n<p><strong>Beitrag:<\/strong> <a target=\"_blank\" rel=\"noopener noreferrer\" href=\"https:\/\/deutschlandkurier.de\/2026\/09\/schicksalswahl-sachsen-anhalt-wirbel-um-neonazi-vergangenheit-von-ehemann-der-spitzen-gruenen\/\">Schicksalswahl Sachsen-Anhalt: Wirbel um Neonazi-Vergangenheit von Ehemann der Spitzen-\u201eGr\u00fcnen\u201c<\/a> <br><strong>Quelle:<\/strong> Deutschland-Kurier.<\/p>\n<\/div>","protected":false},"excerpt":{"rendered":"<div>\n<p>In Sachsen-Anhalt sorgt wenige Tage vor der historischen Landtagswahl die Neonazi-Vergangenheit von David Seidlitz, dem Ehemann der \u201eGr\u00fcnen\u201c-Spitzenkandidatin Susan Sziborra-Seidlitz, f\u00fcr Wirbel. Pikant: Seidlitz ist nicht nur der Ehemann der \u00d6kosozialistin, sondern arbeitet auch hauptamtlich als Regionalgesch\u00e4ftsf\u00fchrer f\u00fcr mehrere Kreisverb\u00e4nde der \u201eGr\u00fcnen\u201c in Sachsen-Anhalt.\u00a0 Die Vorw\u00fcrfe an sich sind allerdings nicht neu. Die AfD-Fraktion brachte [\u2026]<\/p>\n<p>The post <a href=\"https:\/\/deutschlandkurier.de\/2026\/09\/schicksalswahl-sachsen-anhalt-wirbel-um-neonazi-vergangenheit-von-ehemann-der-spitzen-gruenen\/\">Schicksalswahl Sachsen-Anhalt: Wirbel um Neonazi-Vergangenheit von Ehemann der Spitzen-\u201eGr\u00fcnen\u201c<\/a> appeared first on <a href=\"https:\/\/deutschlandkurier.de\/\">Deutschland-Kurier<\/a>.<\/p>\n<\/div>\n","protected":false},"author":1,"featured_media":4846,"comment_status":"closed","ping_status":"closed","sticky":false,"template":"","format":"standard","meta":{"_gspb_post_css":"","_uag_custom_page_level_css":"","fifu_image_url":"","fifu_image_alt":"","footnotes":""},"categories":[17],"tags":[],"class_list":["post-20420","post","type-post","status-publish","format-standard","has-post-thumbnail","hentry","category-medienkritik"],"blocksy_meta":{"styles_descriptor":{"styles":{"desktop":"","tablet":"","mobile":""},"google_fonts":[],"version":7}},"uagb_featured_image_src":{"full":["https:\/\/mleexelnfod5.i.optimole.com\/w:auto\/h:auto\/q:mauto\/f:best\/https:\/\/i2.wp.com\/meiser-tv.de\/wp-content\/uploads\/2026\/05\/RSS-Hintergrund.jpg?w=1920&fit=1920,1080&ssl=1",1920,1080,true],"thumbnail":["https:\/\/mleexelnfod5.i.optimole.com\/w:auto\/h:auto\/q:mauto\/f:best\/https:\/\/i2.wp.com\/meiser-tv.de\/wp-content\/uploads\/2026\/05\/RSS-Hintergrund.jpg?w=150&resize=150,150&ssl=1",150,150,true],"medium":["https:\/\/mleexelnfod5.i.optimole.com\/w:auto\/h:auto\/q:mauto\/f:best\/https:\/\/i2.wp.com\/meiser-tv.de\/wp-content\/uploads\/2026\/05\/RSS-Hintergrund.jpg?w=300&fit=300,300&ssl=1",300,300,true],"medium_large":["https:\/\/mleexelnfod5.i.optimole.com\/w:auto\/h:auto\/q:mauto\/f:best\/https:\/\/i2.wp.com\/meiser-tv.de\/wp-content\/uploads\/2026\/05\/RSS-Hintergrund.jpg?w=768&resize=768,0&ssl=1",768,0,true],"large":["https:\/\/mleexelnfod5.i.optimole.com\/w:auto\/h:auto\/q:mauto\/f:best\/https:\/\/i2.wp.com\/meiser-tv.de\/wp-content\/uploads\/2026\/05\/RSS-Hintergrund.jpg?w=1024&fit=1024,1024&ssl=1",1024,1024,true],"1536x1536":["https:\/\/mleexelnfod5.i.optimole.com\/w:auto\/h:auto\/q:mauto\/f:best\/https:\/\/i2.wp.com\/meiser-tv.de\/wp-content\/uploads\/2026\/05\/RSS-Hintergrund.jpg?w=1536&fit=1536,1536&ssl=1",1536,1536,true],"2048x2048":["https:\/\/mleexelnfod5.i.optimole.com\/w:auto\/h:auto\/q:mauto\/f:best\/https:\/\/i2.wp.com\/meiser-tv.de\/wp-content\/uploads\/2026\/05\/RSS-Hintergrund.jpg?w=2048&fit=2048,2048&ssl=1",2048,2048,true],"trp-custom-language-flag":["https:\/\/mleexelnfod5.i.optimole.com\/w:auto\/h:auto\/q:mauto\/f:best\/https:\/\/i2.wp.com\/meiser-tv.de\/wp-content\/uploads\/2026\/05\/RSS-Hintergrund.jpg?w=18&fit=18,12&ssl=1",18,12,true]},"uagb_author_info":{"display_name":"admin","author_link":"https:\/\/meiser-tv.de\/en\/author\/admin\/"},"uagb_comment_info":0,"uagb_excerpt":"In Sachsen-Anhalt sorgt wenige Tage vor der historischen Landtagswahl die Neonazi-Vergangenheit von David Seidlitz, dem Ehemann der \u201eGr\u00fcnen\u201c-Spitzenkandidatin Susan Sziborra-Seidlitz, f\u00fcr Wirbel. Pikant: Seidlitz ist nicht nur der Ehemann der \u00d6kosozialistin, sondern arbeitet auch hauptamtlich als Regionalgesch\u00e4ftsf\u00fchrer f\u00fcr mehrere Kreisverb\u00e4nde der \u201eGr\u00fcnen\u201c in Sachsen-Anhalt.\u00a0 Die Vorw\u00fcrfe an sich sind allerdings nicht neu. Die AfD-Fraktion brachte&hellip;","_links":{"self":[{"href":"https:\/\/meiser-tv.de\/en\/wp-json\/wp\/v2\/posts\/20420","targetHints":{"allow":["GET"]}}],"collection":[{"href":"https:\/\/meiser-tv.de\/en\/wp-json\/wp\/v2\/posts"}],"about":[{"href":"https:\/\/meiser-tv.de\/en\/wp-json\/wp\/v2\/types\/post"}],"author":[{"embeddable":true,"href":"https:\/\/meiser-tv.de\/en\/wp-json\/wp\/v2\/users\/1"}],"replies":[{"embeddable":true,"href":"https:\/\/meiser-tv.de\/en\/wp-json\/wp\/v2\/comments?post=20420"}],"version-history":[{"count":0,"href":"https:\/\/meiser-tv.de\/en\/wp-json\/wp\/v2\/posts\/20420\/revisions"}],"wp:featuredmedia":[{"embeddable":true,"href":"https:\/\/meiser-tv.de\/en\/wp-json\/wp\/v2\/media\/4846"}],"wp:attachment":[{"href":"https:\/\/meiser-tv.de\/en\/wp-json\/wp\/v2\/media?parent=20420"}],"wp:term":[{"taxonomy":"category","embeddable":true,"href":"https:\/\/meiser-tv.de\/en\/wp-json\/wp\/v2\/categories?post=20420"},{"taxonomy":"post_tag","embeddable":true,"href":"https:\/\/meiser-tv.de\/en\/wp-json\/wp\/v2\/tags?post=20420"}],"curies":[{"name":"wp","href":"https:\/\/api.w.org\/{rel}","templated":true}]}}