{"id":20421,"date":"2026-09-01T15:02:47","date_gmt":"2026-09-01T13:02:47","guid":{"rendered":"https:\/\/meiser-tv.de\/politik\/us-finanzminister-keine-wirtschaftsgespraeche-mit-russland-vor-ende-des-ukraine-konflikts\/"},"modified":"2026-09-01T15:02:47","modified_gmt":"2026-09-01T13:02:47","slug":"us-finanzminister-keine-wirtschaftsgespraeche-mit-russland-vor-ende-des-ukraine-konflikts","status":"publish","type":"post","link":"https:\/\/meiser-tv.de\/en\/politik\/us-finanzminister-keine-wirtschaftsgespraeche-mit-russland-vor-ende-des-ukraine-konflikts\/","title":{"rendered":"US-Finanzminister: Keine Wirtschaftsgespr\u00e4che mit Russland vor Ende des Ukraine-Konflikts"},"content":{"rendered":"<div>\n<p>Die USA sind nicht bereit, wirtschaftliche Zugest\u00e4ndnisse oder andere Vereinbarungen mit Russland zu er\u00f6rtern, solange der milit\u00e4rische Konflikt in der Ukraine nicht zu Ende ist. Wie\u00a0die Nachrichtenagentur\u00a0<em>Reuters\u00a0<\/em>unter Berufung auf Quellen <a href=\"https:\/\/www.reuters.com\/world\/bessent-told-russian-finance-minister-no-economic-relief-until-ukraine-war-ends-2026-08-31\/\" target=\"_blank\" rel=\"noopener noreferrer\">berichtet<\/a>, wurde dies nach einem bilateralen Treffen zwischen US-Finanzminister Scott Bessent und dem russischen Finanzminister Anton Siluanow bekannt.<\/p>\n<p>Demnach unterbrach Bessent den russischen Finanzminister, als Siluanow versuchte, Bereiche gemeinsamer Interessen anzusprechen. Der US-Finanzminister sagte:\u00a0<\/p>\n<blockquote>\n<p><em>&#8222;Solange der Konflikt nicht beendet ist, ist nichts m\u00f6glich.&#8220;<\/em><\/p>\n<\/blockquote>\n<p>Das Treffen zwischen Bessent und Siluanow ereignete sich in der US-amerikanischen Stadt Asheville am Rande der G20-Sitzung. Ein Vertreter des US-Finanzministeriums habe das Treffen der <em>Financial Times<\/em>\u00a0<em>(FT)<\/em> zufolge als produktiv <a href=\"https:\/\/www.ft.com\/content\/16285abd-6bc2-4a38-942c-5206c79f4c4b?syn-25a6b1a6=1\" target=\"_blank\" rel=\"noopener noreferrer\">bezeichnet<\/a>. Im Mittelpunkt habe nach Angaben eines US-Beamten, der anonym bleiben wollte, der Friedensplan von Pr\u00e4sident Donald Trump f\u00fcr die Ukraine gestanden. Das russische Finanzministerium teilte zudem mit,\u00a0beide Seiten h\u00e4tten die Zusammenarbeit Russlands und der USA im Bereich Finanzen sowie im Rahmen der G20 besprochen.<\/p>\n<p>Siluanow habe erstmals seit gut vier Jahren\u00a0pers\u00f6nlich vor Ort am Treffen der Finanzminister und Zentralbankgouverneure der G20 teilgenommen, was f\u00fcr gro\u00dfen Unmut\u00a0unter den anderen Ministern gesorgt habe.\u00a0Informationen der <em>FT<\/em>\u00a0zufolge wurde sogar das\u00a0&#8222;Familienfoto&#8220; ohne den russischen Finanzminister aufgenommen, da sich mehrere hochrangige europ\u00e4ische Vertreter geweigert h\u00e4tten,\u00a0ein gemeinsames Foto mit dem russischen Minister machen zu lassen.\u00a0<\/p>\n<p><em>Reuters<\/em> zufolge habe Bundesfinanzminister Lars Klingbeil bei dem G20-Treffen erkl\u00e4rt, die Anwesenheit Siluanows habe ein &#8222;irritierendes&#8220; Signal gesendet. Klingbeil sagte, er h\u00e4tte sich von US-amerikanischer Seite eine\u00a0deutlichere Erkl\u00e4rung dazu gew\u00fcnscht, dass Siluanow nicht wie ein normaler Gast zu empfangen\u00a0sei.<\/p>\n<p><strong>Mehr zum Thema<\/strong>\u00a0\u2013 <a target=\"_blank\" rel=\"noopener noreferrer\" href=\"https:\/\/de-rtnews.com\/international\/290271-medien-finanzminister-russlands-und-usa\/\">Medien: Finanzminister Russlands und der USA treffen sich am Rande des G20-Gipfels<\/a><\/p>\n<div class=\"EmbedBlock-root EmbedBlock-externalVideo EmbedBlock-rumble\">\n<div class=\"VkEmbed\"><iframe class=\"lazyload\" data-src=\"https:\/\/rumble.com\/embed\/v6qmb1n\" frameborder=\"0\" width=\"853\" height=\"480\" allowfullscreen><\/iframe><\/div>\n<\/p><\/div>\n<\/div>","protected":false},"excerpt":{"rendered":"<p>Die USA sind nicht bereit, wirtschaftliche Zugest\u00e4ndnisse oder andere Vereinbarungen mit Russland zu er\u00f6rtern, solange der milit\u00e4rische Konflikt in der Ukraine nicht zu Ende ist. Wie\u00a0die Nachrichtenagentur\u00a0Reuters\u00a0unter Berufung auf Quellen berichtet, wurde dies nach einem bilateralen Treffen zwischen US-Finanzminister Scott Bessent und dem russischen Finanzminister Anton Siluanow bekannt. Demnach unterbrach Bessent den russischen Finanzminister, als [&hellip;]<\/p>\n","protected":false},"author":1,"featured_media":4846,"comment_status":"closed","ping_status":"closed","sticky":false,"template":"","format":"standard","meta":{"_gspb_post_css":"","_uag_custom_page_level_css":"","fifu_image_url":"","fifu_image_alt":"","footnotes":""},"categories":[5],"tags":[],"class_list":["post-20421","post","type-post","status-publish","format-standard","has-post-thumbnail","hentry","category-politik"],"blocksy_meta":{"styles_descriptor":{"styles":{"desktop":"","tablet":"","mobile":""},"google_fonts":[],"version":7}},"uagb_featured_image_src":{"full":["https:\/\/mleexelnfod5.i.optimole.com\/w:auto\/h:auto\/q:mauto\/f:best\/https:\/\/i2.wp.com\/meiser-tv.de\/wp-content\/uploads\/2026\/05\/RSS-Hintergrund.jpg?w=1920&fit=1920,1080&ssl=1",1920,1080,true],"thumbnail":["https:\/\/mleexelnfod5.i.optimole.com\/w:auto\/h:auto\/q:mauto\/f:best\/https:\/\/i2.wp.com\/meiser-tv.de\/wp-content\/uploads\/2026\/05\/RSS-Hintergrund.jpg?w=150&resize=150,150&ssl=1",150,150,true],"medium":["https:\/\/mleexelnfod5.i.optimole.com\/w:auto\/h:auto\/q:mauto\/f:best\/https:\/\/i2.wp.com\/meiser-tv.de\/wp-content\/uploads\/2026\/05\/RSS-Hintergrund.jpg?w=300&fit=300,300&ssl=1",300,300,true],"medium_large":["https:\/\/mleexelnfod5.i.optimole.com\/w:auto\/h:auto\/q:mauto\/f:best\/https:\/\/i2.wp.com\/meiser-tv.de\/wp-content\/uploads\/2026\/05\/RSS-Hintergrund.jpg?w=768&resize=768,0&ssl=1",768,0,true],"large":["https:\/\/mleexelnfod5.i.optimole.com\/w:auto\/h:auto\/q:mauto\/f:best\/https:\/\/i2.wp.com\/meiser-tv.de\/wp-content\/uploads\/2026\/05\/RSS-Hintergrund.jpg?w=1024&fit=1024,1024&ssl=1",1024,1024,true],"1536x1536":["https:\/\/mleexelnfod5.i.optimole.com\/w:auto\/h:auto\/q:mauto\/f:best\/https:\/\/i2.wp.com\/meiser-tv.de\/wp-content\/uploads\/2026\/05\/RSS-Hintergrund.jpg?w=1536&fit=1536,1536&ssl=1",1536,1536,true],"2048x2048":["https:\/\/mleexelnfod5.i.optimole.com\/w:auto\/h:auto\/q:mauto\/f:best\/https:\/\/i2.wp.com\/meiser-tv.de\/wp-content\/uploads\/2026\/05\/RSS-Hintergrund.jpg?w=2048&fit=2048,2048&ssl=1",2048,2048,true],"trp-custom-language-flag":["https:\/\/mleexelnfod5.i.optimole.com\/w:auto\/h:auto\/q:mauto\/f:best\/https:\/\/i2.wp.com\/meiser-tv.de\/wp-content\/uploads\/2026\/05\/RSS-Hintergrund.jpg?w=18&fit=18,12&ssl=1",18,12,true]},"uagb_author_info":{"display_name":"admin","author_link":"https:\/\/meiser-tv.de\/en\/author\/admin\/"},"uagb_comment_info":0,"uagb_excerpt":"Die USA sind nicht bereit, wirtschaftliche Zugest\u00e4ndnisse oder andere Vereinbarungen mit Russland zu er\u00f6rtern, solange der milit\u00e4rische Konflikt in der Ukraine nicht zu Ende ist. Wie\u00a0die Nachrichtenagentur\u00a0Reuters\u00a0unter Berufung auf Quellen berichtet, wurde dies nach einem bilateralen Treffen zwischen US-Finanzminister Scott Bessent und dem russischen Finanzminister Anton Siluanow bekannt. Demnach unterbrach Bessent den russischen Finanzminister, als&hellip;","_links":{"self":[{"href":"https:\/\/meiser-tv.de\/en\/wp-json\/wp\/v2\/posts\/20421","targetHints":{"allow":["GET"]}}],"collection":[{"href":"https:\/\/meiser-tv.de\/en\/wp-json\/wp\/v2\/posts"}],"about":[{"href":"https:\/\/meiser-tv.de\/en\/wp-json\/wp\/v2\/types\/post"}],"author":[{"embeddable":true,"href":"https:\/\/meiser-tv.de\/en\/wp-json\/wp\/v2\/users\/1"}],"replies":[{"embeddable":true,"href":"https:\/\/meiser-tv.de\/en\/wp-json\/wp\/v2\/comments?post=20421"}],"version-history":[{"count":0,"href":"https:\/\/meiser-tv.de\/en\/wp-json\/wp\/v2\/posts\/20421\/revisions"}],"wp:featuredmedia":[{"embeddable":true,"href":"https:\/\/meiser-tv.de\/en\/wp-json\/wp\/v2\/media\/4846"}],"wp:attachment":[{"href":"https:\/\/meiser-tv.de\/en\/wp-json\/wp\/v2\/media?parent=20421"}],"wp:term":[{"taxonomy":"category","embeddable":true,"href":"https:\/\/meiser-tv.de\/en\/wp-json\/wp\/v2\/categories?post=20421"},{"taxonomy":"post_tag","embeddable":true,"href":"https:\/\/meiser-tv.de\/en\/wp-json\/wp\/v2\/tags?post=20421"}],"curies":[{"name":"wp","href":"https:\/\/api.w.org\/{rel}","templated":true}]}}