{"id":20422,"date":"2026-09-01T15:02:47","date_gmt":"2026-09-01T13:02:47","guid":{"rendered":"https:\/\/meiser-tv.de\/politik\/saarbruecken-wiederholung-der-stadtratswahl-sorgt-fuer-zweitplatzierte-afd-cdu-stuerzt-ab\/"},"modified":"2026-09-01T15:02:47","modified_gmt":"2026-09-01T13:02:47","slug":"saarbruecken-wiederholung-der-stadtratswahl-sorgt-fuer-zweitplatzierte-afd-cdu-stuerzt-ab","status":"publish","type":"post","link":"https:\/\/meiser-tv.de\/en\/politik\/saarbruecken-wiederholung-der-stadtratswahl-sorgt-fuer-zweitplatzierte-afd-cdu-stuerzt-ab\/","title":{"rendered":"Saarbr\u00fccken: Wiederholung der Stadtratswahl sorgt f\u00fcr Zweitplatzierte AfD \u2013 CDU st\u00fcrzt ab"},"content":{"rendered":"<div>\n<p>Die Stadtratswahl vom 9. Juni 2024 wurde vom saarl\u00e4ndischen Oberverwaltungsgericht\u00a0in Saarlouis f\u00fcr ung\u00fcltig erkl\u00e4rt, da laut Wahrnehmung der zust\u00e4ndigen Richter die AfD zu Unrecht von der Wahl ausgeschlossen worden war.\u00a0Das Landesverwaltungsamt wurde daher verpflichtet, eine Neuwahl f\u00fcr den 30. August 2026 anzuordnen. Am vergangenen Sonntag fuhr die AfD nun einen Erfolg ein, da\u00a0sie auf fast 23 Prozent der Stimmen kam und damit zweitst\u00e4rkste Kraft wurde. Die SPD gewann mit knapp 26 Prozent, die CDU landete mit rund 19 Prozent auf Platz 3.<\/p>\n<p>Bei der gerichtlich angeordneten Wiederholungswahl im Regionalverband Saarbr\u00fccken wurde die AfD mit genau 22,83 Prozent zweitst\u00e4rkste Kraft\u00a0in der Landeshauptstadt des Saarlandes.\u00a0Die SPD\u00a0sei laut <em>Saarbr\u00fccker Zeitung<\/em>\u00a0(Bezahlschranke) &#8222;mit einem blauen Auge davon gekommen&#8220; und gewann dabei die Wahl knapp mit 25,8 Prozent.<\/p>\n<p>Die CDU st\u00fcrzte gegen\u00fcber dem\u00a0<a href=\"https:\/\/www.saarbruecken.de\/media\/download-668d1aecbbd0f\" target=\"_blank\" rel=\"noopener noreferrer\">letzten Ergebnis<\/a> regelrecht ab und erreichte nur noch\u00a018,94 Prozent (2024: 28 Prozent). Die Gr\u00fcnen konnten\u00a012,6 und die Linke 9,0 Prozent f\u00fcr sich verbuchen.\u00a0Das BSW kam lediglich auf 3,6 und die FDP auf 4,9\u00a0Prozent Zustimmung.\u00a0<\/p>\n<p>Die Regionalversammlung, die einem Kreistag entspricht, z\u00e4hlt in Saarbr\u00fccken 45 Mitglieder.\u00a0Die AfD war dabei von 2019 bis 2024 mit vier Vertretern in\u00a0die Regionalversammlung gew\u00e4hlt worden.<\/p>\n<p>In der neuen Sitzverteilung erh\u00e4lt die SPD k\u00fcnftig zw\u00f6lf Sitze und stellt damit die st\u00e4rkste Fraktion. Die gr\u00f6\u00dften Verluste muss die CDU hinnehmen: Sie verliert insgesamt sechs Pl\u00e4tze und ist k\u00fcnftig mit neun Sitzen in der Versammlung vertreten. Die AfD kann nun mit\u00a0zehn besetzten Sitzen politisch planen.<\/p>\n<p>Die Wahlbeteiligung lag nach Ausz\u00e4hlung aller Stimmen bei rund 41 Prozent und war damit deutlich niedriger als bei der Wahl 2024. Damals\u00a0hatte sie bei knapp 60 Prozent gelegen.<\/p>\n<p>Wahlberechtigt bei der Wahl der Regionalverbandsversammlung waren laut Agenturmeldung &#8222;Deutsche und andere EU-B\u00fcrgerinnen und -B\u00fcrger, die seit mindestens drei Monaten in einer Kommune im Regionalverband wohnen.&#8220;<\/p>\n<p><strong>Mehr zum Thema <\/strong>\u2013\u00a0<a href=\"https:\/\/de-rtnews.com\/inland\/281089-deutschland-enormer-anstieg-bei-einbuergerungen\/\" target=\"_blank\" rel=\"noopener noreferrer\">Deutschland: Enormer Anstieg bei Einb\u00fcrgerungen <\/a><\/p>\n<div class=\"EmbedBlock-root EmbedBlock-externalVideo EmbedBlock-rumble\">\n<div class=\"VkEmbed\"><iframe class=\"lazyload\" data-src=\"https:\/\/rumble.com\/embed\/v7cq3tc\" frameborder=\"0\" width=\"853\" height=\"480\" allowfullscreen><\/iframe><\/div>\n<\/p><\/div>\n<\/p>\n<\/div>","protected":false},"excerpt":{"rendered":"<p>Die Stadtratswahl vom 9. Juni 2024 wurde vom saarl\u00e4ndischen Oberverwaltungsgericht\u00a0in Saarlouis f\u00fcr ung\u00fcltig erkl\u00e4rt, da laut Wahrnehmung der zust\u00e4ndigen Richter die AfD zu Unrecht von der Wahl ausgeschlossen worden war.\u00a0Das Landesverwaltungsamt wurde daher verpflichtet, eine Neuwahl f\u00fcr den 30. August 2026 anzuordnen. Am vergangenen Sonntag fuhr die AfD nun einen Erfolg ein, da\u00a0sie auf fast [&hellip;]<\/p>\n","protected":false},"author":1,"featured_media":4846,"comment_status":"closed","ping_status":"closed","sticky":false,"template":"","format":"standard","meta":{"_gspb_post_css":"","_uag_custom_page_level_css":"","fifu_image_url":"","fifu_image_alt":"","footnotes":""},"categories":[5],"tags":[],"class_list":["post-20422","post","type-post","status-publish","format-standard","has-post-thumbnail","hentry","category-politik"],"blocksy_meta":{"styles_descriptor":{"styles":{"desktop":"","tablet":"","mobile":""},"google_fonts":[],"version":7}},"uagb_featured_image_src":{"full":["https:\/\/mleexelnfod5.i.optimole.com\/w:auto\/h:auto\/q:mauto\/f:best\/https:\/\/i2.wp.com\/meiser-tv.de\/wp-content\/uploads\/2026\/05\/RSS-Hintergrund.jpg?w=1920&fit=1920,1080&ssl=1",1920,1080,true],"thumbnail":["https:\/\/mleexelnfod5.i.optimole.com\/w:auto\/h:auto\/q:mauto\/f:best\/https:\/\/i2.wp.com\/meiser-tv.de\/wp-content\/uploads\/2026\/05\/RSS-Hintergrund.jpg?w=150&resize=150,150&ssl=1",150,150,true],"medium":["https:\/\/mleexelnfod5.i.optimole.com\/w:auto\/h:auto\/q:mauto\/f:best\/https:\/\/i2.wp.com\/meiser-tv.de\/wp-content\/uploads\/2026\/05\/RSS-Hintergrund.jpg?w=300&fit=300,300&ssl=1",300,300,true],"medium_large":["https:\/\/mleexelnfod5.i.optimole.com\/w:auto\/h:auto\/q:mauto\/f:best\/https:\/\/i2.wp.com\/meiser-tv.de\/wp-content\/uploads\/2026\/05\/RSS-Hintergrund.jpg?w=768&resize=768,0&ssl=1",768,0,true],"large":["https:\/\/mleexelnfod5.i.optimole.com\/w:auto\/h:auto\/q:mauto\/f:best\/https:\/\/i2.wp.com\/meiser-tv.de\/wp-content\/uploads\/2026\/05\/RSS-Hintergrund.jpg?w=1024&fit=1024,1024&ssl=1",1024,1024,true],"1536x1536":["https:\/\/mleexelnfod5.i.optimole.com\/w:auto\/h:auto\/q:mauto\/f:best\/https:\/\/i2.wp.com\/meiser-tv.de\/wp-content\/uploads\/2026\/05\/RSS-Hintergrund.jpg?w=1536&fit=1536,1536&ssl=1",1536,1536,true],"2048x2048":["https:\/\/mleexelnfod5.i.optimole.com\/w:auto\/h:auto\/q:mauto\/f:best\/https:\/\/i2.wp.com\/meiser-tv.de\/wp-content\/uploads\/2026\/05\/RSS-Hintergrund.jpg?w=2048&fit=2048,2048&ssl=1",2048,2048,true],"trp-custom-language-flag":["https:\/\/mleexelnfod5.i.optimole.com\/w:auto\/h:auto\/q:mauto\/f:best\/https:\/\/i2.wp.com\/meiser-tv.de\/wp-content\/uploads\/2026\/05\/RSS-Hintergrund.jpg?w=18&fit=18,12&ssl=1",18,12,true]},"uagb_author_info":{"display_name":"admin","author_link":"https:\/\/meiser-tv.de\/en\/author\/admin\/"},"uagb_comment_info":0,"uagb_excerpt":"Die Stadtratswahl vom 9. Juni 2024 wurde vom saarl\u00e4ndischen Oberverwaltungsgericht\u00a0in Saarlouis f\u00fcr ung\u00fcltig erkl\u00e4rt, da laut Wahrnehmung der zust\u00e4ndigen Richter die AfD zu Unrecht von der Wahl ausgeschlossen worden war.\u00a0Das Landesverwaltungsamt wurde daher verpflichtet, eine Neuwahl f\u00fcr den 30. August 2026 anzuordnen. Am vergangenen Sonntag fuhr die AfD nun einen Erfolg ein, da\u00a0sie auf fast&hellip;","_links":{"self":[{"href":"https:\/\/meiser-tv.de\/en\/wp-json\/wp\/v2\/posts\/20422","targetHints":{"allow":["GET"]}}],"collection":[{"href":"https:\/\/meiser-tv.de\/en\/wp-json\/wp\/v2\/posts"}],"about":[{"href":"https:\/\/meiser-tv.de\/en\/wp-json\/wp\/v2\/types\/post"}],"author":[{"embeddable":true,"href":"https:\/\/meiser-tv.de\/en\/wp-json\/wp\/v2\/users\/1"}],"replies":[{"embeddable":true,"href":"https:\/\/meiser-tv.de\/en\/wp-json\/wp\/v2\/comments?post=20422"}],"version-history":[{"count":0,"href":"https:\/\/meiser-tv.de\/en\/wp-json\/wp\/v2\/posts\/20422\/revisions"}],"wp:featuredmedia":[{"embeddable":true,"href":"https:\/\/meiser-tv.de\/en\/wp-json\/wp\/v2\/media\/4846"}],"wp:attachment":[{"href":"https:\/\/meiser-tv.de\/en\/wp-json\/wp\/v2\/media?parent=20422"}],"wp:term":[{"taxonomy":"category","embeddable":true,"href":"https:\/\/meiser-tv.de\/en\/wp-json\/wp\/v2\/categories?post=20422"},{"taxonomy":"post_tag","embeddable":true,"href":"https:\/\/meiser-tv.de\/en\/wp-json\/wp\/v2\/tags?post=20422"}],"curies":[{"name":"wp","href":"https:\/\/api.w.org\/{rel}","templated":true}]}}