{"id":20424,"date":"2026-09-01T15:02:48","date_gmt":"2026-09-01T13:02:48","guid":{"rendered":"https:\/\/meiser-tv.de\/politik\/russische-gasexporte-ueber-turkstream-nach-europa-gestiegen\/"},"modified":"2026-09-01T15:02:48","modified_gmt":"2026-09-01T13:02:48","slug":"russische-gasexporte-ueber-turkstream-nach-europa-gestiegen","status":"publish","type":"post","link":"https:\/\/meiser-tv.de\/en\/politik\/russische-gasexporte-ueber-turkstream-nach-europa-gestiegen\/","title":{"rendered":"Russische Gasexporte \u00fcber Turkstream nach Europa gestiegen"},"content":{"rendered":"<div>\n<p>Von Januar bis August hat Russland seine Erdgasexporte \u00fcber die T\u00fcrkei nach Europa gesteigert. Wie die Nachrichtenagentur <em>TASS<\/em> mit Verweis auf den Verband Europ\u00e4ischer Fernleitungsnetzbetreiber f\u00fcr Gas (ENTSOG) berichtete, nahmen die Lieferungen \u00fcber die Pipeline Turkstream um 3,4 Prozent zu und erreichten 11,9 Milliarden Kubikmeter.<\/p>\n<p>Die durchschnittlichen Gaslieferungen \u00fcber Turkstream stiegen im August auf 51,9 Millionen Kubikmeter pro Tag. Das waren 3 Prozent mehr als im Vorjahresmonat und 6,5 Prozent mehr als im Juli 2026. Somit war die Pipeline im vergangenen Monat zu 91 Prozent ausgelastet.<\/p>\n<p>Die Gaspipeline Turkstream verl\u00e4uft von Russland durch das Schwarze Meer in die T\u00fcrkei und hat eine Kapazit\u00e4t von 31,5 Milliarden Kubikmetern. Die Leitung dient der Versorgung der T\u00fcrkei sowie von L\u00e4ndern in S\u00fcd- und S\u00fcdosteuropa. Nach dem Ausbruch des Ukraine-Konflikts bleibt Turkstream die letzte aktive Route f\u00fcr russische Gaslieferungen nach Europa.<\/p>\n<p>Zuvor hatte <em>TASS<\/em> ebenfalls unter Berufung auf ENTSOG mitgeteilt, dass die Gaslieferungen \u00fcber Turkstream nach Europa im Jahr 2025 um 8,3 Prozent auf einen Rekordwert von 18,1 Milliarden Kubikmetern stiegen. Auch die russischen Lieferungen in die T\u00fcrkei nahmen zu, sowohl \u00fcber Turkstream als auch \u00fcber Blue Stream.<\/p>\n<p><strong>Mehr zum Thema<\/strong> \u2013 <a target=\"_blank\" rel=\"noopener noreferrer\" href=\"https:\/\/de-rtnews.com\/europa\/288003-tuerkischer-energieminister-europa-verlangt-lieferung-von-gas-mit-nachweis-herkunft\/\">T\u00fcrkischer Energieminister: Europa verlangt Lieferung von Gas mit Nachweis seiner Herkunft<\/a><\/p>\n<div class=\"EmbedBlock-root EmbedBlock-externalVideo EmbedBlock-rumble\">\n<div class=\"VkEmbed\"><iframe class=\"lazyload\" data-src=\"https:\/\/rumble.com\/embed\/v7c2nbc\" frameborder=\"0\" width=\"853\" height=\"480\" allowfullscreen><\/iframe><\/div>\n<\/p><\/div>\n<\/p>\n<\/div>","protected":false},"excerpt":{"rendered":"<p>Von Januar bis August hat Russland seine Erdgasexporte \u00fcber die T\u00fcrkei nach Europa gesteigert. Wie die Nachrichtenagentur TASS mit Verweis auf den Verband Europ\u00e4ischer Fernleitungsnetzbetreiber f\u00fcr Gas (ENTSOG) berichtete, nahmen die Lieferungen \u00fcber die Pipeline Turkstream um 3,4 Prozent zu und erreichten 11,9 Milliarden Kubikmeter. Die durchschnittlichen Gaslieferungen \u00fcber Turkstream stiegen im August auf 51,9 [&hellip;]<\/p>\n","protected":false},"author":1,"featured_media":4846,"comment_status":"closed","ping_status":"closed","sticky":false,"template":"","format":"standard","meta":{"_gspb_post_css":"","_uag_custom_page_level_css":"","fifu_image_url":"","fifu_image_alt":"","footnotes":""},"categories":[5],"tags":[],"class_list":["post-20424","post","type-post","status-publish","format-standard","has-post-thumbnail","hentry","category-politik"],"blocksy_meta":{"styles_descriptor":{"styles":{"desktop":"","tablet":"","mobile":""},"google_fonts":[],"version":7}},"uagb_featured_image_src":{"full":["https:\/\/mleexelnfod5.i.optimole.com\/w:auto\/h:auto\/q:mauto\/f:best\/https:\/\/i2.wp.com\/meiser-tv.de\/wp-content\/uploads\/2026\/05\/RSS-Hintergrund.jpg?w=1920&fit=1920,1080&ssl=1",1920,1080,true],"thumbnail":["https:\/\/mleexelnfod5.i.optimole.com\/w:auto\/h:auto\/q:mauto\/f:best\/https:\/\/i2.wp.com\/meiser-tv.de\/wp-content\/uploads\/2026\/05\/RSS-Hintergrund.jpg?w=150&resize=150,150&ssl=1",150,150,true],"medium":["https:\/\/mleexelnfod5.i.optimole.com\/w:auto\/h:auto\/q:mauto\/f:best\/https:\/\/i2.wp.com\/meiser-tv.de\/wp-content\/uploads\/2026\/05\/RSS-Hintergrund.jpg?w=300&fit=300,300&ssl=1",300,300,true],"medium_large":["https:\/\/mleexelnfod5.i.optimole.com\/w:auto\/h:auto\/q:mauto\/f:best\/https:\/\/i2.wp.com\/meiser-tv.de\/wp-content\/uploads\/2026\/05\/RSS-Hintergrund.jpg?w=768&resize=768,0&ssl=1",768,0,true],"large":["https:\/\/mleexelnfod5.i.optimole.com\/w:auto\/h:auto\/q:mauto\/f:best\/https:\/\/i2.wp.com\/meiser-tv.de\/wp-content\/uploads\/2026\/05\/RSS-Hintergrund.jpg?w=1024&fit=1024,1024&ssl=1",1024,1024,true],"1536x1536":["https:\/\/mleexelnfod5.i.optimole.com\/w:auto\/h:auto\/q:mauto\/f:best\/https:\/\/i2.wp.com\/meiser-tv.de\/wp-content\/uploads\/2026\/05\/RSS-Hintergrund.jpg?w=1536&fit=1536,1536&ssl=1",1536,1536,true],"2048x2048":["https:\/\/mleexelnfod5.i.optimole.com\/w:auto\/h:auto\/q:mauto\/f:best\/https:\/\/i2.wp.com\/meiser-tv.de\/wp-content\/uploads\/2026\/05\/RSS-Hintergrund.jpg?w=2048&fit=2048,2048&ssl=1",2048,2048,true],"trp-custom-language-flag":["https:\/\/mleexelnfod5.i.optimole.com\/w:auto\/h:auto\/q:mauto\/f:best\/https:\/\/i2.wp.com\/meiser-tv.de\/wp-content\/uploads\/2026\/05\/RSS-Hintergrund.jpg?w=18&fit=18,12&ssl=1",18,12,true]},"uagb_author_info":{"display_name":"admin","author_link":"https:\/\/meiser-tv.de\/en\/author\/admin\/"},"uagb_comment_info":0,"uagb_excerpt":"Von Januar bis August hat Russland seine Erdgasexporte \u00fcber die T\u00fcrkei nach Europa gesteigert. Wie die Nachrichtenagentur TASS mit Verweis auf den Verband Europ\u00e4ischer Fernleitungsnetzbetreiber f\u00fcr Gas (ENTSOG) berichtete, nahmen die Lieferungen \u00fcber die Pipeline Turkstream um 3,4 Prozent zu und erreichten 11,9 Milliarden Kubikmeter. Die durchschnittlichen Gaslieferungen \u00fcber Turkstream stiegen im August auf 51,9&hellip;","_links":{"self":[{"href":"https:\/\/meiser-tv.de\/en\/wp-json\/wp\/v2\/posts\/20424","targetHints":{"allow":["GET"]}}],"collection":[{"href":"https:\/\/meiser-tv.de\/en\/wp-json\/wp\/v2\/posts"}],"about":[{"href":"https:\/\/meiser-tv.de\/en\/wp-json\/wp\/v2\/types\/post"}],"author":[{"embeddable":true,"href":"https:\/\/meiser-tv.de\/en\/wp-json\/wp\/v2\/users\/1"}],"replies":[{"embeddable":true,"href":"https:\/\/meiser-tv.de\/en\/wp-json\/wp\/v2\/comments?post=20424"}],"version-history":[{"count":0,"href":"https:\/\/meiser-tv.de\/en\/wp-json\/wp\/v2\/posts\/20424\/revisions"}],"wp:featuredmedia":[{"embeddable":true,"href":"https:\/\/meiser-tv.de\/en\/wp-json\/wp\/v2\/media\/4846"}],"wp:attachment":[{"href":"https:\/\/meiser-tv.de\/en\/wp-json\/wp\/v2\/media?parent=20424"}],"wp:term":[{"taxonomy":"category","embeddable":true,"href":"https:\/\/meiser-tv.de\/en\/wp-json\/wp\/v2\/categories?post=20424"},{"taxonomy":"post_tag","embeddable":true,"href":"https:\/\/meiser-tv.de\/en\/wp-json\/wp\/v2\/tags?post=20424"}],"curies":[{"name":"wp","href":"https:\/\/api.w.org\/{rel}","templated":true}]}}