{"id":20425,"date":"2026-09-01T15:02:48","date_gmt":"2026-09-01T13:02:48","guid":{"rendered":"https:\/\/meiser-tv.de\/politik\/medien-einigung-in-den-kommenden-wochen-zwischen-volkswagen-und-israelischem-ruestungskonzern\/"},"modified":"2026-09-01T15:02:48","modified_gmt":"2026-09-01T13:02:48","slug":"medien-einigung-in-den-kommenden-wochen-zwischen-volkswagen-und-israelischem-ruestungskonzern","status":"publish","type":"post","link":"https:\/\/meiser-tv.de\/en\/politik\/medien-einigung-in-den-kommenden-wochen-zwischen-volkswagen-und-israelischem-ruestungskonzern\/","title":{"rendered":"Medien: Einigung &#8222;in den kommenden Wochen&#8220; zwischen Volkswagen und israelischem R\u00fcstungskonzern"},"content":{"rendered":"<div>\n<p>Der katarische Staatsfonds Qatar Investment Authority (QIA), einer der gr\u00f6\u00dften Aktion\u00e4re von Volkswagen, \u00e4u\u00dferte unmissverst\u00e4ndliche Kritik und Ablehnung\u00a0gegen den geplanten Verkauf des VW-Werks in Osnabr\u00fcck an den israelischen R\u00fcstungskonzern Rafael. Hintergrund sind demnach Bedenken des Anteilseigners, dass an dem Standort zuk\u00fcnftig R\u00fcstungsg\u00fcter oder Komponenten\u00a0f\u00fcr das Raketenabwehrsystem Iron Dome in Niedersachsen produziert werden. Das US-Portal <em>Bloomberg<\/em> berichtet nun \u00fcber eine m\u00f6gliche Einigung noch vor den kommenden Landtagswahlen am 9. Oktober.<\/p>\n<p>Im Volkswagen-Werk in Osnabr\u00fcck k\u00f6nnte bald f\u00fcr die R\u00fcstungsindustrie produziert werden, so die mediale <a href=\"https:\/\/www.ndr.de\/nachrichten\/niedersachsen\/osnabrueck_emsland\/bald-ruestungsproduktion-in-vw-werk-plaene-werden-konkreter,vw-osnabrueck-102.html\" target=\"_blank\" rel=\"noopener noreferrer\">Best\u00e4tigung<\/a> des <em>NDR<\/em>\u00a0in der Vorwoche zu den Inhalten eines\u00a0<em>Bloomberg<\/em>&#8211;<a href=\"https:\/\/www.bloomberg.com\/news\/articles\/2026-08-28\/vw-rafael-revive-talks-to-produce-iron-dome-parts-in-germany\" target=\"_blank\" rel=\"noopener noreferrer\">Artikels<\/a> (Bezahlschranke), laut dem das verantwortliche Bundesland Niedersachsen und das israelische Unternehmen Rafael Advanced Defense Systems &#8222;kurz vor dem Abschluss einer Vereinbarung \u00fcber die Produktion von milit\u00e4rischer Ausr\u00fcstung im Werk des Automobilherstellers in Osnabr\u00fcck stehen&#8220;.<\/p>\n<p>Entsprechende Anzeichen w\u00fcrden sich dabei verdichten, da\u00a0den\u00a0Informationen\u00a0zufolge &#8222;ein neues Datum im Raum&#8220; st\u00fcnde. Ungenannten <em>Bloomberg<\/em>-Quellen nach k\u00f6nnte bereits in den kommenden Wochen &#8222;eine Einigung erzielt werden&#8220;, wie aus Kreisen verlautete, die mit der Angelegenheit vertraut sind. Bezugnehmende Gespr\u00e4che seien noch im Gange, wobei die finale &#8222;Einigung noch nicht sicher sei&#8220;, so die anonymen Quellen.<\/p>\n<p>Nach der aktuellen <a href=\"https:\/\/www.volkswagen-group.com\/de\/aktionaersstruktur-15951?utm_source\" target=\"_blank\" rel=\"noopener noreferrer\">Aktion\u00e4rsstruktur<\/a> zum 31. Dezember 2025 h\u00e4lt die &#8222;Qatar-Holding&#8220; 17,0 Prozent der VW-Stimmrechte. Das Land Niedersachsen 20 und Hauptanteilseigner Porsche 53,3 Prozent am Unternehmen Volkswagen.<\/p>\n<p>Nach\u00a0soweit bekannten Informationen\u00a0will der israelische Konzern &#8222;Teile f\u00fcr das Luftverteidigungssystem &#8218;<a href=\"https:\/\/de-rtnews.com\/kurzclips\/video\/189414-israelis-suchen-schutz-iron-dome\/\" target=\"_blank\" rel=\"noopener noreferrer\">Iron Dome<\/a>&#8218;&#8220;\u00a0in Osnabr\u00fcck bauen lassen. Um welche Komponenten es sich dabei genau handeln soll, &#8222;mit welcher Summe sich das Land beteiligen will und wie viele der mehr als 2.000 Arbeitspl\u00e4tze in Osnabr\u00fcck damit gesichert werden k\u00f6nnten&#8220;, ist dabei weiterhin &#8222;aktuell unklar&#8220;, so der <em>NDR<\/em> darlegend.<\/p>\n<p>Laut <em>Bloomberg<\/em>-Artikel\u00a0gehe es bei den j\u00fcngsten Konsultationen &#8222;um schwere Lastwagen zum Transport der Raketen, Abschussvorrichtungen, Stromgeneratoren und weitere Unterst\u00fctzungsausr\u00fcstung f\u00fcr das Luftverteidigungssystem&#8220;, die seitens der VW-Mitarbeiter produziert werden.<\/p>\n<p>Hinsichtlich der Kritik des katarischen Gro\u00dfaktion\u00e4rs laute eine der nun in Betracht gezogenen Optionen, dass Volkswagen &#8222;Teile des Standorts Osnabr\u00fcck nach Niedersachsen verlagern k\u00f6nnte, wo dann ein Joint Venture mit Rafael gegr\u00fcndet w\u00fcrde&#8220;, so einer der <em>Bloomberg<\/em>-Informanten. In diesem skizzierten Szenario w\u00fcrde dann das Unternehmen nicht direkt mit dem staatlichen israelischen R\u00fcstungskonzern zusammenarbeiten. Eine bis dato theoretische L\u00f6sungsvariante, &#8222;die den Bedenken des katarischen Staatsfonds Rechnung tragen w\u00fcrde&#8220;.<\/p>\n<p>Wie die <em>Bild<\/em>-Zeitung (Bezahlschranke) am vergangenen Freitag unter Berufung auf den\u00a0<em>Bloomberg<\/em>-Artikel berichtete, k\u00f6nnte nun bereits im September &#8222;demnach eine entsprechende Vereinbarung unterzeichnet werden&#8220;. Ein wichtiges Datum sei dabei der 4. September, da an dem kommenden Freitag laut <em>Bild<\/em>-Informationen der Volkswagen-Aufsichtsrat zusammenkommt. Bei der Sitzung &#8222;soll auch die Zukunft des Osnabr\u00fccker Standorts und die m\u00f6gliche Zusammenarbeit mit Rafael eine Rolle spielen&#8220;.<\/p>\n<p>Die <em>Financial Times<\/em> (Bezahlschranke) <a href=\"https:\/\/www.ft.com\/content\/1e41e6db-792f-4f60-b567-adb6458fb072?syn-25a6b1a6=1\" target=\"_blank\" rel=\"noopener noreferrer\">berichtete<\/a> bereits am 24. M\u00e4rz dieses Jahres,\u00a0dass mit dem anvisierten Israel-Deal &#8222;alle 2.300 Arbeitspl\u00e4tze in dem von der Schlie\u00dfung bedrohten Werk in Niedersachsen gerettet werden sollen&#8220;. Die entsprechende Produktion k\u00f6nne dabei laut Volkswagen &#8222;innerhalb von 12 bis 18 Monaten anlaufen&#8220;, die Bundesregierung in Berlin unterst\u00fctze\u00a0des\u00a0<em>FT<\/em>-Artikels zufolge &#8222;das Vorhaben aktiv&#8220;.\u00a0<\/p>\n<p>Entsprechende\u00a0Mutma\u00dfungen lauten aktuell, dass, sollte der VW-Aufsichtsrat zeitnah final gr\u00fcnes Licht geben, die damit anschlie\u00dfend verbundenen notwendigen Schritte &#8222;schnell erfolgen, w\u00e4re sogar eine Unterzeichnung noch vor der Kommunal- und Oberb\u00fcrgermeisterwahl in Osnabr\u00fcck am 13. September denkbar&#8220;.<\/p>\n<p>Die Fahrzeugproduktion im fr\u00fcheren Werk des Kleinserien-Autobauers Karmann in Osnabr\u00fcck soll im Rahmen eines Sparplans im kommenden Jahr komplett auslaufen und beendet werden.<\/p>\n<p><strong>Mehr zum Thema \u2013<\/strong>\u00a0<a href=\"https:\/\/de-rt.com\/inland\/286034-keine-waffen-fuer-voelkermord-widerstand\/\" target=\"_blank\" rel=\"noopener noreferrer\">&#8222;Keine Waffen f\u00fcr V\u00f6lkermord&#8220; \u2013 Widerstand gegen Elbit-Expansion nach Sachsen-Anhalt <\/a><\/p>\n<div class=\"EmbedBlock-root EmbedBlock-externalVideo EmbedBlock-rumble\">\n<div class=\"VkEmbed\"><iframe class=\"lazyload\" data-src=\"https:\/\/rumble.com\/embed\/v7ahvic\" frameborder=\"0\" width=\"853\" height=\"480\" allowfullscreen><\/iframe><\/div>\n<\/p><\/div>\n<\/p>\n<\/div>","protected":false},"excerpt":{"rendered":"<p>Der katarische Staatsfonds Qatar Investment Authority (QIA), einer der gr\u00f6\u00dften Aktion\u00e4re von Volkswagen, \u00e4u\u00dferte unmissverst\u00e4ndliche Kritik und Ablehnung\u00a0gegen den geplanten Verkauf des VW-Werks in Osnabr\u00fcck an den israelischen R\u00fcstungskonzern Rafael. Hintergrund sind demnach Bedenken des Anteilseigners, dass an dem Standort zuk\u00fcnftig R\u00fcstungsg\u00fcter oder Komponenten\u00a0f\u00fcr das Raketenabwehrsystem Iron Dome in Niedersachsen produziert werden. Das US-Portal Bloomberg [&hellip;]<\/p>\n","protected":false},"author":1,"featured_media":4846,"comment_status":"closed","ping_status":"closed","sticky":false,"template":"","format":"standard","meta":{"_gspb_post_css":"","_uag_custom_page_level_css":"","fifu_image_url":"","fifu_image_alt":"","footnotes":""},"categories":[5],"tags":[],"class_list":["post-20425","post","type-post","status-publish","format-standard","has-post-thumbnail","hentry","category-politik"],"blocksy_meta":{"styles_descriptor":{"styles":{"desktop":"","tablet":"","mobile":""},"google_fonts":[],"version":7}},"uagb_featured_image_src":{"full":["https:\/\/mleexelnfod5.i.optimole.com\/w:auto\/h:auto\/q:mauto\/f:best\/https:\/\/i2.wp.com\/meiser-tv.de\/wp-content\/uploads\/2026\/05\/RSS-Hintergrund.jpg?w=1920&fit=1920,1080&ssl=1",1920,1080,true],"thumbnail":["https:\/\/mleexelnfod5.i.optimole.com\/w:auto\/h:auto\/q:mauto\/f:best\/https:\/\/i2.wp.com\/meiser-tv.de\/wp-content\/uploads\/2026\/05\/RSS-Hintergrund.jpg?w=150&resize=150,150&ssl=1",150,150,true],"medium":["https:\/\/mleexelnfod5.i.optimole.com\/w:auto\/h:auto\/q:mauto\/f:best\/https:\/\/i2.wp.com\/meiser-tv.de\/wp-content\/uploads\/2026\/05\/RSS-Hintergrund.jpg?w=300&fit=300,300&ssl=1",300,300,true],"medium_large":["https:\/\/mleexelnfod5.i.optimole.com\/w:auto\/h:auto\/q:mauto\/f:best\/https:\/\/i2.wp.com\/meiser-tv.de\/wp-content\/uploads\/2026\/05\/RSS-Hintergrund.jpg?w=768&resize=768,0&ssl=1",768,0,true],"large":["https:\/\/mleexelnfod5.i.optimole.com\/w:auto\/h:auto\/q:mauto\/f:best\/https:\/\/i2.wp.com\/meiser-tv.de\/wp-content\/uploads\/2026\/05\/RSS-Hintergrund.jpg?w=1024&fit=1024,1024&ssl=1",1024,1024,true],"1536x1536":["https:\/\/mleexelnfod5.i.optimole.com\/w:auto\/h:auto\/q:mauto\/f:best\/https:\/\/i2.wp.com\/meiser-tv.de\/wp-content\/uploads\/2026\/05\/RSS-Hintergrund.jpg?w=1536&fit=1536,1536&ssl=1",1536,1536,true],"2048x2048":["https:\/\/mleexelnfod5.i.optimole.com\/w:auto\/h:auto\/q:mauto\/f:best\/https:\/\/i2.wp.com\/meiser-tv.de\/wp-content\/uploads\/2026\/05\/RSS-Hintergrund.jpg?w=2048&fit=2048,2048&ssl=1",2048,2048,true],"trp-custom-language-flag":["https:\/\/mleexelnfod5.i.optimole.com\/w:auto\/h:auto\/q:mauto\/f:best\/https:\/\/i2.wp.com\/meiser-tv.de\/wp-content\/uploads\/2026\/05\/RSS-Hintergrund.jpg?w=18&fit=18,12&ssl=1",18,12,true]},"uagb_author_info":{"display_name":"admin","author_link":"https:\/\/meiser-tv.de\/en\/author\/admin\/"},"uagb_comment_info":0,"uagb_excerpt":"Der katarische Staatsfonds Qatar Investment Authority (QIA), einer der gr\u00f6\u00dften Aktion\u00e4re von Volkswagen, \u00e4u\u00dferte unmissverst\u00e4ndliche Kritik und Ablehnung\u00a0gegen den geplanten Verkauf des VW-Werks in Osnabr\u00fcck an den israelischen R\u00fcstungskonzern Rafael. Hintergrund sind demnach Bedenken des Anteilseigners, dass an dem Standort zuk\u00fcnftig R\u00fcstungsg\u00fcter oder Komponenten\u00a0f\u00fcr das Raketenabwehrsystem Iron Dome in Niedersachsen produziert werden. Das US-Portal Bloomberg&hellip;","_links":{"self":[{"href":"https:\/\/meiser-tv.de\/en\/wp-json\/wp\/v2\/posts\/20425","targetHints":{"allow":["GET"]}}],"collection":[{"href":"https:\/\/meiser-tv.de\/en\/wp-json\/wp\/v2\/posts"}],"about":[{"href":"https:\/\/meiser-tv.de\/en\/wp-json\/wp\/v2\/types\/post"}],"author":[{"embeddable":true,"href":"https:\/\/meiser-tv.de\/en\/wp-json\/wp\/v2\/users\/1"}],"replies":[{"embeddable":true,"href":"https:\/\/meiser-tv.de\/en\/wp-json\/wp\/v2\/comments?post=20425"}],"version-history":[{"count":0,"href":"https:\/\/meiser-tv.de\/en\/wp-json\/wp\/v2\/posts\/20425\/revisions"}],"wp:featuredmedia":[{"embeddable":true,"href":"https:\/\/meiser-tv.de\/en\/wp-json\/wp\/v2\/media\/4846"}],"wp:attachment":[{"href":"https:\/\/meiser-tv.de\/en\/wp-json\/wp\/v2\/media?parent=20425"}],"wp:term":[{"taxonomy":"category","embeddable":true,"href":"https:\/\/meiser-tv.de\/en\/wp-json\/wp\/v2\/categories?post=20425"},{"taxonomy":"post_tag","embeddable":true,"href":"https:\/\/meiser-tv.de\/en\/wp-json\/wp\/v2\/tags?post=20425"}],"curies":[{"name":"wp","href":"https:\/\/api.w.org\/{rel}","templated":true}]}}