{"id":20430,"date":"2026-09-01T16:02:06","date_gmt":"2026-09-01T14:02:06","guid":{"rendered":"https:\/\/meiser-tv.de\/wirtschaft\/einzelhandel-mit-staerkstem-umsatzeinbruch-seit-fuenf-jahren-38191580-html\/"},"modified":"2026-09-01T16:02:06","modified_gmt":"2026-09-01T14:02:06","slug":"einzelhandel-mit-staerkstem-umsatzeinbruch-seit-fuenf-jahren-38191580-html","status":"publish","type":"post","link":"https:\/\/meiser-tv.de\/en\/wirtschaft\/einzelhandel-mit-staerkstem-umsatzeinbruch-seit-fuenf-jahren-38191580-html\/","title":{"rendered":"Konsumflaute: Umsatzschock im Einzelhandel: \u201eNiveau des zweiten Corona-Lockdowns\u201c"},"content":{"rendered":"<div>\n<div>\n<div class=\"rtf-content-wrapper\">\n<p>Die deutschen Einzelh\u00e4ndler sind schwach in die zweite Jahresh\u00e4lfte gestartet. Im Juli brachen die Ums\u00e4tze so stark ein wie seit f\u00fcnf Jahren nicht mehr. Vor allem zwei Bereiche verzeichneten deutliche R\u00fcckg\u00e4nge<\/p>\n<\/div>\n<div class=\"rtf-content-wrapper\">\n<p>Die deutschen Einzelh\u00e4ndler sind \u00fcberraschend schwach in die zweite Jahresh\u00e4lfte gestartet: Ihr Umsatz sank im Juli so stark wie seit f\u00fcnf Jahren nicht mehr. Inflationsbereinigt (real) fiel er um 3,4 Prozent zum Vormonat, wie das Statistische Bundesamt am Dienstag mitteilte. Einen st\u00e4rkeren R\u00fcckgang gab es zuletzt im Juli 2021. Von der Nachrichtenagentur Reuters befragte \u00d6konomen hatten mit einem Wachstum von 0,4 Prozent gerechnet, nachdem der reale Umsatz im Juni noch stagniert hatte.<\/p>\n<p>\u201eDie seit langem schlechte Konsumstimmung zeigt Wirkung\u201c, sagte der stellvertretende Hauptgesch\u00e4ftsf\u00fchrer des Handelsverbandes Deutschland (HDE), Stephan Tromp. \u201eAktuell liegen wir auf dem Niveau des zweiten Corona-Lockdowns, das ist extrem unbefriedigend und trifft den Einzelhandel hart.\u201c<\/p>\n<p>\u00d6konomen bringen noch andere Gr\u00fcnde ins Spiel. Der Umsatzr\u00fcckgang sei eine \u201eReaktion auf hohe Energiepreise und Hitzewelle\u201c, sagte der Chefvolkswirt der Bank Bethmann HAL, Alexander Kr\u00fcger. Die schlechte Konsumlaune scheine nun auch in den realen Daten anzukommen. Ein baldiger Aufw\u00e4rtstrend sei nicht erkennbar. \u201eUm Ausgaben weiter t\u00e4tigen zu k\u00f6nnen, werden Verbraucher wohl Erspartes anzapfen\u201c, sagte Kr\u00fcger. \u201eDa mancher Arbeitsplatz angez\u00e4hlt ist, liegt der Konsum vorerst an der Leine.\u201c<\/p>\n<\/p>\n<h2>\u201eEs wurde weniger Auto gefahren\u201c<\/h2>\n<p>Auff\u00e4llig war erneut die Entwicklung an den Tankstellen: Nach dem Ende des im Mai und Juni geltenden Tankrabatts fielen die Ums\u00e4tze real um 9,1 Prozent zum Vormonat. \u201eKonkret bedeutet dies: Es wurde weniger Auto gefahren\u201c, sagte der Chefvolkswirt der VP Bank, Thomas Gitzel. \u201eDie hohen Energiepreise machten die Fahrt im eigenen PKW f\u00fcr viele Menschen schlichtweg zu teuer.\u201c<\/p>\n<p>Die Einnahmen im Einzelhandel mit Lebensmitteln sanken dagegen nur um 0,8 Prozent. \u201eAm Essen l\u00e4sst sich wesentlich schwieriger sparen\u201c, sagte \u00d6konom Gitzel dazu. Der Umsatz mit Nicht-Lebensmitteln schrumpfte um 4,8 Prozent, w\u00e4hrend der Internet- und Versandhandel sogar ein reales Minus von 5,6 Prozent verzeichnete.<\/p>\n<h2>Inflation belastet die Kauflaune<\/h2>\n<p>Belastet wird die Kauflaune von der steigenden Inflation. Im August kletterte die Teuerungsrate auf 2,9 Prozent. Der Inflationsschub durch den Iran-Krieg l\u00e4sst die Reall\u00f6hne in Deutschland so langsam wachsen wie seit \u00fcber einem Jahr nicht mehr.<\/p>\n<\/p>\n<p>Die Bruttomonatsl\u00f6hne der Arbeitnehmer samt Sonderzahlungen wuchsen im zweiten Quartal um 4,1 Prozent zum Vorjahreszeitraum. Wird der Anstieg der Verbraucherpreise von 2,5 Prozent abgezogen, bleibt ein Reallohnzuwachs von rund 1,5 Prozent \u00fcbrig. Experten rechnen mit einem weiteren D\u00e4mpfer, da die Inflationsrate im laufenden dritten Quartal etwas h\u00f6her ausfallen d\u00fcrfte.<\/p>\n<\/div>\n<\/div>\n<\/div>","protected":false},"excerpt":{"rendered":"<div>Die deutschen Einzelh\u00e4ndler sind schwach in die zweite Jahresh\u00e4lfte gestartet. Im Juli brachen die Ums\u00e4tze so stark ein wie seit f\u00fcnf Jahren nicht mehr. Vor allem zwei Bereiche verzeichneten deutliche R\u00fcckg\u00e4nge<\/div>","protected":false},"author":1,"featured_media":4846,"comment_status":"closed","ping_status":"closed","sticky":false,"template":"","format":"standard","meta":{"_gspb_post_css":"","_uag_custom_page_level_css":"","fifu_image_url":"","fifu_image_alt":"","footnotes":""},"categories":[15],"tags":[],"class_list":["post-20430","post","type-post","status-publish","format-standard","has-post-thumbnail","hentry","category-wirtschaft"],"blocksy_meta":{"styles_descriptor":{"styles":{"desktop":"","tablet":"","mobile":""},"google_fonts":[],"version":7}},"uagb_featured_image_src":{"full":["https:\/\/mleexelnfod5.i.optimole.com\/w:auto\/h:auto\/q:mauto\/f:best\/https:\/\/i2.wp.com\/meiser-tv.de\/wp-content\/uploads\/2026\/05\/RSS-Hintergrund.jpg?w=1920&fit=1920,1080&ssl=1",1920,1080,true],"thumbnail":["https:\/\/mleexelnfod5.i.optimole.com\/w:auto\/h:auto\/q:mauto\/f:best\/https:\/\/i2.wp.com\/meiser-tv.de\/wp-content\/uploads\/2026\/05\/RSS-Hintergrund.jpg?w=150&resize=150,150&ssl=1",150,150,true],"medium":["https:\/\/mleexelnfod5.i.optimole.com\/w:auto\/h:auto\/q:mauto\/f:best\/https:\/\/i2.wp.com\/meiser-tv.de\/wp-content\/uploads\/2026\/05\/RSS-Hintergrund.jpg?w=300&fit=300,300&ssl=1",300,300,true],"medium_large":["https:\/\/mleexelnfod5.i.optimole.com\/w:auto\/h:auto\/q:mauto\/f:best\/https:\/\/i2.wp.com\/meiser-tv.de\/wp-content\/uploads\/2026\/05\/RSS-Hintergrund.jpg?w=768&resize=768,0&ssl=1",768,0,true],"large":["https:\/\/mleexelnfod5.i.optimole.com\/w:auto\/h:auto\/q:mauto\/f:best\/https:\/\/i2.wp.com\/meiser-tv.de\/wp-content\/uploads\/2026\/05\/RSS-Hintergrund.jpg?w=1024&fit=1024,1024&ssl=1",1024,1024,true],"1536x1536":["https:\/\/mleexelnfod5.i.optimole.com\/w:auto\/h:auto\/q:mauto\/f:best\/https:\/\/i2.wp.com\/meiser-tv.de\/wp-content\/uploads\/2026\/05\/RSS-Hintergrund.jpg?w=1536&fit=1536,1536&ssl=1",1536,1536,true],"2048x2048":["https:\/\/mleexelnfod5.i.optimole.com\/w:auto\/h:auto\/q:mauto\/f:best\/https:\/\/i2.wp.com\/meiser-tv.de\/wp-content\/uploads\/2026\/05\/RSS-Hintergrund.jpg?w=2048&fit=2048,2048&ssl=1",2048,2048,true],"trp-custom-language-flag":["https:\/\/mleexelnfod5.i.optimole.com\/w:auto\/h:auto\/q:mauto\/f:best\/https:\/\/i2.wp.com\/meiser-tv.de\/wp-content\/uploads\/2026\/05\/RSS-Hintergrund.jpg?w=18&fit=18,12&ssl=1",18,12,true]},"uagb_author_info":{"display_name":"admin","author_link":"https:\/\/meiser-tv.de\/en\/author\/admin\/"},"uagb_comment_info":0,"uagb_excerpt":"Die deutschen Einzelh\u00e4ndler sind schwach in die zweite Jahresh\u00e4lfte gestartet. Im Juli brachen die Ums\u00e4tze so stark ein wie seit f\u00fcnf Jahren nicht mehr. Vor allem zwei Bereiche verzeichneten deutliche R\u00fcckg\u00e4nge","_links":{"self":[{"href":"https:\/\/meiser-tv.de\/en\/wp-json\/wp\/v2\/posts\/20430","targetHints":{"allow":["GET"]}}],"collection":[{"href":"https:\/\/meiser-tv.de\/en\/wp-json\/wp\/v2\/posts"}],"about":[{"href":"https:\/\/meiser-tv.de\/en\/wp-json\/wp\/v2\/types\/post"}],"author":[{"embeddable":true,"href":"https:\/\/meiser-tv.de\/en\/wp-json\/wp\/v2\/users\/1"}],"replies":[{"embeddable":true,"href":"https:\/\/meiser-tv.de\/en\/wp-json\/wp\/v2\/comments?post=20430"}],"version-history":[{"count":0,"href":"https:\/\/meiser-tv.de\/en\/wp-json\/wp\/v2\/posts\/20430\/revisions"}],"wp:featuredmedia":[{"embeddable":true,"href":"https:\/\/meiser-tv.de\/en\/wp-json\/wp\/v2\/media\/4846"}],"wp:attachment":[{"href":"https:\/\/meiser-tv.de\/en\/wp-json\/wp\/v2\/media?parent=20430"}],"wp:term":[{"taxonomy":"category","embeddable":true,"href":"https:\/\/meiser-tv.de\/en\/wp-json\/wp\/v2\/categories?post=20430"},{"taxonomy":"post_tag","embeddable":true,"href":"https:\/\/meiser-tv.de\/en\/wp-json\/wp\/v2\/tags?post=20430"}],"curies":[{"name":"wp","href":"https:\/\/api.w.org\/{rel}","templated":true}]}}