{"id":20435,"date":"2026-09-01T16:03:04","date_gmt":"2026-09-01T14:03:04","guid":{"rendered":"https:\/\/meiser-tv.de\/politik\/vor-sachsen-anhalt-wahl-merz-schliesst-cdu-zusammenarbeit-mit-afd-oder-linken-kategorisch-aus\/"},"modified":"2026-09-01T16:03:04","modified_gmt":"2026-09-01T14:03:04","slug":"vor-sachsen-anhalt-wahl-merz-schliesst-cdu-zusammenarbeit-mit-afd-oder-linken-kategorisch-aus","status":"publish","type":"post","link":"https:\/\/meiser-tv.de\/en\/politik\/vor-sachsen-anhalt-wahl-merz-schliesst-cdu-zusammenarbeit-mit-afd-oder-linken-kategorisch-aus\/","title":{"rendered":"Vor Sachsen-Anhalt-Wahl: Merz schlie\u00dft CDU-Zusammenarbeit mit AfD oder Linken kategorisch aus"},"content":{"rendered":"<div>\n<p>Bundeskanzler Friedrich Merz verabschiedet sich nach seinem Kurzengagement im ostdeutschen Wahlkampfendspurt seiner Partei mit einer unmissverst\u00e4ndlichen Erkl\u00e4rung an die CDU-Kollegen in Sachsen-Anhalt. Nach dem politischen Verst\u00e4ndnis des Regierungschefs im fernen Berlin\u00a0darf es nach der Landtagswahl in Sachsen-Anhalt &#8222;kein gemeinsames Regierungsprogramm mit der AfD oder den Linken geben&#8220;, so die eindeutige Formulierung im Interview.<\/p>\n<p>In Sachsen-Anhalt grenze sich CDU-Spitzenkandidat Schulze im finalen Wahlkampf von Bundeskanzler Merz &#8222;und der Bundespolitik ab&#8220;, so die Zusammenfassung der Tagesschau-<a href=\"https:\/\/www.tagesschau.de\/inland\/innenpolitik\/landtagswahlen-osten-merz-100.html\" target=\"_blank\" rel=\"noopener noreferrer\">Redaktion<\/a> zum Kurzbesuch des Unionschefs im sachsen-anhaltinischen Quedlingburg.<\/p>\n<p>Wenige Tage vor der Wahl am kommenden Sonntag formulierte Merz vor der R\u00fcckkehr nach Berlin zum Thema der m\u00f6glichen Regierungsbildung in Magdeburg seine Erwartung an den CDU-Spitzenkandidaten, um der <em>Mitteldeutschen Zeitung<\/em> und der <em>Magdeburger Volksstimme<\/em> in einem <a href=\"https:\/\/www.mz.de\/deutschland-und-welt\/deutschland\/merz-zieht-grenzen-fur-kooperation-mit-der-linken-4311447\" target=\"_blank\" rel=\"noopener noreferrer\">Interview<\/a> zu Protokoll zu geben:<strong><\/strong><\/p>\n<p><em>&#8222;Sowohl bei der AfD als auch bei der Linkspartei gibt es derart fundamentale Unterschiede zur Union, dass eine Zusammenarbeit ausgeschlossen ist.&#8220;<\/em><\/p>\n<p>Auf die Frage, ob eine CDU-gef\u00fchrte Minderheitsregierung unter dem Spitzenkandidaten Sven Schulze auf wechselnde Mehrheiten setzen sollte, f\u00fchrte Merz weiter aus:<\/p>\n<p><em>&#8222;Wir sehen, wie in Th\u00fcringen und Sachsen regiert werden kann. Aber es muss auch klar sein, dass es Grenzen gibt.&#8220;<\/em><\/p>\n<p>Eine Zusammenarbeit mit der AfD oder den Linken sei f\u00fcr Merz daher in Sachsen-Anhalt eindeutig &#8222;ausgeschlossen&#8220;.\u00a0<\/p>\n<p>F\u00fcr CDU-Landesverb\u00e4nde gilt weiterhin der verabschiedete Bundesparteitagsbeschluss aus dem Jahr 2018, der &#8222;Koalitionen und \u00e4hnliche Formen der Zusammenarbeit&#8220; mit der AfD sowie mit der Linkspartei eindeutig ablehnt.<\/p>\n<p>Wie im Interview seitens Merz angedeutet, paktieren in Th\u00fcringen und in Sachsen die dortigen CDU-Landesregierungen von Ministerpr\u00e4sident Mario Voigt und Michael Kretschmer jeweils im Rahmen reiner Rechenmodelle. Regelm\u00e4\u00dfig k\u00f6nnen politische Mehrheiten im Parlament nur mithilfe der Linkspartei umgesetzt werden \u2013 oft, um m\u00f6gliche AfD-Antr\u00e4ge und -Initiativen zu unterbinden.<\/p>\n<p>Am 6. September wird voraussichtlich die AfD erstmals in einem Bundesland mit eindeutiger Mehrheit den ersten Platz in der W\u00e4hlerzustimmung einnehmen und damit automatisch Anspruch auf den Posten des Ministerpr\u00e4sidenten erhalten. Sachsen-Anhalt \u200cd\u00fcrfe daher kein &#8222;Experimentierfeld \u2060f\u00fcr Wutb\u00fcrger&#8220; werden\u2060, so der CDU-Vorsitzende w\u00f6rtlich bei seinem gemeinsamen Auftritt mit CDU-Ministerpr\u00e4sident Schulze in Quedlinburg.<\/p>\n<p>Der <em>Tagesspiegel<\/em> erkl\u00e4rt dazu seinen Lesern, dass &#8222;es in den Umfragen aber eher danach aussieht, dass es zu sehr schwierigen Mehrheitsverh\u00e4ltnissen kommen k\u00f6nnte&#8220;, aufgrund der sogenannten &#8222;Brandmauer-Politik&#8220; der AfD-Konkurrenz.<\/p>\n<p>Merz kritisierte im Interview die AfD und den Wahlkampf von Ulrich Siegmund, um dem Spitzenkandidaten vorzuwerfen, dass &#8222;Herr Siegmund den Menschen etwas vormacht. Er verkl\u00e4rt die Vergangenheit, die er selbst gar nicht erlebt hat&#8220;.<\/p>\n<p>Auf die Abschlussfrage, ob der Kanzler um sein Amt f\u00fcrchte, sollten die beiden kommenden Ost-Wahlen &#8222;zum Desaster f\u00fcr die CDU werden&#8220;, erkl\u00e4rte Merz mit der Erkl\u00e4rung und dem Wissen einer zeitnahen Folgewahl am 20. September in der Hauptstadt:<\/p>\n<p><em>&#8222;Nein. Da wird von au\u00dfen versucht, einen Keil in die Union zu treiben. Das Ergebnis einer Landtagswahl gef\u00e4hrdet nicht die Stabilit\u00e4t der Bundesregierung.&#8220;<\/em><\/p>\n<p><strong>Mehr zum Thema <\/strong>\u2013<strong>\u00a0<\/strong><a href=\"https:\/\/de-rtnews.com\/meinung\/290266-der-schock-den-deutschland-braucht\/\" target=\"_blank\" rel=\"noopener noreferrer\">Landtagswahl <\/a><a href=\"https:\/\/de-rtnews.com\/meinung\/290266-der-schock-den-deutschland-braucht\/\" target=\"_blank\" rel=\"noopener noreferrer\">in Sachsen-Anhalt: Der Schock, den Deutschland braucht <\/a><\/p>\n<div class=\"EmbedBlock-root EmbedBlock-externalVideo EmbedBlock-rumble\">\n<div class=\"VkEmbed\"><iframe class=\"lazyload\" data-src=\"https:\/\/rumble.com\/embed\/v7cr4i8\" frameborder=\"0\" width=\"853\" height=\"480\" allowfullscreen><\/iframe><\/div>\n<\/p><\/div>\n<\/p>\n<\/div>","protected":false},"excerpt":{"rendered":"<p>Bundeskanzler Friedrich Merz verabschiedet sich nach seinem Kurzengagement im ostdeutschen Wahlkampfendspurt seiner Partei mit einer unmissverst\u00e4ndlichen Erkl\u00e4rung an die CDU-Kollegen in Sachsen-Anhalt. Nach dem politischen Verst\u00e4ndnis des Regierungschefs im fernen Berlin\u00a0darf es nach der Landtagswahl in Sachsen-Anhalt &#8222;kein gemeinsames Regierungsprogramm mit der AfD oder den Linken geben&#8220;, so die eindeutige Formulierung im Interview. In Sachsen-Anhalt [&hellip;]<\/p>\n","protected":false},"author":1,"featured_media":4846,"comment_status":"closed","ping_status":"closed","sticky":false,"template":"","format":"standard","meta":{"_gspb_post_css":"","_uag_custom_page_level_css":"","fifu_image_url":"","fifu_image_alt":"","footnotes":""},"categories":[5],"tags":[],"class_list":["post-20435","post","type-post","status-publish","format-standard","has-post-thumbnail","hentry","category-politik"],"blocksy_meta":{"styles_descriptor":{"styles":{"desktop":"","tablet":"","mobile":""},"google_fonts":[],"version":7}},"uagb_featured_image_src":{"full":["https:\/\/mleexelnfod5.i.optimole.com\/w:auto\/h:auto\/q:mauto\/f:best\/https:\/\/i2.wp.com\/meiser-tv.de\/wp-content\/uploads\/2026\/05\/RSS-Hintergrund.jpg?w=1920&fit=1920,1080&ssl=1",1920,1080,true],"thumbnail":["https:\/\/mleexelnfod5.i.optimole.com\/w:auto\/h:auto\/q:mauto\/f:best\/https:\/\/i2.wp.com\/meiser-tv.de\/wp-content\/uploads\/2026\/05\/RSS-Hintergrund.jpg?w=150&resize=150,150&ssl=1",150,150,true],"medium":["https:\/\/mleexelnfod5.i.optimole.com\/w:auto\/h:auto\/q:mauto\/f:best\/https:\/\/i2.wp.com\/meiser-tv.de\/wp-content\/uploads\/2026\/05\/RSS-Hintergrund.jpg?w=300&fit=300,300&ssl=1",300,300,true],"medium_large":["https:\/\/mleexelnfod5.i.optimole.com\/w:auto\/h:auto\/q:mauto\/f:best\/https:\/\/i2.wp.com\/meiser-tv.de\/wp-content\/uploads\/2026\/05\/RSS-Hintergrund.jpg?w=768&resize=768,0&ssl=1",768,0,true],"large":["https:\/\/mleexelnfod5.i.optimole.com\/w:auto\/h:auto\/q:mauto\/f:best\/https:\/\/i2.wp.com\/meiser-tv.de\/wp-content\/uploads\/2026\/05\/RSS-Hintergrund.jpg?w=1024&fit=1024,1024&ssl=1",1024,1024,true],"1536x1536":["https:\/\/mleexelnfod5.i.optimole.com\/w:auto\/h:auto\/q:mauto\/f:best\/https:\/\/i2.wp.com\/meiser-tv.de\/wp-content\/uploads\/2026\/05\/RSS-Hintergrund.jpg?w=1536&fit=1536,1536&ssl=1",1536,1536,true],"2048x2048":["https:\/\/mleexelnfod5.i.optimole.com\/w:auto\/h:auto\/q:mauto\/f:best\/https:\/\/i2.wp.com\/meiser-tv.de\/wp-content\/uploads\/2026\/05\/RSS-Hintergrund.jpg?w=2048&fit=2048,2048&ssl=1",2048,2048,true],"trp-custom-language-flag":["https:\/\/mleexelnfod5.i.optimole.com\/w:auto\/h:auto\/q:mauto\/f:best\/https:\/\/i2.wp.com\/meiser-tv.de\/wp-content\/uploads\/2026\/05\/RSS-Hintergrund.jpg?w=18&fit=18,12&ssl=1",18,12,true]},"uagb_author_info":{"display_name":"admin","author_link":"https:\/\/meiser-tv.de\/en\/author\/admin\/"},"uagb_comment_info":0,"uagb_excerpt":"Bundeskanzler Friedrich Merz verabschiedet sich nach seinem Kurzengagement im ostdeutschen Wahlkampfendspurt seiner Partei mit einer unmissverst\u00e4ndlichen Erkl\u00e4rung an die CDU-Kollegen in Sachsen-Anhalt. Nach dem politischen Verst\u00e4ndnis des Regierungschefs im fernen Berlin\u00a0darf es nach der Landtagswahl in Sachsen-Anhalt &#8222;kein gemeinsames Regierungsprogramm mit der AfD oder den Linken geben&#8220;, so die eindeutige Formulierung im Interview. In Sachsen-Anhalt&hellip;","_links":{"self":[{"href":"https:\/\/meiser-tv.de\/en\/wp-json\/wp\/v2\/posts\/20435","targetHints":{"allow":["GET"]}}],"collection":[{"href":"https:\/\/meiser-tv.de\/en\/wp-json\/wp\/v2\/posts"}],"about":[{"href":"https:\/\/meiser-tv.de\/en\/wp-json\/wp\/v2\/types\/post"}],"author":[{"embeddable":true,"href":"https:\/\/meiser-tv.de\/en\/wp-json\/wp\/v2\/users\/1"}],"replies":[{"embeddable":true,"href":"https:\/\/meiser-tv.de\/en\/wp-json\/wp\/v2\/comments?post=20435"}],"version-history":[{"count":0,"href":"https:\/\/meiser-tv.de\/en\/wp-json\/wp\/v2\/posts\/20435\/revisions"}],"wp:featuredmedia":[{"embeddable":true,"href":"https:\/\/meiser-tv.de\/en\/wp-json\/wp\/v2\/media\/4846"}],"wp:attachment":[{"href":"https:\/\/meiser-tv.de\/en\/wp-json\/wp\/v2\/media?parent=20435"}],"wp:term":[{"taxonomy":"category","embeddable":true,"href":"https:\/\/meiser-tv.de\/en\/wp-json\/wp\/v2\/categories?post=20435"},{"taxonomy":"post_tag","embeddable":true,"href":"https:\/\/meiser-tv.de\/en\/wp-json\/wp\/v2\/tags?post=20435"}],"curies":[{"name":"wp","href":"https:\/\/api.w.org\/{rel}","templated":true}]}}