{"id":20440,"date":"2026-09-01T17:02:13","date_gmt":"2026-09-01T15:02:13","guid":{"rendered":"https:\/\/meiser-tv.de\/medienkritik\/grosses-dk-interview-mit-ulrich-siegmund-afd-wie-der-hoffentlich-erste-afd-ministerpraesident-deutschlands-ueber-heimat-und-familie-denkt-was-seine-mutter-fuer-ihn-bedeutet\/"},"modified":"2026-09-01T17:02:13","modified_gmt":"2026-09-01T15:02:13","slug":"grosses-dk-interview-mit-ulrich-siegmund-afd-wie-der-hoffentlich-erste-afd-ministerpraesident-deutschlands-ueber-heimat-und-familie-denkt-was-seine-mutter-fuer-ihn-bedeutet","status":"publish","type":"post","link":"https:\/\/meiser-tv.de\/en\/medienkritik\/grosses-dk-interview-mit-ulrich-siegmund-afd-wie-der-hoffentlich-erste-afd-ministerpraesident-deutschlands-ueber-heimat-und-familie-denkt-was-seine-mutter-fuer-ihn-bedeutet\/","title":{"rendered":"Gro\u00dfes DK-Interview mit Ulrich Siegmund: \u201eGemeinsam werden wir Sachsen-Anhalt und Deutschland zum Besseren ver\u00e4ndern!\u201c"},"content":{"rendered":"<div>\n<p class=\"wp-block-paragraph\">Im April 2026 traf Deutschland-Kurier-Chefredakteur David Bendels den AfD-Ministerpr\u00e4sidentenkandidaten Ulrich Siegmund zu einem ausf\u00fchrlichen Gespr\u00e4ch in dessen altm\u00e4rkischer Heimatstadt Tangerm\u00fcnde. Teile des 45-min\u00fctigen Interviews flossen in die gro\u00dfe DK-Dokumentation \u201eMACHT. MENSCH. SIEGMUND.\u201c ein.<\/p>\n<p class=\"wp-block-paragraph\">JETZT zeigt der Deutschland-Kurier erstmals das vollst\u00e4ndige Interview! Erleben Sie Ulrich Siegmund so pers\u00f6nlich und ausf\u00fchrlich wie nie zuvor!<\/p>\n<p class=\"wp-block-paragraph\">JETZT UNBEDINGT ANSCHAUEN!<\/p>\n<p class=\"wp-block-paragraph\">Hier gehts zur vollst\u00e4ndigen DK-Dokumentation <a target=\"_blank\" rel=\"noopener noreferrer\" href=\"https:\/\/youtu.be\/ERTLWoYgpno\" data-type=\"link\" data-id=\"https:\/\/youtu.be\/ERTLWoYgpno\">\u201eMACHT. MENSCH. SIEGMUND.\u201c<\/a><\/p>\n<p class=\"wp-block-paragraph\">\n<p><strong>Beitrag:<\/strong> <a target=\"_blank\" rel=\"noopener noreferrer\" href=\"https:\/\/deutschlandkurier.de\/2026\/09\/grosses-dk-interview-mit-ulrich-siegmund-afd-wie-der-hoffentlich-erste-afd-ministerpraesident-deutschlands-ueber-heimat-und-familie-denkt-was-seine-mutter-fuer-ihn-bedeutet\/\">Gro\u00dfes DK-Interview mit Ulrich Siegmund: \u201eGemeinsam werden wir Sachsen-Anhalt und Deutschland zum Besseren ver\u00e4ndern!\u201c<\/a> <br><strong>Quelle:<\/strong> Deutschland-Kurier.<\/p>\n<\/div>","protected":false},"excerpt":{"rendered":"<div>\n<p>Im April 2026 traf Deutschland-Kurier-Chefredakteur David Bendels den AfD-Ministerpr\u00e4sidentenkandidaten Ulrich Siegmund zu einem ausf\u00fchrlichen Gespr\u00e4ch in dessen altm\u00e4rkischer Heimatstadt Tangerm\u00fcnde. Teile des 45-min\u00fctigen Interviews flossen in die gro\u00dfe DK-Dokumentation \u201eMACHT. MENSCH. SIEGMUND.\u201c ein. JETZT zeigt der Deutschland-Kurier erstmals das vollst\u00e4ndige Interview! Erleben Sie Ulrich Siegmund so pers\u00f6nlich und ausf\u00fchrlich wie nie zuvor! JETZT UNBEDINGT ANSCHAUEN! [\u2026]<\/p>\n<p>The post <a href=\"https:\/\/deutschlandkurier.de\/2026\/09\/grosses-dk-interview-mit-ulrich-siegmund-afd-wie-der-hoffentlich-erste-afd-ministerpraesident-deutschlands-ueber-heimat-und-familie-denkt-was-seine-mutter-fuer-ihn-bedeutet\/\">Gro\u00dfes DK-Interview mit Ulrich Siegmund: \u201eGemeinsam werden wir Sachsen-Anhalt und Deutschland zum Besseren ver\u00e4ndern!\u201c<\/a> appeared first on <a href=\"https:\/\/deutschlandkurier.de\/\">Deutschland-Kurier<\/a>.<\/p>\n<\/div>\n","protected":false},"author":1,"featured_media":4846,"comment_status":"closed","ping_status":"closed","sticky":false,"template":"","format":"standard","meta":{"_gspb_post_css":"","_uag_custom_page_level_css":"","fifu_image_url":"","fifu_image_alt":"","footnotes":""},"categories":[17],"tags":[],"class_list":["post-20440","post","type-post","status-publish","format-standard","has-post-thumbnail","hentry","category-medienkritik"],"blocksy_meta":{"styles_descriptor":{"styles":{"desktop":"","tablet":"","mobile":""},"google_fonts":[],"version":7}},"uagb_featured_image_src":{"full":["https:\/\/mleexelnfod5.i.optimole.com\/w:auto\/h:auto\/q:mauto\/f:best\/https:\/\/i2.wp.com\/meiser-tv.de\/wp-content\/uploads\/2026\/05\/RSS-Hintergrund.jpg?w=1920&fit=1920,1080&ssl=1",1920,1080,true],"thumbnail":["https:\/\/mleexelnfod5.i.optimole.com\/w:auto\/h:auto\/q:mauto\/f:best\/https:\/\/i2.wp.com\/meiser-tv.de\/wp-content\/uploads\/2026\/05\/RSS-Hintergrund.jpg?w=150&resize=150,150&ssl=1",150,150,true],"medium":["https:\/\/mleexelnfod5.i.optimole.com\/w:auto\/h:auto\/q:mauto\/f:best\/https:\/\/i2.wp.com\/meiser-tv.de\/wp-content\/uploads\/2026\/05\/RSS-Hintergrund.jpg?w=300&fit=300,300&ssl=1",300,300,true],"medium_large":["https:\/\/mleexelnfod5.i.optimole.com\/w:auto\/h:auto\/q:mauto\/f:best\/https:\/\/i2.wp.com\/meiser-tv.de\/wp-content\/uploads\/2026\/05\/RSS-Hintergrund.jpg?w=768&resize=768,0&ssl=1",768,0,true],"large":["https:\/\/mleexelnfod5.i.optimole.com\/w:auto\/h:auto\/q:mauto\/f:best\/https:\/\/i2.wp.com\/meiser-tv.de\/wp-content\/uploads\/2026\/05\/RSS-Hintergrund.jpg?w=1024&fit=1024,1024&ssl=1",1024,1024,true],"1536x1536":["https:\/\/mleexelnfod5.i.optimole.com\/w:auto\/h:auto\/q:mauto\/f:best\/https:\/\/i2.wp.com\/meiser-tv.de\/wp-content\/uploads\/2026\/05\/RSS-Hintergrund.jpg?w=1536&fit=1536,1536&ssl=1",1536,1536,true],"2048x2048":["https:\/\/mleexelnfod5.i.optimole.com\/w:auto\/h:auto\/q:mauto\/f:best\/https:\/\/i2.wp.com\/meiser-tv.de\/wp-content\/uploads\/2026\/05\/RSS-Hintergrund.jpg?w=2048&fit=2048,2048&ssl=1",2048,2048,true],"trp-custom-language-flag":["https:\/\/mleexelnfod5.i.optimole.com\/w:auto\/h:auto\/q:mauto\/f:best\/https:\/\/i2.wp.com\/meiser-tv.de\/wp-content\/uploads\/2026\/05\/RSS-Hintergrund.jpg?w=18&fit=18,12&ssl=1",18,12,true]},"uagb_author_info":{"display_name":"admin","author_link":"https:\/\/meiser-tv.de\/en\/author\/admin\/"},"uagb_comment_info":0,"uagb_excerpt":"Im April 2026 traf Deutschland-Kurier-Chefredakteur David Bendels den AfD-Ministerpr\u00e4sidentenkandidaten Ulrich Siegmund zu einem ausf\u00fchrlichen Gespr\u00e4ch in dessen altm\u00e4rkischer Heimatstadt Tangerm\u00fcnde. Teile des 45-min\u00fctigen Interviews flossen in die gro\u00dfe DK-Dokumentation \u201eMACHT. MENSCH. SIEGMUND.\u201c ein. JETZT zeigt der Deutschland-Kurier erstmals das vollst\u00e4ndige Interview! Erleben Sie Ulrich Siegmund so pers\u00f6nlich und ausf\u00fchrlich wie nie zuvor! JETZT UNBEDINGT ANSCHAUEN!&hellip;","_links":{"self":[{"href":"https:\/\/meiser-tv.de\/en\/wp-json\/wp\/v2\/posts\/20440","targetHints":{"allow":["GET"]}}],"collection":[{"href":"https:\/\/meiser-tv.de\/en\/wp-json\/wp\/v2\/posts"}],"about":[{"href":"https:\/\/meiser-tv.de\/en\/wp-json\/wp\/v2\/types\/post"}],"author":[{"embeddable":true,"href":"https:\/\/meiser-tv.de\/en\/wp-json\/wp\/v2\/users\/1"}],"replies":[{"embeddable":true,"href":"https:\/\/meiser-tv.de\/en\/wp-json\/wp\/v2\/comments?post=20440"}],"version-history":[{"count":0,"href":"https:\/\/meiser-tv.de\/en\/wp-json\/wp\/v2\/posts\/20440\/revisions"}],"wp:featuredmedia":[{"embeddable":true,"href":"https:\/\/meiser-tv.de\/en\/wp-json\/wp\/v2\/media\/4846"}],"wp:attachment":[{"href":"https:\/\/meiser-tv.de\/en\/wp-json\/wp\/v2\/media?parent=20440"}],"wp:term":[{"taxonomy":"category","embeddable":true,"href":"https:\/\/meiser-tv.de\/en\/wp-json\/wp\/v2\/categories?post=20440"},{"taxonomy":"post_tag","embeddable":true,"href":"https:\/\/meiser-tv.de\/en\/wp-json\/wp\/v2\/tags?post=20440"}],"curies":[{"name":"wp","href":"https:\/\/api.w.org\/{rel}","templated":true}]}}