{"id":20461,"date":"2026-09-01T18:03:14","date_gmt":"2026-09-01T16:03:14","guid":{"rendered":"https:\/\/meiser-tv.de\/politik\/lukaschenko-massive-militaerische-aggression-ist-demonstrativ-zurueckgekehrt\/"},"modified":"2026-09-01T18:03:14","modified_gmt":"2026-09-01T16:03:14","slug":"lukaschenko-massive-militaerische-aggression-ist-demonstrativ-zurueckgekehrt","status":"publish","type":"post","link":"https:\/\/meiser-tv.de\/en\/politik\/lukaschenko-massive-militaerische-aggression-ist-demonstrativ-zurueckgekehrt\/","title":{"rendered":"Lukaschenko: Massive milit\u00e4rische Aggression ist demonstrativ zur\u00fcckgekehrt"},"content":{"rendered":"<div>\n<p>Der wei\u00dfrussische Pr\u00e4sident Alexander Lukaschenko hat vor einer Versch\u00e4rfung der Sicherheitslage in der Welt gewarnt. Bei der Sitzung des Rates der Staatschefs der Shanghaier Organisation f\u00fcr Zusammenarbeit (SOZ) in Bischkek erkl\u00e4rte er, dass &#8222;direkte massive milit\u00e4rische Aggression&#8220; demonstrativ in die moderne Welt zur\u00fcckgekehrt sei.\u00a0Dies berichtete\u00a0die Nachrichtenagentur <em>BelTA.<\/em><\/p>\n<\/p>\n<p>Lukaschenko bezeichnete die Sicherheit als einen der wichtigsten Bereiche der SOZ. Zu den wachsenden Herausforderungen z\u00e4hlte er den informations-, finanz- und wirtschaftspolitischen sowie den diplomatischen und sonstigen Sanktionsdruck. Im Arsenal der &#8222;M\u00e4chtigen dieser Welt&#8220;\u00a0bef\u00e4nden sich zudem Technologien der Farbrevolutionen und der hybriden Einflussnahme.<\/p>\n<p>Als Antwort auf diese Entwicklungen m\u00fcsse eine neue Sicherheitsarchitektur in Eurasien geschaffen werden. Zudem brauche es einen gemeinsamen Raum des Vertrauens und der Zusammenarbeit.<\/p>\n<p><em>&#8222;In der modernen Welt bedeutet Stabilit\u00e4t die F\u00e4higkeit, trotz auftretender Hindernisse das Gleichgewicht zu bewahren. Das ist nur m\u00f6glich, wenn es zuverl\u00e4ssige S\u00e4ulen gibt. Und heute wird die SOZ als eine solche S\u00e4ule wahrgenommen \u2013 und zwar als eine der wohl wichtigsten in Eurasien.&#8220;<\/em><\/p>\n<p>Lukaschenko betonte, dass Wei\u00dfrussland gemeinsam mit mehreren SOZ-Mitgliedstaaten bereits entsprechende Schritte unternehme. Im Oktober soll in Wei\u00dfrussland ein Antiterrorismusforum in einem neuen Format stattfinden. Vorgesehen sind gemeinsame \u00dcbungen der SOZ und der Gemeinschaft Unabh\u00e4ngiger Staaten (GUS).<\/p>\n<p>Minsk begr\u00fc\u00dft zudem die m\u00f6glichst baldige Einrichtung des Universellen Zentrums zur Bek\u00e4mpfung von Herausforderungen und Bedrohungen f\u00fcr die Sicherheit der SOZ-Mitgliedstaaten sowie des Antidrogenzentrums der Organisation.<\/p>\n<p><em>&#8222;Wir gehen davon aus, dass dies insgesamt dazu beitragen wird, den Kampf gegen die drei Kr\u00e4fte des B\u00f6sen \u2013 Terrorismus, Separatismus und Extremismus \u2013 qualitativ zu verst\u00e4rken.&#8220;<\/em><\/p>\n<p>Auch die wirtschaftliche Zusammenarbeit bezeichnete der wei\u00dfrussische Pr\u00e4sident als wichtigen Bereich der SOZ. Wei\u00dfrussland unterst\u00fctze die m\u00f6glichst baldige Gr\u00fcndung einer Entwicklungsbank der Organisation. Diese solle die Wirtschaftsbeziehungen stabilisieren und die finanzielle Souver\u00e4nit\u00e4t der Region st\u00e4rken.<\/p>\n<p>Zugleich begr\u00fc\u00dfte Lukaschenko die verst\u00e4rkte Nutzung nationaler W\u00e4hrungen im gegenseitigen Zahlungsverkehr. Dies w\u00fcrde die W\u00e4hrungssysteme der Mitgliedstaaten besser gegen &#8222;illegale Sanktionen und einseitige Zwangsma\u00dfnahmen&#8220; sch\u00fctzen, durch die Zahlungsketten zwischen den L\u00e4ndern unterbrochen werden k\u00f6nnten.<\/p>\n<p>Lukaschenko betonte, Fortschritte in den Bereichen Sicherheit, Wirtschaft und humanit\u00e4re Zusammenarbeit w\u00fcrden den Zusammenhalt der SOZ st\u00e4rken und ihre gemeinsame Stimme auf der internationalen B\u00fchne st\u00e4rken. Zugleich sprach er sich f\u00fcr einen Ausbau der Kontakte zu anderen internationalen Zusammenschl\u00fcssen aus.<\/p>\n<p>Er nannte unter anderem die Eurasische Wirtschaftsunion (EAWU), die GUS, die Organisation des Vertrags \u00fcber kollektive Sicherheit (OVKS), ASEAN, die Afrikanische Union und die BRICS. Die Verzahnung verschiedener Kooperationsformate k\u00f6nne dazu beitragen, die Rolle der SOZ als globaler Akteur zu st\u00e4rken.<\/p>\n<p>Der wei\u00dfrussische Pr\u00e4sident verwies au\u00dferdem auf den 25. Jahrestag der Organisation. In den vergangenen zweieinhalb Jahrzehnten seien die Treffen des Rates der Staatschefs der SOZ zu wichtigen und erwarteten Ereignissen des internationalen Kalenders geworden. Die gemeinsamen Ziele seien w\u00e4hrend des kirgisischen Vorsitzes pr\u00e4gnant formuliert worden: Stabilit\u00e4t zu st\u00e4rken und die Zusammenarbeit f\u00fcr eine weitere gemeinsame Entwicklung auszubauen.<\/p>\n<p>An der Sitzung des Rates der SOZ-Staatschefs in Bischkek nahm auch der russische Pr\u00e4sident Wladimir Putin teil. Er erkl\u00e4rte, die SOZ-Staaten m\u00fcssten alles daf\u00fcr tun, dass jegliche Provokationen bewaffneter Konflikte vollst\u00e4ndig aus der internationalen Praxis verschw\u00e4nden.<\/p>\n<p>Auch in Russland wird \u00fcber eine neue Sicherheitsarchitektur diskutiert. Im Mai erkl\u00e4rte Kremlsprecher Dmitri Peskow, eine neue Sicherheitsordnung in Europa m\u00fcsse unter Ber\u00fccksichtigung der Interessen Russlands geschaffen werden. Eine Diskussion dar\u00fcber sei ohne Beteiligung der europ\u00e4ischen Staaten nicht m\u00f6glich, berichtete <em>Interfax<\/em>.<\/p>\n<p>Im Juni schlug der russische Au\u00dfenminister Sergei Lawrow den Aufbau einer neuen gesamteurasischen Sicherheitsarchitektur vor, die allen Staaten des Kontinents offenstehen soll. Sie m\u00fcsse nach seinen Worten die &#8222;multipolaren Realit\u00e4ten der Gegenwart&#8220; ber\u00fccksichtigen und auf dem Prinzip einer gleichen und unteilbaren Sicherheit beruhen.<\/p>\n<p><strong>Mehr zum Thema <\/strong>\u2013 <a target=\"_blank\" rel=\"noopener noreferrer\" href=\"https:\/\/de-rtnews.com\/international\/289851-soz-gipfel-in-kirgisien-weichenstellungen\/\">SOZ-Gipfel in Kirgisien\u00a0\u2013 Weichenstellungen f\u00fcr die Vertiefung der Zusammenarbeit erwartet<\/a><\/p>\n<div class=\"EmbedBlock-root EmbedBlock-externalVideo EmbedBlock-rumble\">\n<div class=\"VkEmbed\"><iframe class=\"lazyload\" data-src=\"https:\/\/rumble.com\/embed\/v7cq8vw\" frameborder=\"0\" width=\"853\" height=\"480\" allowfullscreen><\/iframe><\/div>\n<\/p><\/div>\n<\/p>\n<\/div>","protected":false},"excerpt":{"rendered":"<p>Der wei\u00dfrussische Pr\u00e4sident Alexander Lukaschenko hat vor einer Versch\u00e4rfung der Sicherheitslage in der Welt gewarnt. Bei der Sitzung des Rates der Staatschefs der Shanghaier Organisation f\u00fcr Zusammenarbeit (SOZ) in Bischkek erkl\u00e4rte er, dass &#8222;direkte massive milit\u00e4rische Aggression&#8220; demonstrativ in die moderne Welt zur\u00fcckgekehrt sei.\u00a0Dies berichtete\u00a0die Nachrichtenagentur BelTA. Lukaschenko bezeichnete die Sicherheit als einen der wichtigsten [&hellip;]<\/p>\n","protected":false},"author":1,"featured_media":4846,"comment_status":"closed","ping_status":"closed","sticky":false,"template":"","format":"standard","meta":{"_gspb_post_css":"","_uag_custom_page_level_css":"","fifu_image_url":"","fifu_image_alt":"","footnotes":""},"categories":[5],"tags":[],"class_list":["post-20461","post","type-post","status-publish","format-standard","has-post-thumbnail","hentry","category-politik"],"blocksy_meta":{"styles_descriptor":{"styles":{"desktop":"","tablet":"","mobile":""},"google_fonts":[],"version":7}},"uagb_featured_image_src":{"full":["https:\/\/mleexelnfod5.i.optimole.com\/w:auto\/h:auto\/q:mauto\/f:best\/https:\/\/i2.wp.com\/meiser-tv.de\/wp-content\/uploads\/2026\/05\/RSS-Hintergrund.jpg?w=1920&fit=1920,1080&ssl=1",1920,1080,true],"thumbnail":["https:\/\/mleexelnfod5.i.optimole.com\/w:auto\/h:auto\/q:mauto\/f:best\/https:\/\/i2.wp.com\/meiser-tv.de\/wp-content\/uploads\/2026\/05\/RSS-Hintergrund.jpg?w=150&resize=150,150&ssl=1",150,150,true],"medium":["https:\/\/mleexelnfod5.i.optimole.com\/w:auto\/h:auto\/q:mauto\/f:best\/https:\/\/i2.wp.com\/meiser-tv.de\/wp-content\/uploads\/2026\/05\/RSS-Hintergrund.jpg?w=300&fit=300,300&ssl=1",300,300,true],"medium_large":["https:\/\/mleexelnfod5.i.optimole.com\/w:auto\/h:auto\/q:mauto\/f:best\/https:\/\/i2.wp.com\/meiser-tv.de\/wp-content\/uploads\/2026\/05\/RSS-Hintergrund.jpg?w=768&resize=768,0&ssl=1",768,0,true],"large":["https:\/\/mleexelnfod5.i.optimole.com\/w:auto\/h:auto\/q:mauto\/f:best\/https:\/\/i2.wp.com\/meiser-tv.de\/wp-content\/uploads\/2026\/05\/RSS-Hintergrund.jpg?w=1024&fit=1024,1024&ssl=1",1024,1024,true],"1536x1536":["https:\/\/mleexelnfod5.i.optimole.com\/w:auto\/h:auto\/q:mauto\/f:best\/https:\/\/i2.wp.com\/meiser-tv.de\/wp-content\/uploads\/2026\/05\/RSS-Hintergrund.jpg?w=1536&fit=1536,1536&ssl=1",1536,1536,true],"2048x2048":["https:\/\/mleexelnfod5.i.optimole.com\/w:auto\/h:auto\/q:mauto\/f:best\/https:\/\/i2.wp.com\/meiser-tv.de\/wp-content\/uploads\/2026\/05\/RSS-Hintergrund.jpg?w=2048&fit=2048,2048&ssl=1",2048,2048,true],"trp-custom-language-flag":["https:\/\/mleexelnfod5.i.optimole.com\/w:auto\/h:auto\/q:mauto\/f:best\/https:\/\/i2.wp.com\/meiser-tv.de\/wp-content\/uploads\/2026\/05\/RSS-Hintergrund.jpg?w=18&fit=18,12&ssl=1",18,12,true]},"uagb_author_info":{"display_name":"admin","author_link":"https:\/\/meiser-tv.de\/en\/author\/admin\/"},"uagb_comment_info":0,"uagb_excerpt":"Der wei\u00dfrussische Pr\u00e4sident Alexander Lukaschenko hat vor einer Versch\u00e4rfung der Sicherheitslage in der Welt gewarnt. Bei der Sitzung des Rates der Staatschefs der Shanghaier Organisation f\u00fcr Zusammenarbeit (SOZ) in Bischkek erkl\u00e4rte er, dass &#8222;direkte massive milit\u00e4rische Aggression&#8220; demonstrativ in die moderne Welt zur\u00fcckgekehrt sei.\u00a0Dies berichtete\u00a0die Nachrichtenagentur BelTA. Lukaschenko bezeichnete die Sicherheit als einen der wichtigsten&hellip;","_links":{"self":[{"href":"https:\/\/meiser-tv.de\/en\/wp-json\/wp\/v2\/posts\/20461","targetHints":{"allow":["GET"]}}],"collection":[{"href":"https:\/\/meiser-tv.de\/en\/wp-json\/wp\/v2\/posts"}],"about":[{"href":"https:\/\/meiser-tv.de\/en\/wp-json\/wp\/v2\/types\/post"}],"author":[{"embeddable":true,"href":"https:\/\/meiser-tv.de\/en\/wp-json\/wp\/v2\/users\/1"}],"replies":[{"embeddable":true,"href":"https:\/\/meiser-tv.de\/en\/wp-json\/wp\/v2\/comments?post=20461"}],"version-history":[{"count":0,"href":"https:\/\/meiser-tv.de\/en\/wp-json\/wp\/v2\/posts\/20461\/revisions"}],"wp:featuredmedia":[{"embeddable":true,"href":"https:\/\/meiser-tv.de\/en\/wp-json\/wp\/v2\/media\/4846"}],"wp:attachment":[{"href":"https:\/\/meiser-tv.de\/en\/wp-json\/wp\/v2\/media?parent=20461"}],"wp:term":[{"taxonomy":"category","embeddable":true,"href":"https:\/\/meiser-tv.de\/en\/wp-json\/wp\/v2\/categories?post=20461"},{"taxonomy":"post_tag","embeddable":true,"href":"https:\/\/meiser-tv.de\/en\/wp-json\/wp\/v2\/tags?post=20461"}],"curies":[{"name":"wp","href":"https:\/\/api.w.org\/{rel}","templated":true}]}}