{"id":20468,"date":"2026-09-01T19:03:08","date_gmt":"2026-09-01T17:03:08","guid":{"rendered":"https:\/\/meiser-tv.de\/politik\/trump-iran-krieg-ist-fuer-usa-relativ-klein-ukraine-kostete-deutlich-mehr\/"},"modified":"2026-09-01T19:03:08","modified_gmt":"2026-09-01T17:03:08","slug":"trump-iran-krieg-ist-fuer-usa-relativ-klein-ukraine-kostete-deutlich-mehr","status":"publish","type":"post","link":"https:\/\/meiser-tv.de\/en\/politik\/trump-iran-krieg-ist-fuer-usa-relativ-klein-ukraine-kostete-deutlich-mehr\/","title":{"rendered":"Trump: Iran-Krieg ist f\u00fcr USA &#8222;relativ klein&#8220; \u2013 Ukraine kostete deutlich mehr"},"content":{"rendered":"<div>\n<p>US-Pr\u00e4sident Donald Trump hat den Krieg mit Iran als &#8222;relativ kleinen Krieg&#8220; f\u00fcr die USA bezeichnet. Im Vergleich dazu habe sein Vorg\u00e4nger Joe Biden der Ukraine Waffen im Wert von mehr als 300 Milliarden US-Dollar kostenlos \u00fcberlassen.\u00a0Trump \u00e4u\u00dferte sich dazu am Montag bei einem Termin im Oval Office auf Fragen von Journalisten.\u00a0<\/p>\n<p>Zuvor waren die K\u00e4mpfe im Nahen Osten nach mehreren Wochen relativer Ruhe wieder aufgeflammt. Am Sonntag griffen US-Streitkr\u00e4fte zwei iranische Raketenwerfer auf der Insel Larak in der Stra\u00dfe von Hormus an. Teheran reagierte darauf mit Raketenangriffen auf US-Truppen in Jordanien und den Vereinigten Arabischen Emiraten.<\/p>\n<p>Auf die Frage, ob der langwierige Milit\u00e4reinsatz gegen Iran die US-Streitkr\u00e4fte belaste und dadurch ben\u00f6tigte Ressourcen f\u00fcr andere Regionen binde, spielte Trump die Bedenken herunter.<\/p>\n<p>&#8222;Das ist f\u00fcr uns ein relativ kleiner Krieg. Das ist kein gro\u00dfer Krieg&#8220;, sagte er. Die USA verf\u00fcgten weltweit \u00fcber &#8222;so viel Munition und Geschosse&#8220;, dass bei Bedarf auf zus\u00e4tzliche Best\u00e4nde zur\u00fcckgegriffen werden k\u00f6nne.<\/p>\n<p>&#8222;Sie wissen, wohin das Geld geflossen ist: in die Ukraine&#8220;, fuhr Trump fort. Im Vergleich dazu h\u00e4tten die USA gegen Iran &#8222;sehr wenig&#8220; Waffen eingesetzt. Anschlie\u00dfend verwies Trump auf die Unterst\u00fctzung der Ukraine unter seinem Vorg\u00e4nger Joe Biden.\u00a0<\/p>\n<p>&#8222;Joe Biden hat der Ukraine Sachen im Wert von mehr als 300 Milliarden US-Dollar kostenlos gegeben&#8220;, sagte er. Unter seiner Regierung m\u00fcsse die Ukraine daf\u00fcr &#8222;bezahlen&#8220; \u2013 \u00fcber die europ\u00e4ischen NATO-Mitglieder.<\/p>\n<p>Die von Trump genannte Summe ist allerdings umstritten. Ein im Mai ver\u00f6ffentlichter Bericht des US-Sonderinspekteurs f\u00fcr &#8222;Operation Atlantic Resolve&#8220; bezifferte die gesamten US-Mittel f\u00fcr die Ukraine und die umfassendere Reaktion auf den Konflikt seit Februar 2022 auf rund 195 Milliarden US\u2011Dollar. Davon entfielen 67,8 Milliarden US-Dollar auf Verteidigungsg\u00fcter und -dienstleistungen f\u00fcr Kiew.<\/p>\n<p>Trumps Bezeichnung des Iran-Konflikts als &#8222;kleiner Krieg&#8220; f\u00e4llt in dessen siebten Monat \u2013 trotz seiner wiederholten Siegeserkl\u00e4rungen. Anfang April hatte er einen &#8222;totalen und vollst\u00e4ndigen Sieg&#8220; verk\u00fcndet. Seitdem erkl\u00e4rte er mehrfach, Washington habe den Konflikt gewonnen oder stehe kurz vor dessen Ende.<\/p>\n<p>Tats\u00e4chlich hat der Krieg US-Waffen im Wert von mehreren Milliarden US-Dollar verbraucht. Kriegsminister Pete Hegseth bezifferte die Gesamtkosten bis Juli auf 37,5 Milliarden US-Dollar. Allein in den ersten vier Wochen setzte Washington mehr als 850 Tomahawk-Marschflugk\u00f6rper ein, obwohl j\u00e4hrlich nur einige Hundert davon produziert werden. Hinzu kamen mehr als 1.000 Abfangraketen der Systeme Patriot und THAAD.<\/p>\n<p>Die Belastung hat auch die US-Waffenbest\u00e4nde in Europa erreicht. In der vergangenen Woche berichteten Medien unter Berufung auf US-amerikanische und NATO-Vertreter, dass die Best\u00e4nde an Patriot-Abfangraketen und anderer wichtiger Munition auf ein &#8222;\u00fcberkritisches&#8220; Niveau gesunken seien, da Waffen in den Nahen Osten umgeleitet w\u00fcrden.<\/p>\n<p>Unterdessen hat Washington den wirtschaftlichen Druck auf Teheran weiter erh\u00f6ht. US-Finanzminister Scott Bessent warnte am Sonntag, die USA k\u00f6nnten gegen Iran &#8222;finanzielle Gewalt&#8220; entfesseln. Er drohte damit, jede Woche neue Sekund\u00e4rsanktionen zu verh\u00e4ngen, um Teheran sowie Unternehmen und Staaten zu bestrafen.<\/p>\n<p><strong>Mehr zum Thema <\/strong>\u2013 <a href=\"https:\/\/de-rtnews.com\/nordamerika\/287790-massive-raketen-engpaesse-in-usa\/\" target=\"_blank\" rel=\"noopener noreferrer\">Massive Raketen-Engp\u00e4sse in den USA: Reuters enth\u00fcllt den Stand nach Einsatz in Iran<\/a><\/p>\n<div class=\"EmbedBlock-root EmbedBlock-externalVideo EmbedBlock-rumble\">\n<div class=\"VkEmbed\"><iframe class=\"lazyload\" data-src=\"https:\/\/rumble.com\/embed\/v7awpsy\" frameborder=\"0\" width=\"853\" height=\"480\" allowfullscreen><\/iframe><\/div>\n<\/p><\/div>\n<\/div>","protected":false},"excerpt":{"rendered":"<p>US-Pr\u00e4sident Donald Trump hat den Krieg mit Iran als &#8222;relativ kleinen Krieg&#8220; f\u00fcr die USA bezeichnet. Im Vergleich dazu habe sein Vorg\u00e4nger Joe Biden der Ukraine Waffen im Wert von mehr als 300 Milliarden US-Dollar kostenlos \u00fcberlassen.\u00a0Trump \u00e4u\u00dferte sich dazu am Montag bei einem Termin im Oval Office auf Fragen von Journalisten.\u00a0 Zuvor waren die [&hellip;]<\/p>\n","protected":false},"author":1,"featured_media":4846,"comment_status":"closed","ping_status":"closed","sticky":false,"template":"","format":"standard","meta":{"_gspb_post_css":"","_uag_custom_page_level_css":"","fifu_image_url":"","fifu_image_alt":"","footnotes":""},"categories":[5],"tags":[],"class_list":["post-20468","post","type-post","status-publish","format-standard","has-post-thumbnail","hentry","category-politik"],"blocksy_meta":{"styles_descriptor":{"styles":{"desktop":"","tablet":"","mobile":""},"google_fonts":[],"version":7}},"uagb_featured_image_src":{"full":["https:\/\/mleexelnfod5.i.optimole.com\/w:auto\/h:auto\/q:mauto\/f:best\/https:\/\/i2.wp.com\/meiser-tv.de\/wp-content\/uploads\/2026\/05\/RSS-Hintergrund.jpg?w=1920&fit=1920,1080&ssl=1",1920,1080,true],"thumbnail":["https:\/\/mleexelnfod5.i.optimole.com\/w:auto\/h:auto\/q:mauto\/f:best\/https:\/\/i2.wp.com\/meiser-tv.de\/wp-content\/uploads\/2026\/05\/RSS-Hintergrund.jpg?w=150&resize=150,150&ssl=1",150,150,true],"medium":["https:\/\/mleexelnfod5.i.optimole.com\/w:auto\/h:auto\/q:mauto\/f:best\/https:\/\/i2.wp.com\/meiser-tv.de\/wp-content\/uploads\/2026\/05\/RSS-Hintergrund.jpg?w=300&fit=300,300&ssl=1",300,300,true],"medium_large":["https:\/\/mleexelnfod5.i.optimole.com\/w:auto\/h:auto\/q:mauto\/f:best\/https:\/\/i2.wp.com\/meiser-tv.de\/wp-content\/uploads\/2026\/05\/RSS-Hintergrund.jpg?w=768&resize=768,0&ssl=1",768,0,true],"large":["https:\/\/mleexelnfod5.i.optimole.com\/w:auto\/h:auto\/q:mauto\/f:best\/https:\/\/i2.wp.com\/meiser-tv.de\/wp-content\/uploads\/2026\/05\/RSS-Hintergrund.jpg?w=1024&fit=1024,1024&ssl=1",1024,1024,true],"1536x1536":["https:\/\/mleexelnfod5.i.optimole.com\/w:auto\/h:auto\/q:mauto\/f:best\/https:\/\/i2.wp.com\/meiser-tv.de\/wp-content\/uploads\/2026\/05\/RSS-Hintergrund.jpg?w=1536&fit=1536,1536&ssl=1",1536,1536,true],"2048x2048":["https:\/\/mleexelnfod5.i.optimole.com\/w:auto\/h:auto\/q:mauto\/f:best\/https:\/\/i2.wp.com\/meiser-tv.de\/wp-content\/uploads\/2026\/05\/RSS-Hintergrund.jpg?w=2048&fit=2048,2048&ssl=1",2048,2048,true],"trp-custom-language-flag":["https:\/\/mleexelnfod5.i.optimole.com\/w:auto\/h:auto\/q:mauto\/f:best\/https:\/\/i2.wp.com\/meiser-tv.de\/wp-content\/uploads\/2026\/05\/RSS-Hintergrund.jpg?w=18&fit=18,12&ssl=1",18,12,true]},"uagb_author_info":{"display_name":"admin","author_link":"https:\/\/meiser-tv.de\/en\/author\/admin\/"},"uagb_comment_info":0,"uagb_excerpt":"US-Pr\u00e4sident Donald Trump hat den Krieg mit Iran als &#8222;relativ kleinen Krieg&#8220; f\u00fcr die USA bezeichnet. Im Vergleich dazu habe sein Vorg\u00e4nger Joe Biden der Ukraine Waffen im Wert von mehr als 300 Milliarden US-Dollar kostenlos \u00fcberlassen.\u00a0Trump \u00e4u\u00dferte sich dazu am Montag bei einem Termin im Oval Office auf Fragen von Journalisten.\u00a0 Zuvor waren die&hellip;","_links":{"self":[{"href":"https:\/\/meiser-tv.de\/en\/wp-json\/wp\/v2\/posts\/20468","targetHints":{"allow":["GET"]}}],"collection":[{"href":"https:\/\/meiser-tv.de\/en\/wp-json\/wp\/v2\/posts"}],"about":[{"href":"https:\/\/meiser-tv.de\/en\/wp-json\/wp\/v2\/types\/post"}],"author":[{"embeddable":true,"href":"https:\/\/meiser-tv.de\/en\/wp-json\/wp\/v2\/users\/1"}],"replies":[{"embeddable":true,"href":"https:\/\/meiser-tv.de\/en\/wp-json\/wp\/v2\/comments?post=20468"}],"version-history":[{"count":0,"href":"https:\/\/meiser-tv.de\/en\/wp-json\/wp\/v2\/posts\/20468\/revisions"}],"wp:featuredmedia":[{"embeddable":true,"href":"https:\/\/meiser-tv.de\/en\/wp-json\/wp\/v2\/media\/4846"}],"wp:attachment":[{"href":"https:\/\/meiser-tv.de\/en\/wp-json\/wp\/v2\/media?parent=20468"}],"wp:term":[{"taxonomy":"category","embeddable":true,"href":"https:\/\/meiser-tv.de\/en\/wp-json\/wp\/v2\/categories?post=20468"},{"taxonomy":"post_tag","embeddable":true,"href":"https:\/\/meiser-tv.de\/en\/wp-json\/wp\/v2\/tags?post=20468"}],"curies":[{"name":"wp","href":"https:\/\/api.w.org\/{rel}","templated":true}]}}