{"id":20472,"date":"2026-09-01T20:03:31","date_gmt":"2026-09-01T18:03:31","guid":{"rendered":"https:\/\/meiser-tv.de\/politik\/tim-cook-als-ceo-von-apple-zurueckgetreten\/"},"modified":"2026-09-01T20:03:31","modified_gmt":"2026-09-01T18:03:31","slug":"tim-cook-als-ceo-von-apple-zurueckgetreten","status":"publish","type":"post","link":"https:\/\/meiser-tv.de\/en\/politik\/tim-cook-als-ceo-von-apple-zurueckgetreten\/","title":{"rendered":"Tim Cook als CEO von Apple zur\u00fcckgetreten"},"content":{"rendered":"<div>\n<p>Tim Cook ist als CEO von Apple offiziell zur\u00fcckgetreten. In einem Beitrag auf X (Twitter) am Montagabend <a href=\"https:\/\/x.com\/tim_cook\/status\/2094448088199078236\" target=\"_blank\" rel=\"noopener noreferrer\">teilte<\/a> er folgende Botschaft mit:<\/p>\n<blockquote>\n<p><em>&#8222;An meinem letzten Tag als CEO sende ich der Apple-Community ganz viel Liebe. Mein Titel \u00e4ndert sich morgen, aber meine Liebe zur Apple-Community bleibt bestehen.&#8220;<\/em><\/p>\n<\/blockquote>\n<p>Cook sei grenzenlos dankbar und freue sich auf das n\u00e4chste Kapitel.<\/p>\n<p>In den Kommentaren zu dem Beitrag meldete sich Milliard\u00e4r Elon Musk zu Wort und gratulierte Cook zu seiner &#8222;epischen Karriere bei Apple&#8220;.<\/p>\n<p>Somit \u00fcbernahm John Ternus am 1. September die Leitung von Apple. Der 51-J\u00e4hrige war bislang als Vizepr\u00e4sident f\u00fcr Hardwareentwicklung t\u00e4tig. Bei Apple arbeitet er seit dem Jahr 2001. Bereits zuvor erkl\u00e4rte Ternus diesbez\u00fcglich:<\/p>\n<blockquote>\n<p><em>&#8222;Da ich nahezu meine gesamte Karriere bei Apple verbracht habe, hatte ich das Gl\u00fcck, unter Steve Jobs gearbeitet und Tim Cook als Mentor gehabt zu haben.&#8220;<\/em><\/p>\n<\/blockquote>\n<p>Cook wurde CEO von Apple nach dem Tod von Steve Jobs im Jahr 2011. Unter seiner F\u00fchrung entwickelte sich das Unternehmen zu einem der wertvollsten der Geschichte. Im Juli 2026 wurde Apple mit einer Marktkapitalisierung von fast\u00a0f\u00fcnf Billionen US-Dollar zum wertvollsten b\u00f6rsennotierten Unternehmen der Welt.<\/p>\n<p>Den F\u00fchrungswechsel hatte Apple im April bekannt gegeben. Anschlie\u00dfend wurde verk\u00fcndet, dass Cook auf den Posten des Verwaltungsratschefs wechselt.<\/p>\n<p><strong>Mehr zum Thema<\/strong> \u2013 <a href=\"https:\/\/de-rtnews.com\/gesellschaft\/289360-vk-verklagt-apple\/\" target=\"_blank\" rel=\"noopener noreferrer\">Russischer Digitalkonzern VK verklagt Apple wegen entfernter Apps<\/a><\/p>\n<div class=\"EmbedBlock-root EmbedBlock-externalVideo EmbedBlock-rumble\">\n<div class=\"VkEmbed\"><iframe class=\"lazyload\" data-src=\"https:\/\/rumble.com\/embed\/v79glpq\" frameborder=\"0\" width=\"853\" height=\"480\" allowfullscreen><\/iframe><\/div>\n<\/p><\/div>\n<p><a target=\"_blank\" rel=\"noopener noreferrer\" href=\"https:\/\/de-rtnews.com\/gesellschaft\/289360-vk-verklagt-apple\/\"><\/a><\/p>\n<\/div>","protected":false},"excerpt":{"rendered":"<p>Tim Cook ist als CEO von Apple offiziell zur\u00fcckgetreten. In einem Beitrag auf X (Twitter) am Montagabend teilte er folgende Botschaft mit: &#8222;An meinem letzten Tag als CEO sende ich der Apple-Community ganz viel Liebe. Mein Titel \u00e4ndert sich morgen, aber meine Liebe zur Apple-Community bleibt bestehen.&#8220; Cook sei grenzenlos dankbar und freue sich auf [&hellip;]<\/p>\n","protected":false},"author":1,"featured_media":4846,"comment_status":"closed","ping_status":"closed","sticky":false,"template":"","format":"standard","meta":{"_gspb_post_css":"","_uag_custom_page_level_css":"","fifu_image_url":"","fifu_image_alt":"","footnotes":""},"categories":[5],"tags":[],"class_list":["post-20472","post","type-post","status-publish","format-standard","has-post-thumbnail","hentry","category-politik"],"blocksy_meta":{"styles_descriptor":{"styles":{"desktop":"","tablet":"","mobile":""},"google_fonts":[],"version":7}},"uagb_featured_image_src":{"full":["https:\/\/mleexelnfod5.i.optimole.com\/w:auto\/h:auto\/q:mauto\/f:best\/https:\/\/i2.wp.com\/meiser-tv.de\/wp-content\/uploads\/2026\/05\/RSS-Hintergrund.jpg?w=1920&fit=1920,1080&ssl=1",1920,1080,true],"thumbnail":["https:\/\/mleexelnfod5.i.optimole.com\/w:auto\/h:auto\/q:mauto\/f:best\/https:\/\/i2.wp.com\/meiser-tv.de\/wp-content\/uploads\/2026\/05\/RSS-Hintergrund.jpg?w=150&resize=150,150&ssl=1",150,150,true],"medium":["https:\/\/mleexelnfod5.i.optimole.com\/w:auto\/h:auto\/q:mauto\/f:best\/https:\/\/i2.wp.com\/meiser-tv.de\/wp-content\/uploads\/2026\/05\/RSS-Hintergrund.jpg?w=300&fit=300,300&ssl=1",300,300,true],"medium_large":["https:\/\/mleexelnfod5.i.optimole.com\/w:auto\/h:auto\/q:mauto\/f:best\/https:\/\/i2.wp.com\/meiser-tv.de\/wp-content\/uploads\/2026\/05\/RSS-Hintergrund.jpg?w=768&resize=768,0&ssl=1",768,0,true],"large":["https:\/\/mleexelnfod5.i.optimole.com\/w:auto\/h:auto\/q:mauto\/f:best\/https:\/\/i2.wp.com\/meiser-tv.de\/wp-content\/uploads\/2026\/05\/RSS-Hintergrund.jpg?w=1024&fit=1024,1024&ssl=1",1024,1024,true],"1536x1536":["https:\/\/mleexelnfod5.i.optimole.com\/w:auto\/h:auto\/q:mauto\/f:best\/https:\/\/i2.wp.com\/meiser-tv.de\/wp-content\/uploads\/2026\/05\/RSS-Hintergrund.jpg?w=1536&fit=1536,1536&ssl=1",1536,1536,true],"2048x2048":["https:\/\/mleexelnfod5.i.optimole.com\/w:auto\/h:auto\/q:mauto\/f:best\/https:\/\/i2.wp.com\/meiser-tv.de\/wp-content\/uploads\/2026\/05\/RSS-Hintergrund.jpg?w=2048&fit=2048,2048&ssl=1",2048,2048,true],"trp-custom-language-flag":["https:\/\/mleexelnfod5.i.optimole.com\/w:auto\/h:auto\/q:mauto\/f:best\/https:\/\/i2.wp.com\/meiser-tv.de\/wp-content\/uploads\/2026\/05\/RSS-Hintergrund.jpg?w=18&fit=18,12&ssl=1",18,12,true]},"uagb_author_info":{"display_name":"admin","author_link":"https:\/\/meiser-tv.de\/en\/author\/admin\/"},"uagb_comment_info":0,"uagb_excerpt":"Tim Cook ist als CEO von Apple offiziell zur\u00fcckgetreten. In einem Beitrag auf X (Twitter) am Montagabend teilte er folgende Botschaft mit: &#8222;An meinem letzten Tag als CEO sende ich der Apple-Community ganz viel Liebe. Mein Titel \u00e4ndert sich morgen, aber meine Liebe zur Apple-Community bleibt bestehen.&#8220; Cook sei grenzenlos dankbar und freue sich auf&hellip;","_links":{"self":[{"href":"https:\/\/meiser-tv.de\/en\/wp-json\/wp\/v2\/posts\/20472","targetHints":{"allow":["GET"]}}],"collection":[{"href":"https:\/\/meiser-tv.de\/en\/wp-json\/wp\/v2\/posts"}],"about":[{"href":"https:\/\/meiser-tv.de\/en\/wp-json\/wp\/v2\/types\/post"}],"author":[{"embeddable":true,"href":"https:\/\/meiser-tv.de\/en\/wp-json\/wp\/v2\/users\/1"}],"replies":[{"embeddable":true,"href":"https:\/\/meiser-tv.de\/en\/wp-json\/wp\/v2\/comments?post=20472"}],"version-history":[{"count":0,"href":"https:\/\/meiser-tv.de\/en\/wp-json\/wp\/v2\/posts\/20472\/revisions"}],"wp:featuredmedia":[{"embeddable":true,"href":"https:\/\/meiser-tv.de\/en\/wp-json\/wp\/v2\/media\/4846"}],"wp:attachment":[{"href":"https:\/\/meiser-tv.de\/en\/wp-json\/wp\/v2\/media?parent=20472"}],"wp:term":[{"taxonomy":"category","embeddable":true,"href":"https:\/\/meiser-tv.de\/en\/wp-json\/wp\/v2\/categories?post=20472"},{"taxonomy":"post_tag","embeddable":true,"href":"https:\/\/meiser-tv.de\/en\/wp-json\/wp\/v2\/tags?post=20472"}],"curies":[{"name":"wp","href":"https:\/\/api.w.org\/{rel}","templated":true}]}}