{"id":20476,"date":"2026-09-01T21:03:25","date_gmt":"2026-09-01T19:03:25","guid":{"rendered":"https:\/\/meiser-tv.de\/politik\/europas-schwimmverband-sportler-aus-russland-und-weissrussland-starten-unter-nationaler-flagge\/"},"modified":"2026-09-01T21:03:25","modified_gmt":"2026-09-01T19:03:25","slug":"europas-schwimmverband-sportler-aus-russland-und-weissrussland-starten-unter-nationaler-flagge","status":"publish","type":"post","link":"https:\/\/meiser-tv.de\/en\/politik\/europas-schwimmverband-sportler-aus-russland-und-weissrussland-starten-unter-nationaler-flagge\/","title":{"rendered":"Europas Schwimmverband: Sportler aus Russland und Wei\u00dfrussland starten unter nationaler Flagge"},"content":{"rendered":"<div>\n<p>Der europ\u00e4ische Schwimmverband European Aquatics beendet den Sonderstatus f\u00fcr Sportler aus Russland und Wei\u00dfrussland. Wie der Verband auf seiner Webseite mitteilt, d\u00fcrfen sich erwachsene Athleten aus beiden L\u00e4ndern ab dem 1. September bei europ\u00e4ischen Wettbewerben wieder in nationalen Trikots, unter eigener Flagge und mit ihrer Hymne beteiligen.<\/p>\n<p>Zun\u00e4chst war dieser Schritt hinausgez\u00f6gert worden. Nach einer Sitzung des Verbandsvorstands Ende April bat der Kontinentalverband darum, eine am 13. April vom Weltverband beschlossene \u00d6ffnung erst zum 1. September auf europ\u00e4ische Wettk\u00e4mpfe anzuwenden. Bislang durften zugelassene Sportler aus Russland und Wei\u00dfrussland nur als neutrale Einzelathleten starten, das hei\u00dft ohne Landessymbole.<\/p>\n<p>Voraussetzung f\u00fcr die Teilnahme unter nationalen Symbolen bleiben laut World Aquatics vier aufeinanderfolgende Dopingkontrollen in Zusammenarbeit mit der internationalen Testagentur ITA sowie eine \u00dcberpr\u00fcfung des pers\u00f6nlichen Hintergrunds.<\/p>\n<p>Anfang Juli hatte das Internationale Olympische Komitee einen Teil seiner Beschr\u00e4nkungen gegen russische Sportler aufgehoben. Dabei wurde auch die Qualifikation in Mannschaftssportarten f\u00fcr die Sommerspiele 2028 in Los Angeles erlaubt. Ob russische Sportler bei Olympia unter nationalen Symbolen antreten d\u00fcrfen, entschied das IOC noch nicht. Wei\u00dfrussische Athleten waren im Mai vollst\u00e4ndig zugelassen worden.<\/p>\n<p>Die Entscheidung st\u00f6\u00dft in Europa auf Widerstand. Die Verb\u00e4nde von Polen und Norwegen sollen zuletzt mit Boykotten oder der K\u00fcndigung bereits vergebener Wettk\u00e4mpfe gedroht haben. Mehrere Weltverb\u00e4nde halten weiterhin an einem harten Kurs fest. Der Leichtathletik-Weltverband World Athletics schlie\u00dft russische und wei\u00dfrussische Athleten nach Angaben von nach wie vor aus, ebenso wie die Fu\u00dfballverb\u00e4nde FIFA und UEFA.<\/p>\n<p><strong>Mehr zum Thema<\/strong> \u2013 <a href=\"https:\/\/de-rtnews.com\/international\/288351-geheimdienst-bruessel-will-russlands-rueckkehr\/\" target=\"_blank\" rel=\"noopener noreferrer\">SWR: EU will Russlands R\u00fcckkehr in den Weltsport unbedingt verhindern<\/a><\/p>\n<div class=\"EmbedBlock-root EmbedBlock-externalVideo EmbedBlock-rumble\">\n<div class=\"VkEmbed\"><iframe class=\"lazyload\" data-src=\"https:\/\/rumble.com\/embed\/v7bzzn8\" frameborder=\"0\" width=\"853\" height=\"480\" allowfullscreen><\/iframe><\/div>\n<\/p><\/div>\n<\/p>\n<\/div>","protected":false},"excerpt":{"rendered":"<p>Der europ\u00e4ische Schwimmverband European Aquatics beendet den Sonderstatus f\u00fcr Sportler aus Russland und Wei\u00dfrussland. Wie der Verband auf seiner Webseite mitteilt, d\u00fcrfen sich erwachsene Athleten aus beiden L\u00e4ndern ab dem 1. September bei europ\u00e4ischen Wettbewerben wieder in nationalen Trikots, unter eigener Flagge und mit ihrer Hymne beteiligen. Zun\u00e4chst war dieser Schritt hinausgez\u00f6gert worden. Nach einer [&hellip;]<\/p>\n","protected":false},"author":1,"featured_media":4846,"comment_status":"closed","ping_status":"closed","sticky":false,"template":"","format":"standard","meta":{"_gspb_post_css":"","_uag_custom_page_level_css":"","fifu_image_url":"","fifu_image_alt":"","footnotes":""},"categories":[5],"tags":[],"class_list":["post-20476","post","type-post","status-publish","format-standard","has-post-thumbnail","hentry","category-politik"],"blocksy_meta":{"styles_descriptor":{"styles":{"desktop":"","tablet":"","mobile":""},"google_fonts":[],"version":7}},"uagb_featured_image_src":{"full":["https:\/\/mleexelnfod5.i.optimole.com\/w:auto\/h:auto\/q:mauto\/f:best\/https:\/\/i2.wp.com\/meiser-tv.de\/wp-content\/uploads\/2026\/05\/RSS-Hintergrund.jpg?w=1920&fit=1920,1080&ssl=1",1920,1080,true],"thumbnail":["https:\/\/mleexelnfod5.i.optimole.com\/w:auto\/h:auto\/q:mauto\/f:best\/https:\/\/i2.wp.com\/meiser-tv.de\/wp-content\/uploads\/2026\/05\/RSS-Hintergrund.jpg?w=150&resize=150,150&ssl=1",150,150,true],"medium":["https:\/\/mleexelnfod5.i.optimole.com\/w:auto\/h:auto\/q:mauto\/f:best\/https:\/\/i2.wp.com\/meiser-tv.de\/wp-content\/uploads\/2026\/05\/RSS-Hintergrund.jpg?w=300&fit=300,300&ssl=1",300,300,true],"medium_large":["https:\/\/mleexelnfod5.i.optimole.com\/w:auto\/h:auto\/q:mauto\/f:best\/https:\/\/i2.wp.com\/meiser-tv.de\/wp-content\/uploads\/2026\/05\/RSS-Hintergrund.jpg?w=768&resize=768,0&ssl=1",768,0,true],"large":["https:\/\/mleexelnfod5.i.optimole.com\/w:auto\/h:auto\/q:mauto\/f:best\/https:\/\/i2.wp.com\/meiser-tv.de\/wp-content\/uploads\/2026\/05\/RSS-Hintergrund.jpg?w=1024&fit=1024,1024&ssl=1",1024,1024,true],"1536x1536":["https:\/\/mleexelnfod5.i.optimole.com\/w:auto\/h:auto\/q:mauto\/f:best\/https:\/\/i2.wp.com\/meiser-tv.de\/wp-content\/uploads\/2026\/05\/RSS-Hintergrund.jpg?w=1536&fit=1536,1536&ssl=1",1536,1536,true],"2048x2048":["https:\/\/mleexelnfod5.i.optimole.com\/w:auto\/h:auto\/q:mauto\/f:best\/https:\/\/i2.wp.com\/meiser-tv.de\/wp-content\/uploads\/2026\/05\/RSS-Hintergrund.jpg?w=2048&fit=2048,2048&ssl=1",2048,2048,true],"trp-custom-language-flag":["https:\/\/mleexelnfod5.i.optimole.com\/w:auto\/h:auto\/q:mauto\/f:best\/https:\/\/i2.wp.com\/meiser-tv.de\/wp-content\/uploads\/2026\/05\/RSS-Hintergrund.jpg?w=18&fit=18,12&ssl=1",18,12,true]},"uagb_author_info":{"display_name":"admin","author_link":"https:\/\/meiser-tv.de\/en\/author\/admin\/"},"uagb_comment_info":0,"uagb_excerpt":"Der europ\u00e4ische Schwimmverband European Aquatics beendet den Sonderstatus f\u00fcr Sportler aus Russland und Wei\u00dfrussland. Wie der Verband auf seiner Webseite mitteilt, d\u00fcrfen sich erwachsene Athleten aus beiden L\u00e4ndern ab dem 1. September bei europ\u00e4ischen Wettbewerben wieder in nationalen Trikots, unter eigener Flagge und mit ihrer Hymne beteiligen. Zun\u00e4chst war dieser Schritt hinausgez\u00f6gert worden. Nach einer&hellip;","_links":{"self":[{"href":"https:\/\/meiser-tv.de\/en\/wp-json\/wp\/v2\/posts\/20476","targetHints":{"allow":["GET"]}}],"collection":[{"href":"https:\/\/meiser-tv.de\/en\/wp-json\/wp\/v2\/posts"}],"about":[{"href":"https:\/\/meiser-tv.de\/en\/wp-json\/wp\/v2\/types\/post"}],"author":[{"embeddable":true,"href":"https:\/\/meiser-tv.de\/en\/wp-json\/wp\/v2\/users\/1"}],"replies":[{"embeddable":true,"href":"https:\/\/meiser-tv.de\/en\/wp-json\/wp\/v2\/comments?post=20476"}],"version-history":[{"count":0,"href":"https:\/\/meiser-tv.de\/en\/wp-json\/wp\/v2\/posts\/20476\/revisions"}],"wp:featuredmedia":[{"embeddable":true,"href":"https:\/\/meiser-tv.de\/en\/wp-json\/wp\/v2\/media\/4846"}],"wp:attachment":[{"href":"https:\/\/meiser-tv.de\/en\/wp-json\/wp\/v2\/media?parent=20476"}],"wp:term":[{"taxonomy":"category","embeddable":true,"href":"https:\/\/meiser-tv.de\/en\/wp-json\/wp\/v2\/categories?post=20476"},{"taxonomy":"post_tag","embeddable":true,"href":"https:\/\/meiser-tv.de\/en\/wp-json\/wp\/v2\/tags?post=20476"}],"curies":[{"name":"wp","href":"https:\/\/api.w.org\/{rel}","templated":true}]}}