{"id":20519,"date":"2026-09-02T08:03:13","date_gmt":"2026-09-02T06:03:13","guid":{"rendered":"https:\/\/meiser-tv.de\/uncategorized\/woher-kommt-das-kommando-gleichschaltung-von-regierungschefs-nato-spitzen-erklaeren-russland-zum-taeter-doch-die-beweise-bleiben-geheim\/"},"modified":"2026-09-02T08:03:13","modified_gmt":"2026-09-02T06:03:13","slug":"woher-kommt-das-kommando-gleichschaltung-von-regierungschefs-nato-spitzen-erklaeren-russland-zum-taeter-doch-die-beweise-bleiben-geheim","status":"publish","type":"post","link":"https:\/\/meiser-tv.de\/en\/uncategorized\/woher-kommt-das-kommando-gleichschaltung-von-regierungschefs-nato-spitzen-erklaeren-russland-zum-taeter-doch-die-beweise-bleiben-geheim\/","title":{"rendered":"Woher kommt das Kommando? Gleichschaltung von Regierungschefs: NATO-Spitzen erkl\u00e4ren Russland zum T\u00e4ter \u2013 doch die Beweise bleiben geheim"},"content":{"rendered":"<div>\n<p class=\"wp-block-paragraph\">Es ist ein Bild, das die politische Realit\u00e4t des Westens beinahe perfekt zusammenfasst. Mark Rutte, Emmanuel Macron, Ursula von der Leyen, Alexander Stubb, Giorgia Meloni, Pedro S\u00e1nchez, Ulf Kristersson und weitere Spitzenpolitiker treten nicht gemeinsam vor eine Kamera \u2013 und klingen trotzdem, als h\u00e4tten sie gemeinsam an derselben Erkl\u00e4rung geschrieben.<\/p>\n<p class=\"wp-block-paragraph\">Ausl\u00f6ser des politischen NATO-Chors ist ein Vorfall am Flughafen Leipzig\/Halle vom 4. August: Dort wurde eine mit Sprengstoff pr\u00e4parierte Drohne in der N\u00e4he ukrainischer Frachtmaschinen entdeckt. Die Bundesregierung erkl\u00e4rte am 1. September Russland zum Verantwortlichen und beruft sich dabei auf Polizeiermittlungen, technische \u00dcbereinstimmungen mit fr\u00fcheren Operationen und geheimdienstliche Erkenntnisse. Entscheidend ist jedoch: <strong>Die Erkenntnisse, die den russischen Staat konkret mit dem Anschlagsversuch verbinden sollen, wurden der \u00d6ffentlichkeit bislang nicht  vorgelegt; Tatverd\u00e4chtige wurden bisher nicht festgenommen.<\/strong> Trotzdem sprechen NATO- und EU-Spitzen bereits von einem bewiesenen russischen Angriff.<\/p>\n<p class=\"wp-block-paragraph\">Russland habe Deutschland angegriffen. Russland wolle Europa einsch\u00fcchtern. Russland wolle die NATO spalten. Russland wolle die Unterst\u00fctzung f\u00fcr die Ukraine brechen. Europa m\u00fcsse deshalb zusammenstehen, Russland abschrecken und die Ukraine noch st\u00e4rker unterst\u00fctzen.<\/p>\n<p class=\"wp-block-paragraph\">Die Botschaft steht. Der Schuldige steht fest. Die Konsequenzen ebenfalls.<\/p>\n<p class=\"wp-block-paragraph\"><strong>Nur eines fehlt f\u00fcr die \u00d6ffentlichkeit: die entscheidende Beweiskette.<\/strong><\/p>\n<blockquote class=\"twitter-tweet\">\n<p lang=\"de\" dir=\"ltr\">Gleichschaltung von Regierungschefs, NATO und EU zum angeblichen Drohnenangriff auf den Flughafen in Leipzig, den man Moskau \/ Putin in die Schuhe schieben m\u00f6chte<\/p>\n<p>Es stinkt nach einer PsyOp \/ False Flag, um einen Krieg mit Russland zu provozieren. <\/p>\n<p>Die Motivation unserer\u2026 <a target=\"_blank\" rel=\"noopener noreferrer\" href=\"https:\/\/t.co\/b7KLwOKjTr\">https:\/\/t.co\/b7KLwOKjTr<\/a> <a target=\"_blank\" rel=\"noopener noreferrer\" href=\"https:\/\/t.co\/GBojPyqXXX\">pic.twitter.com\/GBojPyqXXX<\/a><\/p>\n<p>\u2014 Markus Haintz (@Haintz_MediaLaw) <a target=\"_blank\" rel=\"noopener noreferrer\" href=\"https:\/\/x.com\/Haintz_MediaLaw\/status\/2094914163621638330?ref_src=twsrc%5Etfw\">September 1, 2026<\/a><\/p><\/blockquote>\n<p> <script async src=\"https:\/\/platform.x.com\/widgets.js\" charset=\"utf-8\"><\/script><\/p>\n<p class=\"wp-block-paragraph\">Die Bundesregierung beruft sich auf Polizeiermittlungen, Tatmuster und geheimdienstliche Erkenntnisse. Sie sagt, Personen h\u00e4tten im Auftrag russischer staatlicher Stellen gehandelt. Welche Stellen? Welche Auftraggeber? Welche Kommunikation verbindet sie mit Moskau? Genau an dieser entscheidenden Stelle endet die \u00f6ffentliche Nachpr\u00fcfbarkeit. Selbst aktuelle Berichte halten fest, dass die Bundesregierung die konkreten Erkenntnisse, die den Vorfall mit Moskau verbinden sollen, nicht vollst\u00e4ndig ver\u00f6ffentlicht hat.<\/p>\n<p class=\"wp-block-paragraph\">NATO-Generalsekret\u00e4r Rutte st\u00f6rt das nicht. F\u00fcr ihn sind die Beweise bereits \u201eeindeutig\u201c. Und binnen Stunden \u00fcbernimmt ein erheblicher Teil der westlichen F\u00fchrung dieselbe politische Interpretation.<\/p>\n<p class=\"wp-block-paragraph\">Das ist bemerkenswert. Denn normalerweise m\u00fcsste bei einer derart schweren Anschuldigung die Beweislage die politische Gewissheit erzeugen. Hier erlebt die \u00d6ffentlichkeit das Gegenteil: <strong>Die politische Gewissheit ist maximal, w\u00e4hrend ein entscheidender Teil der Beweisf\u00fchrung geheim bleibt.<\/strong><\/p>\n<p class=\"wp-block-paragraph\">Man sollte deshalb eine Frage stellen, die im westlichen Gleichklang erstaunlich wenig vorkommt: <strong>Warum sollte Russland das \u00fcberhaupt tun?<\/strong><\/p>\n<p class=\"wp-block-paragraph\">Was h\u00e4tte Moskau strategisch davon, ausgerechnet Deutschland einen Anschlagsgrund zu liefern?<\/p>\n<p class=\"wp-block-paragraph\">Ein solcher Angriff w\u00fcrde keinen Krieg in der Ukraine entscheiden, keine deutsche Waffenlieferung verhindern und die NATO keinen Zentimeter zur\u00fcckdr\u00e4ngen. Seine vorhersehbare Wirkung w\u00e4re vielmehr, Russland politisch weiter zu isolieren, neue Sanktionen zu provozieren, die NATO enger zusammenzur\u00fccken und den europ\u00e4ischen Regierungen ein zus\u00e4tzliches Argument f\u00fcr Aufr\u00fcstung und weitere Waffenlieferungen an Kiew zu verschaffen.<\/p>\n<p class=\"wp-block-paragraph\">Und genau das geschieht jetzt.<\/p>\n<p class=\"wp-block-paragraph\">Deutschland schlie\u00dft das russische Generalkonsulat in Bonn, beendet den Vertrag mit dem Russischen Haus, versch\u00e4rft Einreisekontrollen, fordert weitere Sanktionen und will den Druck auf die russische Schattenflotte erh\u00f6hen. Gleichzeitig erkl\u00e4rt Berlin ausdr\u00fccklich, die zivile und milit\u00e4rische Unterst\u00fctzung der Ukraine fortzusetzen.<\/p>\n<p class=\"wp-block-paragraph\">Russland h\u00e4tte demnach eine Operation durchgef\u00fchrt, deren politische Dividende fast vollst\u00e4ndig beim Gegner landet.<\/p>\n<p class=\"wp-block-paragraph\">Das schlie\u00dft russische Verantwortung keineswegs aus. Geheimdienste handeln nicht immer rational, Operationen k\u00f6nnen scheitern und Staaten k\u00f6nnen sich verkalkulieren. Aber wenn ein behauptetes Motiv derart schlecht zum vorhersehbaren Ergebnis passt, w\u00e4re es Aufgabe einer kritischen Presse, genau dort nachzuhaken.<\/p>\n<p class=\"wp-block-paragraph\">Stattdessen wird die NATO-Erz\u00e4hlung nahezu geschlossen weitergereicht.<\/p>\n<p class=\"wp-block-paragraph\">Besonders auff\u00e4llig ist dabei die Sprache. Rutte erkl\u00e4rt, Russland wolle die westliche Einheit untergraben und die Unterst\u00fctzung f\u00fcr die Ukraine schw\u00e4chen. Stubb benutzt praktisch dieselbe Argumentation. Kristersson ebenfalls. Meloni spricht von russischen Einsch\u00fcchterungsversuchen. Macron fordert angesichts der angeblichen Eskalation eine St\u00e4rkung der Ukraine-Unterst\u00fctzung. Von der Leyen verbindet den Vorgang unmittelbar mit weiteren Sanktionen.<\/p>\n<p class=\"wp-block-paragraph\">Das muss keine geheime Verschw\u00f6rung sein. NATO-Staaten koordinieren ihre politische Kommunikation \u2013 genau daf\u00fcr existiert ein B\u00fcndnis.<\/p>\n<p class=\"wp-block-paragraph\">Aber gerade diese Koordination sollte Medien hellh\u00f6rig machen.<\/p>\n<p class=\"wp-block-paragraph\"><strong>Denn die NATO ist kein unabh\u00e4ngiges Untersuchungsorgan, sondern ein Milit\u00e4rb\u00fcndnis das von den USA kontrolliert wird. Und innerhalb dieses B\u00fcndnisses sind die Machtverh\u00e4ltnisse eindeutig. Die Vereinigten Staaten stellen mit Abstand die gr\u00f6\u00dfte milit\u00e4rische Macht, verf\u00fcgen \u00fcber den nuklearen Kern der Abschreckung und pr\u00e4gen seit Jahrzehnten die strategische Ausrichtung des B\u00fcndnisses. Europ\u00e4ische Regierungen m\u00f6gen souver\u00e4n entscheiden \u2013 sicherheitspolitisch bewegen sie sich dennoch in einer von Washington ma\u00dfgeblich bestimmten Architektur.<\/strong><\/p>\n<p class=\"wp-block-paragraph\">Wenn dieses B\u00fcndnis einen geopolitischen Gegner beschuldigt, sollte Journalismus deshalb nicht zum Lautsprecher des B\u00fcndnisses werden.<\/p>\n<p class=\"wp-block-paragraph\">Er sollte Abstand halten.<\/p>\n<p class=\"wp-block-paragraph\">Denn Europa befindet sich l\u00e4ngst in einer gef\u00e4hrlichen politischen Entwicklung. Russland wird nicht mehr nur als Gegner im Ukrainekrieg beschrieben, sondern zunehmend als unmittelbare Bedrohung des europ\u00e4ischen Alltags. Sabotage, Cyberangriffe, Desinformation, Drohnen, Spionage \u2013 alles f\u00fcgt sich in das Bild eines unsichtbaren Krieges, der angeblich bereits \u00fcberall stattfindet.<\/p>\n<p class=\"wp-block-paragraph\">Der deutsche Au\u00dfenminister Johann Wadephul brachte diese neue Realit\u00e4t auf die bemerkenswerte Formel: <strong>\u201eWir sind nicht im Krieg, aber wir sind ein t\u00e4gliches Ziel hybrider Kriegsf\u00fchrung.\u201c<\/strong><\/p>\n<p class=\"wp-block-paragraph\">Ein politisch \u00e4u\u00dferst wirkungsvoller Satz.<\/p>\n<p class=\"wp-block-paragraph\"><strong>Denn wenn man nicht im Krieg ist und gleichzeitig t\u00e4glich Krieg gegen einen gef\u00fchrt wird, befindet man sich in einem Zustand, in dem praktisch jede weitere Aufr\u00fcstung als Verteidigung verkauft werden kann.<\/strong><\/p>\n<p class=\"wp-block-paragraph\">Europa soll mehr Geld f\u00fcr Waffen ausgeben, seine R\u00fcstungsproduktion massiv erh\u00f6hen, seine Infrastruktur milit\u00e4risch ert\u00fcchtigen und sich auf eine langfristige Konfrontation mit Russland vorbereiten. Gleichzeitig k\u00e4mpft der Kontinent mit schwachem Wachstum, hohen Energiekosten, Schulden und einer Industrie, die international an Wettbewerbsf\u00e4higkeit verliert.<\/p>\n<p class=\"wp-block-paragraph\">Die Bedrohungserz\u00e4hlung liefert daf\u00fcr den politischen Kitt.<\/p>\n<p class=\"wp-block-paragraph\">Aber ebenso wenig darf daraus folgen, dass jede westliche Geheimdienstbehauptung automatisch zur Wahrheit wird.<\/p>\n<p class=\"wp-block-paragraph\">Gerade die Geschichte der vergangenen Jahrzehnte m\u00fcsste das Gegenteil gelehrt haben. Geheimdienstliche Gewissheiten wurden schon fr\u00fcher benutzt, um weitreichende politische und milit\u00e4rische Entscheidungen zu legitimieren. Wenn Regierungen deshalb heute erkl\u00e4ren, die Beweise seien eindeutig, darf die Antwort einer freien Presse nicht lauten: <strong>Dann glauben wir euch.<\/strong><\/p>\n<p class=\"wp-block-paragraph\">Sie muss lauten: <strong>Dann zeigt, was ihr zeigen k\u00f6nnt.<\/strong><\/p>\n<p class=\"wp-block-paragraph\">Stattdessen sehen wir auf diesem Bild etwas anderes: Staats- und Regierungschefs eines von den USA dominierten Milit\u00e4rblocks \u00fcbernehmen in erstaunlicher Geschwindigkeit dieselbe Schuldzuweisung, dieselbe Interpretation des russischen Motivs und nahezu dieselbe politische Antwort.<\/p>\n<p class=\"wp-block-paragraph\">Aus einer deutschen Attribution wird binnen Stunden eine europ\u00e4ische Gewissheit.<\/p>\n<p class=\"wp-block-paragraph\">Vielleicht wird Berlin seine Anschuldigung noch \u00fcberzeugend belegen. Vielleicht existieren tats\u00e4chlich Informationen, die eine russische Steuerung zweifelsfrei nachweisen. Dann m\u00fcssen diese Erkenntnisse entsprechend bewertet werden.<\/p>\n<p class=\"wp-block-paragraph\"><strong>Bis dahin bleibt jedoch ein bemerkenswertes Bild: Ein ganzer politischer Block spricht mit einer Stimme \u00fcber \u201eeindeutige Beweise\u201c, w\u00e4hrend diejenigen, die diese Politik bezahlen, ihre Konsequenzen tragen und im schlimmsten Fall irgendwann f\u00fcr sie in den Krieg ziehen sollen, genau diese entscheidenden Beweise nicht sehen k\u00f6nnen.<\/strong><\/p>\n<\/div>","protected":false},"excerpt":{"rendered":"<p>Es ist ein Bild, das die politische Realit\u00e4t des Westens beinahe perfekt zusammenfasst. Mark Rutte, Emmanuel Macron, Ursula von der Leyen, Alexander Stubb, Giorgia Meloni, Pedro S\u00e1nchez, Ulf Kristersson und weitere Spitzenpolitiker treten nicht gemeinsam vor eine Kamera \u2013 und klingen trotzdem, als h\u00e4tten sie gemeinsam an derselben Erkl\u00e4rung geschrieben. Ausl\u00f6ser des politischen NATO-Chors ist [&hellip;]<\/p>\n","protected":false},"author":1,"featured_media":4846,"comment_status":"closed","ping_status":"closed","sticky":false,"template":"","format":"standard","meta":{"_gspb_post_css":"","_uag_custom_page_level_css":"","fifu_image_url":"","fifu_image_alt":"","footnotes":""},"categories":[1],"tags":[],"class_list":["post-20519","post","type-post","status-publish","format-standard","has-post-thumbnail","hentry","category-uncategorized"],"blocksy_meta":{"styles_descriptor":{"styles":{"desktop":"","tablet":"","mobile":""},"google_fonts":[],"version":7}},"uagb_featured_image_src":{"full":["https:\/\/mleexelnfod5.i.optimole.com\/w:auto\/h:auto\/q:mauto\/f:best\/https:\/\/i2.wp.com\/meiser-tv.de\/wp-content\/uploads\/2026\/05\/RSS-Hintergrund.jpg?w=1920&fit=1920,1080&ssl=1",1920,1080,true],"thumbnail":["https:\/\/mleexelnfod5.i.optimole.com\/w:auto\/h:auto\/q:mauto\/f:best\/https:\/\/i2.wp.com\/meiser-tv.de\/wp-content\/uploads\/2026\/05\/RSS-Hintergrund.jpg?w=150&resize=150,150&ssl=1",150,150,true],"medium":["https:\/\/mleexelnfod5.i.optimole.com\/w:auto\/h:auto\/q:mauto\/f:best\/https:\/\/i2.wp.com\/meiser-tv.de\/wp-content\/uploads\/2026\/05\/RSS-Hintergrund.jpg?w=300&fit=300,300&ssl=1",300,300,true],"medium_large":["https:\/\/mleexelnfod5.i.optimole.com\/w:auto\/h:auto\/q:mauto\/f:best\/https:\/\/i2.wp.com\/meiser-tv.de\/wp-content\/uploads\/2026\/05\/RSS-Hintergrund.jpg?w=768&resize=768,0&ssl=1",768,0,true],"large":["https:\/\/mleexelnfod5.i.optimole.com\/w:auto\/h:auto\/q:mauto\/f:best\/https:\/\/i2.wp.com\/meiser-tv.de\/wp-content\/uploads\/2026\/05\/RSS-Hintergrund.jpg?w=1024&fit=1024,1024&ssl=1",1024,1024,true],"1536x1536":["https:\/\/mleexelnfod5.i.optimole.com\/w:auto\/h:auto\/q:mauto\/f:best\/https:\/\/i2.wp.com\/meiser-tv.de\/wp-content\/uploads\/2026\/05\/RSS-Hintergrund.jpg?w=1536&fit=1536,1536&ssl=1",1536,1536,true],"2048x2048":["https:\/\/mleexelnfod5.i.optimole.com\/w:auto\/h:auto\/q:mauto\/f:best\/https:\/\/i2.wp.com\/meiser-tv.de\/wp-content\/uploads\/2026\/05\/RSS-Hintergrund.jpg?w=2048&fit=2048,2048&ssl=1",2048,2048,true],"trp-custom-language-flag":["https:\/\/mleexelnfod5.i.optimole.com\/w:auto\/h:auto\/q:mauto\/f:best\/https:\/\/i2.wp.com\/meiser-tv.de\/wp-content\/uploads\/2026\/05\/RSS-Hintergrund.jpg?w=18&fit=18,12&ssl=1",18,12,true]},"uagb_author_info":{"display_name":"admin","author_link":"https:\/\/meiser-tv.de\/en\/author\/admin\/"},"uagb_comment_info":0,"uagb_excerpt":"Es ist ein Bild, das die politische Realit\u00e4t des Westens beinahe perfekt zusammenfasst. Mark Rutte, Emmanuel Macron, Ursula von der Leyen, Alexander Stubb, Giorgia Meloni, Pedro S\u00e1nchez, Ulf Kristersson und weitere Spitzenpolitiker treten nicht gemeinsam vor eine Kamera \u2013 und klingen trotzdem, als h\u00e4tten sie gemeinsam an derselben Erkl\u00e4rung geschrieben. Ausl\u00f6ser des politischen NATO-Chors ist&hellip;","_links":{"self":[{"href":"https:\/\/meiser-tv.de\/en\/wp-json\/wp\/v2\/posts\/20519","targetHints":{"allow":["GET"]}}],"collection":[{"href":"https:\/\/meiser-tv.de\/en\/wp-json\/wp\/v2\/posts"}],"about":[{"href":"https:\/\/meiser-tv.de\/en\/wp-json\/wp\/v2\/types\/post"}],"author":[{"embeddable":true,"href":"https:\/\/meiser-tv.de\/en\/wp-json\/wp\/v2\/users\/1"}],"replies":[{"embeddable":true,"href":"https:\/\/meiser-tv.de\/en\/wp-json\/wp\/v2\/comments?post=20519"}],"version-history":[{"count":0,"href":"https:\/\/meiser-tv.de\/en\/wp-json\/wp\/v2\/posts\/20519\/revisions"}],"wp:featuredmedia":[{"embeddable":true,"href":"https:\/\/meiser-tv.de\/en\/wp-json\/wp\/v2\/media\/4846"}],"wp:attachment":[{"href":"https:\/\/meiser-tv.de\/en\/wp-json\/wp\/v2\/media?parent=20519"}],"wp:term":[{"taxonomy":"category","embeddable":true,"href":"https:\/\/meiser-tv.de\/en\/wp-json\/wp\/v2\/categories?post=20519"},{"taxonomy":"post_tag","embeddable":true,"href":"https:\/\/meiser-tv.de\/en\/wp-json\/wp\/v2\/tags?post=20519"}],"curies":[{"name":"wp","href":"https:\/\/api.w.org\/{rel}","templated":true}]}}