{"id":20530,"date":"2026-09-02T09:02:50","date_gmt":"2026-09-02T07:02:50","guid":{"rendered":"https:\/\/meiser-tv.de\/medienkritik\/sachsen-anhalt-fdp-kubicki-droht-afd-regierung-mit-staatskommissar\/"},"modified":"2026-09-02T09:02:50","modified_gmt":"2026-09-02T07:02:50","slug":"sachsen-anhalt-fdp-kubicki-droht-afd-regierung-mit-staatskommissar","status":"publish","type":"post","link":"https:\/\/meiser-tv.de\/en\/medienkritik\/sachsen-anhalt-fdp-kubicki-droht-afd-regierung-mit-staatskommissar\/","title":{"rendered":"Sachsen-Anhalt: FDP-Kubicki droht AfD-Regierung mit \u201eStaatskommissar\u201c"},"content":{"rendered":"<div>\n<p class=\"wp-block-paragraph\">Der Vorsitzende der FDP-Politsekte, Wolfgang Kubicki, hat einer m\u00f6glichen AfD-Landesregierung in Sachsen-Anhalt mit der Einsetzung eines \u201eStaatskommissars\u201c gedroht. Im Sender ntv betonte der fr\u00fchere Bundestags-Vizepr\u00e4sident, auch eine AfD-Regierung bleibe an Verfassung und Gesetze gebunden. Halte sie sich nicht daran, k\u00f6nne der Bund eingreifen.<\/p>\n<p class=\"wp-block-paragraph\">\u201eIch drohe mit Bundeszwang, wenn die AfD sich nicht an Bundesgesetze halten will. Der Bund kann einen Staatskommissar einsetzen und die Regierung entmachten, wenn sie sich nicht an Bundesgesetze h\u00e4lt\u201c, so Kubicki w\u00f6rtlich.<\/p>\n<p class=\"wp-block-paragraph\"><strong>Geht das \u00fcberhaupt?<\/strong><\/p>\n<p class=\"wp-block-paragraph\">Tats\u00e4chlich kann der Bund einen \u201eStaatskommissar\u201c einsetzen. Dies ist jedoch das \u00e4u\u00dferste verfassungsrechtliche Mittel und ist an extrem strenge Bedingungen gekn\u00fcpft. Rechtliche Grundlage ist der sogenannte Bundeszwang nach Artikel 37 Grundgesetzes. Der gilt f\u00fcr den Fall, dass sich eine Landesregierung weigert, Bundesgesetze umzusetzen. Zwingend notwendig w\u00e4re die Zustimmung des Bundesrates mit absoluter Mehrheit. In der Geschichte der Bundesrepublik Deutschland wurde der Bundeszwang allerdings noch nie angewendet.<\/p>\n<p><strong>Beitrag:<\/strong> <a target=\"_blank\" rel=\"noopener noreferrer\" href=\"https:\/\/deutschlandkurier.de\/2026\/09\/sachsen-anhalt-fdp-kubicki-droht-afd-regierung-mit-staatskommissar\/\">Sachsen-Anhalt: FDP-Kubicki droht AfD-Regierung mit \u201eStaatskommissar\u201c<\/a> <br><strong>Quelle:<\/strong> Deutschland-Kurier.<\/p>\n<\/div>","protected":false},"excerpt":{"rendered":"<div>\n<p>Der Vorsitzende der FDP-Politsekte, Wolfgang Kubicki, hat einer m\u00f6glichen AfD-Landesregierung in Sachsen-Anhalt mit der Einsetzung eines \u201eStaatskommissars\u201c gedroht. Im Sender ntv betonte der fr\u00fchere Bundestags-Vizepr\u00e4sident, auch eine AfD-Regierung bleibe an Verfassung und Gesetze gebunden. Halte sie sich nicht daran, k\u00f6nne der Bund eingreifen. \u201eIch drohe mit Bundeszwang, wenn die AfD sich nicht an Bundesgesetze halten [\u2026]<\/p>\n<p>The post <a href=\"https:\/\/deutschlandkurier.de\/2026\/09\/sachsen-anhalt-fdp-kubicki-droht-afd-regierung-mit-staatskommissar\/\">Sachsen-Anhalt: FDP-Kubicki droht AfD-Regierung mit \u201eStaatskommissar\u201c<\/a> appeared first on <a href=\"https:\/\/deutschlandkurier.de\/\">Deutschland-Kurier<\/a>.<\/p>\n<\/div>\n","protected":false},"author":1,"featured_media":4846,"comment_status":"closed","ping_status":"closed","sticky":false,"template":"","format":"standard","meta":{"_gspb_post_css":"","_uag_custom_page_level_css":"","fifu_image_url":"","fifu_image_alt":"","footnotes":""},"categories":[17],"tags":[],"class_list":["post-20530","post","type-post","status-publish","format-standard","has-post-thumbnail","hentry","category-medienkritik"],"blocksy_meta":{"styles_descriptor":{"styles":{"desktop":"","tablet":"","mobile":""},"google_fonts":[],"version":7}},"uagb_featured_image_src":{"full":["https:\/\/mleexelnfod5.i.optimole.com\/w:auto\/h:auto\/q:mauto\/f:best\/https:\/\/i2.wp.com\/meiser-tv.de\/wp-content\/uploads\/2026\/05\/RSS-Hintergrund.jpg?w=1920&fit=1920,1080&ssl=1",1920,1080,true],"thumbnail":["https:\/\/mleexelnfod5.i.optimole.com\/w:auto\/h:auto\/q:mauto\/f:best\/https:\/\/i2.wp.com\/meiser-tv.de\/wp-content\/uploads\/2026\/05\/RSS-Hintergrund.jpg?w=150&resize=150,150&ssl=1",150,150,true],"medium":["https:\/\/mleexelnfod5.i.optimole.com\/w:auto\/h:auto\/q:mauto\/f:best\/https:\/\/i2.wp.com\/meiser-tv.de\/wp-content\/uploads\/2026\/05\/RSS-Hintergrund.jpg?w=300&fit=300,300&ssl=1",300,300,true],"medium_large":["https:\/\/mleexelnfod5.i.optimole.com\/w:auto\/h:auto\/q:mauto\/f:best\/https:\/\/i2.wp.com\/meiser-tv.de\/wp-content\/uploads\/2026\/05\/RSS-Hintergrund.jpg?w=768&resize=768,0&ssl=1",768,0,true],"large":["https:\/\/mleexelnfod5.i.optimole.com\/w:auto\/h:auto\/q:mauto\/f:best\/https:\/\/i2.wp.com\/meiser-tv.de\/wp-content\/uploads\/2026\/05\/RSS-Hintergrund.jpg?w=1024&fit=1024,1024&ssl=1",1024,1024,true],"1536x1536":["https:\/\/mleexelnfod5.i.optimole.com\/w:auto\/h:auto\/q:mauto\/f:best\/https:\/\/i2.wp.com\/meiser-tv.de\/wp-content\/uploads\/2026\/05\/RSS-Hintergrund.jpg?w=1536&fit=1536,1536&ssl=1",1536,1536,true],"2048x2048":["https:\/\/mleexelnfod5.i.optimole.com\/w:auto\/h:auto\/q:mauto\/f:best\/https:\/\/i2.wp.com\/meiser-tv.de\/wp-content\/uploads\/2026\/05\/RSS-Hintergrund.jpg?w=2048&fit=2048,2048&ssl=1",2048,2048,true],"trp-custom-language-flag":["https:\/\/mleexelnfod5.i.optimole.com\/w:auto\/h:auto\/q:mauto\/f:best\/https:\/\/i2.wp.com\/meiser-tv.de\/wp-content\/uploads\/2026\/05\/RSS-Hintergrund.jpg?w=18&fit=18,12&ssl=1",18,12,true]},"uagb_author_info":{"display_name":"admin","author_link":"https:\/\/meiser-tv.de\/en\/author\/admin\/"},"uagb_comment_info":0,"uagb_excerpt":"Der Vorsitzende der FDP-Politsekte, Wolfgang Kubicki, hat einer m\u00f6glichen AfD-Landesregierung in Sachsen-Anhalt mit der Einsetzung eines \u201eStaatskommissars\u201c gedroht. Im Sender ntv betonte der fr\u00fchere Bundestags-Vizepr\u00e4sident, auch eine AfD-Regierung bleibe an Verfassung und Gesetze gebunden. Halte sie sich nicht daran, k\u00f6nne der Bund eingreifen. \u201eIch drohe mit Bundeszwang, wenn die AfD sich nicht an Bundesgesetze halten&hellip;","_links":{"self":[{"href":"https:\/\/meiser-tv.de\/en\/wp-json\/wp\/v2\/posts\/20530","targetHints":{"allow":["GET"]}}],"collection":[{"href":"https:\/\/meiser-tv.de\/en\/wp-json\/wp\/v2\/posts"}],"about":[{"href":"https:\/\/meiser-tv.de\/en\/wp-json\/wp\/v2\/types\/post"}],"author":[{"embeddable":true,"href":"https:\/\/meiser-tv.de\/en\/wp-json\/wp\/v2\/users\/1"}],"replies":[{"embeddable":true,"href":"https:\/\/meiser-tv.de\/en\/wp-json\/wp\/v2\/comments?post=20530"}],"version-history":[{"count":0,"href":"https:\/\/meiser-tv.de\/en\/wp-json\/wp\/v2\/posts\/20530\/revisions"}],"wp:featuredmedia":[{"embeddable":true,"href":"https:\/\/meiser-tv.de\/en\/wp-json\/wp\/v2\/media\/4846"}],"wp:attachment":[{"href":"https:\/\/meiser-tv.de\/en\/wp-json\/wp\/v2\/media?parent=20530"}],"wp:term":[{"taxonomy":"category","embeddable":true,"href":"https:\/\/meiser-tv.de\/en\/wp-json\/wp\/v2\/categories?post=20530"},{"taxonomy":"post_tag","embeddable":true,"href":"https:\/\/meiser-tv.de\/en\/wp-json\/wp\/v2\/tags?post=20530"}],"curies":[{"name":"wp","href":"https:\/\/api.w.org\/{rel}","templated":true}]}}