{"id":20532,"date":"2026-09-02T09:04:12","date_gmt":"2026-09-02T07:04:12","guid":{"rendered":"https:\/\/meiser-tv.de\/uncategorized\/die-versuche-die-covid-geschichte-umzuschreiben-koennten-einen-neuen-tiefpunkt-erreicht-haben\/"},"modified":"2026-09-02T09:04:12","modified_gmt":"2026-09-02T07:04:12","slug":"die-versuche-die-covid-geschichte-umzuschreiben-koennten-einen-neuen-tiefpunkt-erreicht-haben","status":"publish","type":"post","link":"https:\/\/meiser-tv.de\/en\/uncategorized\/die-versuche-die-covid-geschichte-umzuschreiben-koennten-einen-neuen-tiefpunkt-erreicht-haben\/","title":{"rendered":"Die Versuche, die Covid-Geschichte umzuschreiben, k\u00f6nnten einen neuen Tiefpunkt erreicht haben\u2026"},"content":{"rendered":"<div>\n<p class=\"wp-block-paragraph\"><em>Von Catte B<\/em><\/p>\n<p class=\"wp-block-paragraph\">Nach einem <a href=\"https:\/\/x.com\/OffGuardian0\/status\/2092513460340826232?s=20\" target=\"_blank\" rel=\"noopener\">k\u00fcrzlich auf X<\/a> gef\u00fchrten Austausch mit einer Instanz, die sich \u201eFaceless\u201c nennt, wird uns bewusst, dass es sich offenbar um einen weiteren neuen Vorsto\u00df handelt, die Covid-Geschichte umzuschreiben \u2013 diesmal, indem die durchaus berechtigten Sicherheitsbedenken hinsichtlich der ungetesteten und unn\u00f6tigen \u201eImpfstoffe\u201c, die m\u00f6glicherweise gerade jetzt Tausende Menschen das Leben kosten, mit v\u00f6llig haltlosen Behauptungen \u00fcber \u201eFunktionsgewinn\u201c und Laborlecks vermischt werden.<\/p>\n<p class=\"wp-block-paragraph\">Angesichts des Ausma\u00dfes an potenziellem Leid, das die durch Impfstoffe Gesch\u00e4digten m\u00f6glicherweise bereits erdulden mussten, scheint dies ein neuer Tiefpunkt in den anhaltenden Bem\u00fchungen zu sein, die V\u00f6lkermordverbrechen derer zu vertuschen, die die vorget\u00e4uschte \u201ePandemie\u201c erfunden und gef\u00f6rdert haben.<\/p>\n<p class=\"wp-block-paragraph\">Die Opfer der giftigen Impfungen und diejenigen, die versuchen, sie zu unterst\u00fctzen, k\u00f6nnten im Grunde dazu manipuliert werden, sich einer Bewegung anzuschlie\u00dfen, die als Kampf f\u00fcr Gerechtigkeit und Wahrheit beworben wird \u2013 die aber in Wirklichkeit eine Vertuschungsaktion f\u00fcr genau diejenigen ist, die ihnen Schaden zugef\u00fcgt haben.<\/p>\n<p class=\"wp-block-paragraph\">Nur zur Erinnerung f\u00fcr alle \u2013<\/p>\n<p class=\"has-medium-font-size wp-block-paragraph\"><strong>es gibt KEINE Beweise daf\u00fcr, dass es jemals einen neuen und t\u00f6dlichen Erreger <em>irgendeiner<\/em> Art gab \u2013 geschweige denn einen, der in einem Labor hergestellt wurde oder aus einem solchen entwichen ist<\/strong><\/p>\n<p class=\"wp-block-paragraph\">Das muss die Ausgangsbasis sein, von der wir ausgehen.<\/p>\n<p class=\"wp-block-paragraph\">Erinnern wir uns auch daran, dass die \u201eLabor-Leck\u201c-Geschichte von so bekannten, systemkritischen Medien wie der <a href=\"https:\/\/www.bbc.com\/news\/articles\/cd9qjjj4zy5o\" target=\"_blank\" rel=\"noopener\">BBC,<\/a> (seit <a href=\"https:\/\/www.bbc.com\/audio\/play\/w3ct1z22\" target=\"_blank\" rel=\"noopener\">2021<\/a>) dem <a href=\"https:\/\/www.wsj.com\/opinion\/free-expression\/a-covid-conspiracy-in-plain-sight-34f05fd1\" target=\"_blank\" rel=\"noopener\">Wall Street Journal<\/a>, dem <a href=\"https:\/\/www.theguardian.com\/commentisfree\/2025\/jun\/25\/covid-lab-leak-theory-right-conspiracy-science\" target=\"_blank\" rel=\"noopener\">Guardian<\/a> und der CIA verbreitet wurde (siehe den ersten BBC-Link). Sie daher als eine vertuschte \u201egro\u00dfe Wahrheit\u201c darzustellen, ist eine fast ebenso groteske L\u00fcge wie Covid selbst.<\/p>\n<p class=\"wp-block-paragraph\">Sie ist alles andere als \u201evertuscht\u201c. Sie wurde seit den ersten Wochen der psychologischen Operation immer weiter aufgebauscht, zun\u00e4chst, um sie zu \u201eleugnen\u201c, und sp\u00e4ter, um anzudeuten, dass sie doch wahr sein k\u00f6nnte. Es k\u00f6nnte nicht offensichtlicher sein, dass dies die Ausweichgeschichte ist, die dazu dient, die Zweifler und Skeptiker der \u201eWet-Market\u201c-Geschichte f\u00fcr sich zu gewinnen. \u2013 \u201e<em>Okay, ihr habt uns erwischt, bei diesem sehr realen und t\u00f6dlichen Virus ging es doch nicht um Flederm\u00e4use \u2013 es war ein<\/em> <strong><em>Laborunfall<\/em><\/strong><em>, meine G\u00fcte, ihr seid schlauer, als wir dachten<\/em>\u201c.<\/p>\n<p class=\"wp-block-paragraph\">Jeder, der diese Linie vertritt \u2013 selbst wenn er es in gutem Glauben tut (was bei den meisten sicherlich der Fall ist) \u2013, f\u00f6rdert gleichzeitig aktiv die Interessen der L\u00fcgner und Betr\u00fcger, die diese Psy-Op ins Leben gerufen haben.<\/p>\n<p class=\"has-medium-font-size wp-block-paragraph\"><strong>Behauptete ich also, dass es keine GoF-Forschung gibt?<\/strong><\/p>\n<p class=\"wp-block-paragraph\">Nein, das tue ich nicht. Man kann allerdings darauf wetten, dass dies ein h\u00e4ufiger Vorwurf sein wird (ich meine, es ist ein praktisches Strohmannargument, nicht wahr?).<\/p>\n<p class=\"wp-block-paragraph\">Lassen Sie uns an dieser Stelle absolut klarstellen \u2013 nat\u00fcrlich findet GoF-Forschung statt, und jeder, der das bestreitet, verschlie\u00dft die Augen vor der Realit\u00e4t.<\/p>\n<p class=\"wp-block-paragraph\">Davon k\u00f6nnen wir absolut sicher sein, denn es gibt keinen einzigen Aspekt potenzieller Ausnutzung, in den nicht Geld gesteckt wird, und nichts ist so widerw\u00e4rtig und b\u00f6sartig, dass nicht irgendwo ein Regierungslabor untersucht, wie es gewinnbringend genutzt werden k\u00f6nnte.<\/p>\n<p class=\"wp-block-paragraph\">Und das System ist so korrupt, dass selbst wenn es tats\u00e4chlich keine Viren g\u00e4be oder keine M\u00f6glichkeit, sie zu manipulieren, dennoch \u00fcberall \u201eGain-of-Function\u201c-Forschung stattfinden w\u00fcrde, weil selbst mit erfundener Pseudowissenschaft eine Menge Geld zu verdienen ist.<\/p>\n<p class=\"has-medium-font-size wp-block-paragraph\"><strong>Gibt es potenziell t\u00f6dliche neue Viren, die irgendwo in Labors weggeschlossen sind?<\/strong><\/p>\n<p class=\"wp-block-paragraph\">Nun, sicher, wenn es m\u00f6glich ist, solche Dinge zu erschaffen (ist es das? Es scheint keine gesicherten Daten dazu zu geben), dann \u2013 ja, ganz sicher gibt es sie. Warum sollte es sie nicht geben?<\/p>\n<p class=\"wp-block-paragraph\">Aber wie real diese Dinge auch sein m\u00f6gen, sie sind f\u00fcr das, was \u201eCovid\u201c war, nicht relevant.<\/p>\n<p class=\"wp-block-paragraph\">Denn \u2013 lassen Sie uns das immer wieder betonen \u2013 \u201e<strong>Covid\u201c war eine L\u00dcGE.<\/strong><\/p>\n<p class=\"wp-block-paragraph\">Es war ein imagin\u00e4res t\u00f6dliches Virus, das aus manipulierten Statistiken, gef\u00e4lschten Tests und der hypnotischen Kraft der blo\u00dfen Erfindung eines neuen Namens zusammengesetzt wurde.<\/p>\n<p class=\"wp-block-paragraph\">Und man kann kein imagin\u00e4res t\u00f6dliches Virus freisetzen. Man kann es auch nicht in einem Labor manipulieren.<\/p>\n<p class=\"wp-block-paragraph\">Aber man KANN Geschichten dar\u00fcber erfinden, um seine L\u00fcge zu vertuschen.<\/p>\n<p class=\"wp-block-paragraph\">Denkt daran: Das Unzul\u00e4ssige an \u201eCovid\u201c ist, dass es nie existiert hat.<\/p>\n<p class=\"wp-block-paragraph\">Die Drahtzieher werden alles versuchen, alles \u201ezugeben\u201c, jedes Ger\u00fccht in Umlauf bringen, anstatt zu riskieren, dass noch mehr Menschen diese einfache Wahrheit erkennen.<\/p>\n<p class=\"wp-block-paragraph\">Dazu geh\u00f6rt auch, Geld in Scheinfirmen zu investieren, deren einziger Zweck darin besteht, die grundlegende L\u00fcge zu verkaufen, die zu \u201eder wahren Wahrheit\u201c umgestaltet wurde.<\/p>\n<p class=\"wp-block-paragraph\">Also: Lasst uns diesen neuen Schachzug und die Kr\u00e4fte, die ihn vorantreiben, im Auge behalten.<\/p>\n<p class=\"wp-block-paragraph\">\n<\/div>","protected":false},"excerpt":{"rendered":"<p>Von Catte B Nach einem k\u00fcrzlich auf X gef\u00fchrten Austausch mit einer Instanz, die sich \u201eFaceless\u201c nennt, wird uns bewusst, dass es sich offenbar um einen weiteren neuen Vorsto\u00df handelt, die Covid-Geschichte umzuschreiben \u2013 diesmal, indem die durchaus berechtigten Sicherheitsbedenken hinsichtlich der ungetesteten und unn\u00f6tigen \u201eImpfstoffe\u201c, die m\u00f6glicherweise gerade jetzt Tausende Menschen das Leben kosten, [&hellip;]<\/p>\n","protected":false},"author":1,"featured_media":4846,"comment_status":"closed","ping_status":"closed","sticky":false,"template":"","format":"standard","meta":{"_gspb_post_css":"","_uag_custom_page_level_css":"","fifu_image_url":"","fifu_image_alt":"","footnotes":""},"categories":[1],"tags":[],"class_list":["post-20532","post","type-post","status-publish","format-standard","has-post-thumbnail","hentry","category-uncategorized"],"blocksy_meta":{"styles_descriptor":{"styles":{"desktop":"","tablet":"","mobile":""},"google_fonts":[],"version":7}},"uagb_featured_image_src":{"full":["https:\/\/mleexelnfod5.i.optimole.com\/w:auto\/h:auto\/q:mauto\/f:best\/https:\/\/i2.wp.com\/meiser-tv.de\/wp-content\/uploads\/2026\/05\/RSS-Hintergrund.jpg?w=1920&fit=1920,1080&ssl=1",1920,1080,true],"thumbnail":["https:\/\/mleexelnfod5.i.optimole.com\/w:auto\/h:auto\/q:mauto\/f:best\/https:\/\/i2.wp.com\/meiser-tv.de\/wp-content\/uploads\/2026\/05\/RSS-Hintergrund.jpg?w=150&resize=150,150&ssl=1",150,150,true],"medium":["https:\/\/mleexelnfod5.i.optimole.com\/w:auto\/h:auto\/q:mauto\/f:best\/https:\/\/i2.wp.com\/meiser-tv.de\/wp-content\/uploads\/2026\/05\/RSS-Hintergrund.jpg?w=300&fit=300,300&ssl=1",300,300,true],"medium_large":["https:\/\/mleexelnfod5.i.optimole.com\/w:auto\/h:auto\/q:mauto\/f:best\/https:\/\/i2.wp.com\/meiser-tv.de\/wp-content\/uploads\/2026\/05\/RSS-Hintergrund.jpg?w=768&resize=768,0&ssl=1",768,0,true],"large":["https:\/\/mleexelnfod5.i.optimole.com\/w:auto\/h:auto\/q:mauto\/f:best\/https:\/\/i2.wp.com\/meiser-tv.de\/wp-content\/uploads\/2026\/05\/RSS-Hintergrund.jpg?w=1024&fit=1024,1024&ssl=1",1024,1024,true],"1536x1536":["https:\/\/mleexelnfod5.i.optimole.com\/w:auto\/h:auto\/q:mauto\/f:best\/https:\/\/i2.wp.com\/meiser-tv.de\/wp-content\/uploads\/2026\/05\/RSS-Hintergrund.jpg?w=1536&fit=1536,1536&ssl=1",1536,1536,true],"2048x2048":["https:\/\/mleexelnfod5.i.optimole.com\/w:auto\/h:auto\/q:mauto\/f:best\/https:\/\/i2.wp.com\/meiser-tv.de\/wp-content\/uploads\/2026\/05\/RSS-Hintergrund.jpg?w=2048&fit=2048,2048&ssl=1",2048,2048,true],"trp-custom-language-flag":["https:\/\/mleexelnfod5.i.optimole.com\/w:auto\/h:auto\/q:mauto\/f:best\/https:\/\/i2.wp.com\/meiser-tv.de\/wp-content\/uploads\/2026\/05\/RSS-Hintergrund.jpg?w=18&fit=18,12&ssl=1",18,12,true]},"uagb_author_info":{"display_name":"admin","author_link":"https:\/\/meiser-tv.de\/en\/author\/admin\/"},"uagb_comment_info":0,"uagb_excerpt":"Von Catte B Nach einem k\u00fcrzlich auf X gef\u00fchrten Austausch mit einer Instanz, die sich \u201eFaceless\u201c nennt, wird uns bewusst, dass es sich offenbar um einen weiteren neuen Vorsto\u00df handelt, die Covid-Geschichte umzuschreiben \u2013 diesmal, indem die durchaus berechtigten Sicherheitsbedenken hinsichtlich der ungetesteten und unn\u00f6tigen \u201eImpfstoffe\u201c, die m\u00f6glicherweise gerade jetzt Tausende Menschen das Leben kosten,&hellip;","_links":{"self":[{"href":"https:\/\/meiser-tv.de\/en\/wp-json\/wp\/v2\/posts\/20532","targetHints":{"allow":["GET"]}}],"collection":[{"href":"https:\/\/meiser-tv.de\/en\/wp-json\/wp\/v2\/posts"}],"about":[{"href":"https:\/\/meiser-tv.de\/en\/wp-json\/wp\/v2\/types\/post"}],"author":[{"embeddable":true,"href":"https:\/\/meiser-tv.de\/en\/wp-json\/wp\/v2\/users\/1"}],"replies":[{"embeddable":true,"href":"https:\/\/meiser-tv.de\/en\/wp-json\/wp\/v2\/comments?post=20532"}],"version-history":[{"count":0,"href":"https:\/\/meiser-tv.de\/en\/wp-json\/wp\/v2\/posts\/20532\/revisions"}],"wp:featuredmedia":[{"embeddable":true,"href":"https:\/\/meiser-tv.de\/en\/wp-json\/wp\/v2\/media\/4846"}],"wp:attachment":[{"href":"https:\/\/meiser-tv.de\/en\/wp-json\/wp\/v2\/media?parent=20532"}],"wp:term":[{"taxonomy":"category","embeddable":true,"href":"https:\/\/meiser-tv.de\/en\/wp-json\/wp\/v2\/categories?post=20532"},{"taxonomy":"post_tag","embeddable":true,"href":"https:\/\/meiser-tv.de\/en\/wp-json\/wp\/v2\/tags?post=20532"}],"curies":[{"name":"wp","href":"https:\/\/api.w.org\/{rel}","templated":true}]}}