{"id":20544,"date":"2026-09-02T11:02:36","date_gmt":"2026-09-02T09:02:36","guid":{"rendered":"https:\/\/meiser-tv.de\/medienkritik\/rene-springer-afd-baerbel-bas-spd-laesst-buergergeld-kosten-explodieren-und-verweigert-jede-reform\/"},"modified":"2026-09-02T11:02:36","modified_gmt":"2026-09-02T09:02:36","slug":"rene-springer-afd-baerbel-bas-spd-laesst-buergergeld-kosten-explodieren-und-verweigert-jede-reform","status":"publish","type":"post","link":"https:\/\/meiser-tv.de\/en\/medienkritik\/rene-springer-afd-baerbel-bas-spd-laesst-buergergeld-kosten-explodieren-und-verweigert-jede-reform\/","title":{"rendered":"Ren\u00e9 Springer (AfD): B\u00e4rbel Bas (SPD) l\u00e4sst \u201eB\u00fcrgergeld\u201c-Kosten explodieren und verweigert jede Reform!"},"content":{"rendered":"<div>\n<p class=\"wp-block-paragraph\">Die Kosten des sogenannten \u201eB\u00fcrgergelds\u201c steigen laut Medienberichten au\u00dferplanm\u00e4\u00dfig um mehr als f\u00fcnf Milliarden Euro. Gleichzeitig werden die Gesundheitskosten der Leistungsempf\u00e4nger weiterhin auf die gesetzlich Versicherten abgew\u00e4lzt.<\/p>\n<p class=\"wp-block-paragraph\">Grund: Bundesarbeitsministerin B\u00e4rbel Bas (SPD) weigert sich, auch nur eine geringe Kostenbeteiligung aus ihrem Haushalt zu \u00fcbernehmen. So zahlen Arbeitnehmer und Arbeitgeber \u00fcber steigende GKV-Beitr\u00e4ge f\u00fcr eine Aufgabe, die der Bund aus Steuermitteln finanzieren m\u00fcsste. Der arbeits- und sozialpolitische Sprecher der AfD-Fraktion im Bundestag, Ren\u00e9 Springer, kritisiert das scharf.<\/p>\n<p class=\"wp-block-paragraph\">Springer erkl\u00e4rte: \u201eDie Umverteilung l\u00e4uft in Deutschland zunehmend in die falsche Richtung: von denen, die arbeiten, zu denen, die nicht arbeiten \u2013 und leider auch h\u00e4ufig nicht arbeiten wollen. Besch\u00e4ftigte finanzieren mit ihren Krankenkassenbeitr\u00e4gen weiterhin die Gesundheitsversorgung von B\u00fcrgergeldempf\u00e4ngern. Das ist keine Solidarit\u00e4t, das ist Abkassieren bei der arbeitenden Mitte.\u201c<\/p>\n<p class=\"wp-block-paragraph\">Bas sei \u201eweder willens noch f\u00e4hig, diesen Missstand zu beenden. Die Kosten explodieren, die Beitr\u00e4ge steigen \u2013 und die Ministerin verwaltet den Schaden, statt ihn abzustellen. Nicht einmal die kleinste Reform bringt sie zustande. Wer arbeitet, zahlt; wer nicht arbeiten will, wird auch unbegrenzt versorgt. Das ist die \u2019soziale Handschrift\u2018 dieser Bundesregierung\u201c, stellte der AfD-Sozialexperte fest.<\/p>\n<p><strong>Beitrag:<\/strong> <a target=\"_blank\" rel=\"noopener noreferrer\" href=\"https:\/\/deutschlandkurier.de\/2026\/09\/rene-springer-afd-baerbel-bas-spd-laesst-buergergeld-kosten-explodieren-und-verweigert-jede-reform\/\">Ren\u00e9 Springer (AfD): B\u00e4rbel Bas (SPD) l\u00e4sst \u201eB\u00fcrgergeld\u201c-Kosten explodieren und verweigert jede Reform!<\/a> <br><strong>Quelle:<\/strong> Deutschland-Kurier.<\/p>\n<\/div>","protected":false},"excerpt":{"rendered":"<div>\n<p>Die Kosten des sogenannten \u201eB\u00fcrgergelds\u201c steigen laut Medienberichten au\u00dferplanm\u00e4\u00dfig um mehr als f\u00fcnf Milliarden Euro. Gleichzeitig werden die Gesundheitskosten der Leistungsempf\u00e4nger weiterhin auf die gesetzlich Versicherten abgew\u00e4lzt. Grund: Bundesarbeitsministerin B\u00e4rbel Bas (SPD) weigert sich, auch nur eine geringe Kostenbeteiligung aus ihrem Haushalt zu \u00fcbernehmen. So zahlen Arbeitnehmer und Arbeitgeber \u00fcber steigende GKV-Beitr\u00e4ge f\u00fcr eine Aufgabe, [\u2026]<\/p>\n<p>The post <a href=\"https:\/\/deutschlandkurier.de\/2026\/09\/rene-springer-afd-baerbel-bas-spd-laesst-buergergeld-kosten-explodieren-und-verweigert-jede-reform\/\">Ren\u00e9 Springer (AfD): B\u00e4rbel Bas (SPD) l\u00e4sst \u201eB\u00fcrgergeld\u201c-Kosten explodieren und verweigert jede Reform!<\/a> appeared first on <a href=\"https:\/\/deutschlandkurier.de\/\">Deutschland-Kurier<\/a>.<\/p>\n<\/div>\n","protected":false},"author":1,"featured_media":4846,"comment_status":"closed","ping_status":"closed","sticky":false,"template":"","format":"standard","meta":{"_gspb_post_css":"","_uag_custom_page_level_css":"","fifu_image_url":"","fifu_image_alt":"","footnotes":""},"categories":[17],"tags":[],"class_list":["post-20544","post","type-post","status-publish","format-standard","has-post-thumbnail","hentry","category-medienkritik"],"blocksy_meta":{"styles_descriptor":{"styles":{"desktop":"","tablet":"","mobile":""},"google_fonts":[],"version":7}},"uagb_featured_image_src":{"full":["https:\/\/mleexelnfod5.i.optimole.com\/w:auto\/h:auto\/q:mauto\/f:best\/https:\/\/i2.wp.com\/meiser-tv.de\/wp-content\/uploads\/2026\/05\/RSS-Hintergrund.jpg?w=1920&fit=1920,1080&ssl=1",1920,1080,true],"thumbnail":["https:\/\/mleexelnfod5.i.optimole.com\/w:auto\/h:auto\/q:mauto\/f:best\/https:\/\/i2.wp.com\/meiser-tv.de\/wp-content\/uploads\/2026\/05\/RSS-Hintergrund.jpg?w=150&resize=150,150&ssl=1",150,150,true],"medium":["https:\/\/mleexelnfod5.i.optimole.com\/w:auto\/h:auto\/q:mauto\/f:best\/https:\/\/i2.wp.com\/meiser-tv.de\/wp-content\/uploads\/2026\/05\/RSS-Hintergrund.jpg?w=300&fit=300,300&ssl=1",300,300,true],"medium_large":["https:\/\/mleexelnfod5.i.optimole.com\/w:auto\/h:auto\/q:mauto\/f:best\/https:\/\/i2.wp.com\/meiser-tv.de\/wp-content\/uploads\/2026\/05\/RSS-Hintergrund.jpg?w=768&resize=768,0&ssl=1",768,0,true],"large":["https:\/\/mleexelnfod5.i.optimole.com\/w:auto\/h:auto\/q:mauto\/f:best\/https:\/\/i2.wp.com\/meiser-tv.de\/wp-content\/uploads\/2026\/05\/RSS-Hintergrund.jpg?w=1024&fit=1024,1024&ssl=1",1024,1024,true],"1536x1536":["https:\/\/mleexelnfod5.i.optimole.com\/w:auto\/h:auto\/q:mauto\/f:best\/https:\/\/i2.wp.com\/meiser-tv.de\/wp-content\/uploads\/2026\/05\/RSS-Hintergrund.jpg?w=1536&fit=1536,1536&ssl=1",1536,1536,true],"2048x2048":["https:\/\/mleexelnfod5.i.optimole.com\/w:auto\/h:auto\/q:mauto\/f:best\/https:\/\/i2.wp.com\/meiser-tv.de\/wp-content\/uploads\/2026\/05\/RSS-Hintergrund.jpg?w=2048&fit=2048,2048&ssl=1",2048,2048,true],"trp-custom-language-flag":["https:\/\/mleexelnfod5.i.optimole.com\/w:auto\/h:auto\/q:mauto\/f:best\/https:\/\/i2.wp.com\/meiser-tv.de\/wp-content\/uploads\/2026\/05\/RSS-Hintergrund.jpg?w=18&fit=18,12&ssl=1",18,12,true]},"uagb_author_info":{"display_name":"admin","author_link":"https:\/\/meiser-tv.de\/en\/author\/admin\/"},"uagb_comment_info":0,"uagb_excerpt":"Die Kosten des sogenannten \u201eB\u00fcrgergelds\u201c steigen laut Medienberichten au\u00dferplanm\u00e4\u00dfig um mehr als f\u00fcnf Milliarden Euro. Gleichzeitig werden die Gesundheitskosten der Leistungsempf\u00e4nger weiterhin auf die gesetzlich Versicherten abgew\u00e4lzt. Grund: Bundesarbeitsministerin B\u00e4rbel Bas (SPD) weigert sich, auch nur eine geringe Kostenbeteiligung aus ihrem Haushalt zu \u00fcbernehmen. So zahlen Arbeitnehmer und Arbeitgeber \u00fcber steigende GKV-Beitr\u00e4ge f\u00fcr eine Aufgabe,&hellip;","_links":{"self":[{"href":"https:\/\/meiser-tv.de\/en\/wp-json\/wp\/v2\/posts\/20544","targetHints":{"allow":["GET"]}}],"collection":[{"href":"https:\/\/meiser-tv.de\/en\/wp-json\/wp\/v2\/posts"}],"about":[{"href":"https:\/\/meiser-tv.de\/en\/wp-json\/wp\/v2\/types\/post"}],"author":[{"embeddable":true,"href":"https:\/\/meiser-tv.de\/en\/wp-json\/wp\/v2\/users\/1"}],"replies":[{"embeddable":true,"href":"https:\/\/meiser-tv.de\/en\/wp-json\/wp\/v2\/comments?post=20544"}],"version-history":[{"count":0,"href":"https:\/\/meiser-tv.de\/en\/wp-json\/wp\/v2\/posts\/20544\/revisions"}],"wp:featuredmedia":[{"embeddable":true,"href":"https:\/\/meiser-tv.de\/en\/wp-json\/wp\/v2\/media\/4846"}],"wp:attachment":[{"href":"https:\/\/meiser-tv.de\/en\/wp-json\/wp\/v2\/media?parent=20544"}],"wp:term":[{"taxonomy":"category","embeddable":true,"href":"https:\/\/meiser-tv.de\/en\/wp-json\/wp\/v2\/categories?post=20544"},{"taxonomy":"post_tag","embeddable":true,"href":"https:\/\/meiser-tv.de\/en\/wp-json\/wp\/v2\/tags?post=20544"}],"curies":[{"name":"wp","href":"https:\/\/api.w.org\/{rel}","templated":true}]}}