{"id":20558,"date":"2026-09-02T12:02:16","date_gmt":"2026-09-02T10:02:16","guid":{"rendered":"https:\/\/meiser-tv.de\/wirtschaft\/katerstimmung-bei-shein-aktie-faellt-bei-boersendebuet-38188824-html-3\/"},"modified":"2026-09-02T12:02:16","modified_gmt":"2026-09-02T10:02:16","slug":"katerstimmung-bei-shein-aktie-faellt-bei-boersendebuet-38188824-html-3","status":"publish","type":"post","link":"https:\/\/meiser-tv.de\/en\/wirtschaft\/katerstimmung-bei-shein-aktie-faellt-bei-boersendebuet-38188824-html-3\/","title":{"rendered":"Modeh\u00e4ndler: Shein verschreckt Anleger beim B\u00f6rsendeb\u00fct"},"content":{"rendered":"<div>\n<div>\n<div class=\"rtf-content-wrapper\">\n<p>Der B\u00f6rsenstart von Shein ist missgl\u00fcckt. Anleger f\u00fcrchten, dass neue Zollregeln das Gesch\u00e4ftsmodell des chinesischen Billigmodeh\u00e4ndlers ins Wanken bringen \u2013 und es gibt noch weitere Probleme<\/p>\n<\/div>\n<div class=\"rtf-content-wrapper\">\n<p>Der lang erwartete B\u00f6rsengang des Online-Modeh\u00e4ndlers\u00a0Shein\u00a0in Hongkong ist f\u00fcr Anleger mit einem D\u00e4mpfer gestartet. Die Aktie des f\u00fcr extrem g\u00fcnstige Kleidung bekannten Konzerns fiel am ersten Handelstag am Dienstag zeitweise um bis zu zehn Prozent unter ihren Ausgabepreis und tendierte sp\u00e4ter noch vier Prozent im Minus.\u00a0<\/p>\n<p>Investoren zeigten sich besorgt, dass das Gesch\u00e4ftsmodell durch neue Zoll- und Abgabenregelungen in den USA und Europa ausgeh\u00f6hlt wird. Diese untergraben den bisherigen Wettbewerbsvorteil des Direktversands von Billigware an die Kunden. Die Bewertung des Unternehmens mit Sitz in Singapur liegt mit rund 25 Milliarden Dollar nur noch bei einem Bruchteil des H\u00f6chststandes von fast 100 Milliarden Dollar aus dem Jahr 2022.<\/p>\n<h2>Neue EU-Regeln belasten Shein<\/h2>\n<p>Die Skepsis der Anleger spiegelte sich bereits in der verhaltenen Nachfrage nach den Aktien wider, die mit 48,56 Hongkong-Dollar lediglich in der Mitte der Preisspanne zugeteilt worden waren. \u201eIch denke, das schwache Deb\u00fct zeigt, dass Anleger\u00a0Shein\u00a0selbst nach dem massiven Bewertungsabschlag nicht als offensichtlich g\u00fcnstig ansehen\u201c, kommentierte Charu Chanana, Anlagestrategin bei Saxo. Mit dem 15-fachen des erwarteten Gewinns sei die Aktie mehr als doppelt so hoch bewertet wie die des Konkurrenten Temu.\u00a0<\/p>\n<\/p>\n<p>Die neuen EU-Regeln zeigen bereits Wirkung: Einem Analysten zufolge sind die t\u00e4glich aktiven Nutzer in Europa um rund 45 Prozent eingebrochen. \u201eDies ist weniger ein\u00a0Shein-Problem, sondern eher das Ende einer \u00c4ra f\u00fcr den billigen grenz\u00fcberschreitenden Versand\u201c, erkl\u00e4rte Josh Gilbert von eToro.<\/p>\n<p>Shein, das im ersten Quartal ins Minus gerutscht war, versucht, gegenzusteuern. Der Konzern weitet seine Plattform zu einem Marktplatz f\u00fcr Drittanbieter aus und kaufte zuletzt die US-Modemarke Everlane. Dennoch bleiben Risiken. So laufen Untersuchungen der US-Handelskommission FTC und der EU-Kommission wegen Verbraucherschutzfragen und dem Umgang mit illegalen Produkten. Wegen der genauen Pr\u00fcfung seiner Gesch\u00e4ftspraktiken, etwa bei Arbeitsbedingungen und Nachhaltigkeit, waren B\u00f6rseng\u00e4nge in New York und London zuvor gescheitert.<\/p>\n<\/div>\n<\/div>\n<\/div>","protected":false},"excerpt":{"rendered":"<div>Der B\u00f6rsenstart von Shein ist missgl\u00fcckt. Anleger f\u00fcrchten, dass neue Zollregeln das Gesch\u00e4ftsmodell des chinesischen Billigmodeh\u00e4ndlers ins Wanken bringen \u2013 und es gibt noch weitere Probleme<\/div>","protected":false},"author":1,"featured_media":4846,"comment_status":"closed","ping_status":"closed","sticky":false,"template":"","format":"standard","meta":{"_gspb_post_css":"","_uag_custom_page_level_css":"","fifu_image_url":"","fifu_image_alt":"","footnotes":""},"categories":[15],"tags":[],"class_list":["post-20558","post","type-post","status-publish","format-standard","has-post-thumbnail","hentry","category-wirtschaft"],"blocksy_meta":{"styles_descriptor":{"styles":{"desktop":"","tablet":"","mobile":""},"google_fonts":[],"version":7}},"uagb_featured_image_src":{"full":["https:\/\/mleexelnfod5.i.optimole.com\/w:auto\/h:auto\/q:mauto\/f:best\/https:\/\/i2.wp.com\/meiser-tv.de\/wp-content\/uploads\/2026\/05\/RSS-Hintergrund.jpg?w=1920&fit=1920,1080&ssl=1",1920,1080,true],"thumbnail":["https:\/\/mleexelnfod5.i.optimole.com\/w:auto\/h:auto\/q:mauto\/f:best\/https:\/\/i2.wp.com\/meiser-tv.de\/wp-content\/uploads\/2026\/05\/RSS-Hintergrund.jpg?w=150&resize=150,150&ssl=1",150,150,true],"medium":["https:\/\/mleexelnfod5.i.optimole.com\/w:auto\/h:auto\/q:mauto\/f:best\/https:\/\/i2.wp.com\/meiser-tv.de\/wp-content\/uploads\/2026\/05\/RSS-Hintergrund.jpg?w=300&fit=300,300&ssl=1",300,300,true],"medium_large":["https:\/\/mleexelnfod5.i.optimole.com\/w:auto\/h:auto\/q:mauto\/f:best\/https:\/\/i2.wp.com\/meiser-tv.de\/wp-content\/uploads\/2026\/05\/RSS-Hintergrund.jpg?w=768&resize=768,0&ssl=1",768,0,true],"large":["https:\/\/mleexelnfod5.i.optimole.com\/w:auto\/h:auto\/q:mauto\/f:best\/https:\/\/i2.wp.com\/meiser-tv.de\/wp-content\/uploads\/2026\/05\/RSS-Hintergrund.jpg?w=1024&fit=1024,1024&ssl=1",1024,1024,true],"1536x1536":["https:\/\/mleexelnfod5.i.optimole.com\/w:auto\/h:auto\/q:mauto\/f:best\/https:\/\/i2.wp.com\/meiser-tv.de\/wp-content\/uploads\/2026\/05\/RSS-Hintergrund.jpg?w=1536&fit=1536,1536&ssl=1",1536,1536,true],"2048x2048":["https:\/\/mleexelnfod5.i.optimole.com\/w:auto\/h:auto\/q:mauto\/f:best\/https:\/\/i2.wp.com\/meiser-tv.de\/wp-content\/uploads\/2026\/05\/RSS-Hintergrund.jpg?w=2048&fit=2048,2048&ssl=1",2048,2048,true],"trp-custom-language-flag":["https:\/\/mleexelnfod5.i.optimole.com\/w:auto\/h:auto\/q:mauto\/f:best\/https:\/\/i2.wp.com\/meiser-tv.de\/wp-content\/uploads\/2026\/05\/RSS-Hintergrund.jpg?w=18&fit=18,12&ssl=1",18,12,true]},"uagb_author_info":{"display_name":"admin","author_link":"https:\/\/meiser-tv.de\/en\/author\/admin\/"},"uagb_comment_info":0,"uagb_excerpt":"Der B\u00f6rsenstart von Shein ist missgl\u00fcckt. Anleger f\u00fcrchten, dass neue Zollregeln das Gesch\u00e4ftsmodell des chinesischen Billigmodeh\u00e4ndlers ins Wanken bringen \u2013 und es gibt noch weitere Probleme","_links":{"self":[{"href":"https:\/\/meiser-tv.de\/en\/wp-json\/wp\/v2\/posts\/20558","targetHints":{"allow":["GET"]}}],"collection":[{"href":"https:\/\/meiser-tv.de\/en\/wp-json\/wp\/v2\/posts"}],"about":[{"href":"https:\/\/meiser-tv.de\/en\/wp-json\/wp\/v2\/types\/post"}],"author":[{"embeddable":true,"href":"https:\/\/meiser-tv.de\/en\/wp-json\/wp\/v2\/users\/1"}],"replies":[{"embeddable":true,"href":"https:\/\/meiser-tv.de\/en\/wp-json\/wp\/v2\/comments?post=20558"}],"version-history":[{"count":0,"href":"https:\/\/meiser-tv.de\/en\/wp-json\/wp\/v2\/posts\/20558\/revisions"}],"wp:featuredmedia":[{"embeddable":true,"href":"https:\/\/meiser-tv.de\/en\/wp-json\/wp\/v2\/media\/4846"}],"wp:attachment":[{"href":"https:\/\/meiser-tv.de\/en\/wp-json\/wp\/v2\/media?parent=20558"}],"wp:term":[{"taxonomy":"category","embeddable":true,"href":"https:\/\/meiser-tv.de\/en\/wp-json\/wp\/v2\/categories?post=20558"},{"taxonomy":"post_tag","embeddable":true,"href":"https:\/\/meiser-tv.de\/en\/wp-json\/wp\/v2\/tags?post=20558"}],"curies":[{"name":"wp","href":"https:\/\/api.w.org\/{rel}","templated":true}]}}