{"id":20560,"date":"2026-09-02T12:02:26","date_gmt":"2026-09-02T10:02:26","guid":{"rendered":"https:\/\/meiser-tv.de\/medienkritik\/regen-pfeifkonzerte-und-buergerfrust-so-frostig-wurde-noch-kanzler-merz-in-quedlinburg-empfangen\/"},"modified":"2026-09-02T12:02:26","modified_gmt":"2026-09-02T10:02:26","slug":"regen-pfeifkonzerte-und-buergerfrust-so-frostig-wurde-noch-kanzler-merz-in-quedlinburg-empfangen","status":"publish","type":"post","link":"https:\/\/meiser-tv.de\/en\/medienkritik\/regen-pfeifkonzerte-und-buergerfrust-so-frostig-wurde-noch-kanzler-merz-in-quedlinburg-empfangen\/","title":{"rendered":"REGEN, PFEIFKONZERTE UND B\u00dcRGERFRUST: So frostig wurde Noch-Kanzler Merz in Quedlinburg empfangen!"},"content":{"rendered":"<div>\n<p class=\"wp-block-paragraph\">Am 31. August besuchte Bundeskanzler Friedrich Merz (CDU) die Weltkulturerbestadt Quedlinburg in Sachsen-Anhalt \u2013 abgeschirmt von der \u00d6ffentlichkeit und ohne die M\u00f6glichkeit f\u00fcr Journalisten, Fragen zu stellen.<\/p>\n<p class=\"wp-block-paragraph\">Doch auch bei den B\u00fcrgern hielt sich die Begeisterung \u00fcber den Kanzlerbesuch in engen Grenzen: Statt eines herzlichen Empfangs erwarteten Merz str\u00f6mender Regen, lautstarke Pfiffe und eisige Stimmung.<\/p>\n<p class=\"wp-block-paragraph\">Der Deutschland-Kurier war vor Ort und zeigt den traurigen Kanzlerbesuch im Zusammenschnitt!<\/p>\n<p class=\"wp-block-paragraph\"><img data-opt-id=1499182291  fetchpriority=\"high\" decoding=\"async\" src=\"https:\/\/mleexelnfod5.i.optimole.com\/cb:esVO.d10\/w:auto\/h:auto\/q:mauto\/f:best\/https:\/\/meiser-tv.de\/wp-content\/uploads\/2026\/09\/1f4fa.png\" alt=\"\ud83d\udcfa\" class=\"wp-smiley\" style=\"height: 1em; max-height: 1em;\"> JETZT UNBEDINGT ANSCHAUEN!<\/p>\n<p><strong>Beitrag:<\/strong> <a target=\"_blank\" rel=\"noopener noreferrer\" href=\"https:\/\/deutschlandkurier.de\/2026\/09\/regen-pfeifkonzerte-und-buergerfrust-so-frostig-wurde-noch-kanzler-merz-in-quedlinburg-empfangen\/\">REGEN, PFEIFKONZERTE UND B\u00dcRGERFRUST: So frostig wurde Noch-Kanzler Merz in Quedlinburg empfangen!<\/a> <br><strong>Quelle:<\/strong> Deutschland-Kurier.<\/p>\n<\/div>","protected":false},"excerpt":{"rendered":"<div>\n<p>Am 31. August besuchte Bundeskanzler Friedrich Merz (CDU) die Weltkulturerbestadt Quedlinburg in Sachsen-Anhalt \u2013 abgeschirmt von der \u00d6ffentlichkeit und ohne die M\u00f6glichkeit f\u00fcr Journalisten, Fragen zu stellen. Doch auch bei den B\u00fcrgern hielt sich die Begeisterung \u00fcber den Kanzlerbesuch in engen Grenzen: Statt eines herzlichen Empfangs erwarteten Merz str\u00f6mender Regen, lautstarke Pfiffe und eisige Stimmung. [\u2026]<\/p>\n<p>The post <a href=\"https:\/\/deutschlandkurier.de\/2026\/09\/regen-pfeifkonzerte-und-buergerfrust-so-frostig-wurde-noch-kanzler-merz-in-quedlinburg-empfangen\/\">REGEN, PFEIFKONZERTE UND B\u00dcRGERFRUST: So frostig wurde Noch-Kanzler Merz in Quedlinburg empfangen!<\/a> appeared first on <a href=\"https:\/\/deutschlandkurier.de\/\">Deutschland-Kurier<\/a>.<\/p>\n<\/div>\n","protected":false},"author":1,"featured_media":20561,"comment_status":"closed","ping_status":"closed","sticky":false,"template":"","format":"standard","meta":{"_gspb_post_css":"","_uag_custom_page_level_css":"","fifu_image_url":"","fifu_image_alt":"","footnotes":""},"categories":[17],"tags":[],"class_list":["post-20560","post","type-post","status-publish","format-standard","has-post-thumbnail","hentry","category-medienkritik"],"blocksy_meta":{"styles_descriptor":{"styles":{"desktop":"","tablet":"","mobile":""},"google_fonts":[],"version":7}},"uagb_featured_image_src":{"full":["https:\/\/mleexelnfod5.i.optimole.com\/cb:esVO.d10\/w:auto\/h:auto\/q:mauto\/f:best\/https:\/\/meiser-tv.de\/wp-content\/uploads\/2026\/09\/1f1e9-1f1ea.png",72,72,false],"thumbnail":["https:\/\/mleexelnfod5.i.optimole.com\/cb:esVO.d10\/w:auto\/h:auto\/q:mauto\/f:best\/https:\/\/meiser-tv.de\/wp-content\/uploads\/2026\/09\/1f1e9-1f1ea.png",72,72,false],"medium":["https:\/\/mleexelnfod5.i.optimole.com\/cb:esVO.d10\/w:auto\/h:auto\/q:mauto\/f:best\/https:\/\/meiser-tv.de\/wp-content\/uploads\/2026\/09\/1f1e9-1f1ea.png",72,72,false],"medium_large":["https:\/\/mleexelnfod5.i.optimole.com\/cb:esVO.d10\/w:auto\/h:auto\/q:mauto\/f:best\/https:\/\/meiser-tv.de\/wp-content\/uploads\/2026\/09\/1f1e9-1f1ea.png",72,72,false],"large":["https:\/\/mleexelnfod5.i.optimole.com\/cb:esVO.d10\/w:auto\/h:auto\/q:mauto\/f:best\/https:\/\/meiser-tv.de\/wp-content\/uploads\/2026\/09\/1f1e9-1f1ea.png",72,72,false],"1536x1536":["https:\/\/mleexelnfod5.i.optimole.com\/cb:esVO.d10\/w:auto\/h:auto\/q:mauto\/f:best\/https:\/\/meiser-tv.de\/wp-content\/uploads\/2026\/09\/1f1e9-1f1ea.png",72,72,false],"2048x2048":["https:\/\/mleexelnfod5.i.optimole.com\/cb:esVO.d10\/w:auto\/h:auto\/q:mauto\/f:best\/https:\/\/meiser-tv.de\/wp-content\/uploads\/2026\/09\/1f1e9-1f1ea.png",72,72,false],"trp-custom-language-flag":["https:\/\/mleexelnfod5.i.optimole.com\/cb:esVO.d10\/w:12\/h:12\/q:mauto\/f:best\/dpr:2\/https:\/\/meiser-tv.de\/wp-content\/uploads\/2026\/09\/1f1e9-1f1ea.png",12,12,true]},"uagb_author_info":{"display_name":"admin","author_link":"https:\/\/meiser-tv.de\/en\/author\/admin\/"},"uagb_comment_info":0,"uagb_excerpt":"Am 31. August besuchte Bundeskanzler Friedrich Merz (CDU) die Weltkulturerbestadt Quedlinburg in Sachsen-Anhalt \u2013 abgeschirmt von der \u00d6ffentlichkeit und ohne die M\u00f6glichkeit f\u00fcr Journalisten, Fragen zu stellen. Doch auch bei den B\u00fcrgern hielt sich die Begeisterung \u00fcber den Kanzlerbesuch in engen Grenzen: Statt eines herzlichen Empfangs erwarteten Merz str\u00f6mender Regen, lautstarke Pfiffe und eisige Stimmung.&hellip;","_links":{"self":[{"href":"https:\/\/meiser-tv.de\/en\/wp-json\/wp\/v2\/posts\/20560","targetHints":{"allow":["GET"]}}],"collection":[{"href":"https:\/\/meiser-tv.de\/en\/wp-json\/wp\/v2\/posts"}],"about":[{"href":"https:\/\/meiser-tv.de\/en\/wp-json\/wp\/v2\/types\/post"}],"author":[{"embeddable":true,"href":"https:\/\/meiser-tv.de\/en\/wp-json\/wp\/v2\/users\/1"}],"replies":[{"embeddable":true,"href":"https:\/\/meiser-tv.de\/en\/wp-json\/wp\/v2\/comments?post=20560"}],"version-history":[{"count":0,"href":"https:\/\/meiser-tv.de\/en\/wp-json\/wp\/v2\/posts\/20560\/revisions"}],"wp:featuredmedia":[{"embeddable":true,"href":"https:\/\/meiser-tv.de\/en\/wp-json\/wp\/v2\/media\/20561"}],"wp:attachment":[{"href":"https:\/\/meiser-tv.de\/en\/wp-json\/wp\/v2\/media?parent=20560"}],"wp:term":[{"taxonomy":"category","embeddable":true,"href":"https:\/\/meiser-tv.de\/en\/wp-json\/wp\/v2\/categories?post=20560"},{"taxonomy":"post_tag","embeddable":true,"href":"https:\/\/meiser-tv.de\/en\/wp-json\/wp\/v2\/tags?post=20560"}],"curies":[{"name":"wp","href":"https:\/\/api.w.org\/{rel}","templated":true}]}}