{"id":20564,"date":"2026-09-02T12:02:28","date_gmt":"2026-09-02T10:02:28","guid":{"rendered":"https:\/\/meiser-tv.de\/medienkritik\/grosses-dk-interview-mit-ulrich-siegmund-afd-wie-der-hoffentlich-erste-afd-ministerpraesident-deutschlands-ueber-heimat-und-familie-denkt-was-seine-mutter-fuer-ihn-bedeutet-2\/"},"modified":"2026-09-02T12:02:28","modified_gmt":"2026-09-02T10:02:28","slug":"grosses-dk-interview-mit-ulrich-siegmund-afd-wie-der-hoffentlich-erste-afd-ministerpraesident-deutschlands-ueber-heimat-und-familie-denkt-was-seine-mutter-fuer-ihn-bedeutet-2","status":"publish","type":"post","link":"https:\/\/meiser-tv.de\/en\/medienkritik\/grosses-dk-interview-mit-ulrich-siegmund-afd-wie-der-hoffentlich-erste-afd-ministerpraesident-deutschlands-ueber-heimat-und-familie-denkt-was-seine-mutter-fuer-ihn-bedeutet-2\/","title":{"rendered":"Gro\u00dfes DK-Interview mit Ulrich Siegmund (AfD): Wie der hoffentlich erste AfD-Ministerpr\u00e4sident Deutschlands \u00fcber Heimat und Familie denkt, was seine Mutter f\u00fcr ihn bedeutet!"},"content":{"rendered":"<div>\n<p class=\"wp-block-paragraph\">Rund 45 Minuten lang hat David Bendels, Chefredakteur und Herausgeber des Deutschland-Kuriers, mit Ulrich Siegmund, dem hoffentlich ersten AfD-Ministerpr\u00e4sidenten Deutschlands gesprochen. Ein Interview, das sich nicht vorrangig um Politik dreht, sondern das tiefe Einblicke in die Gef\u00fchlswelt des AfD-Spitzenkandidaten f\u00fcr die Landtagswahl in Sachsen-Anhalt am 6. September gew\u00e4hrt. Wie Ulrich Siegmund \u00fcber Werte wie Heimat und Familie denkt, was seine fr\u00fch verstorbene Mutter f\u00fcr ihn bedeutet hat.<\/p>\n<p class=\"wp-block-paragraph\">Gleich zu Beginn des Interviews geht es ausf\u00fchrlich um das Thema Heimat. \u201eWas bedeutet Heimat f\u00fcr dich?\u201c, wollte David Bendels wissen.<\/p>\n<p class=\"wp-block-paragraph\"><strong>\u201eHeimat tr\u00e4gt man im Herzen\u201c<\/strong><\/p>\n<p class=\"wp-block-paragraph\">Ulrich Siegmund: \u201eHeimat ist ein Begriff, den tr\u00e4gt man im Herzen, den kann man sehr schwer definieren. F\u00fcr mich ist pers\u00f6nlich Heimat die gute alte heile Welt, das gute alte sichere Deutschland, wie ich es auch in jungen Jahren noch kennengelernt habe. Das verk\u00f6rpert f\u00fcr mich auch ein St\u00fcck weit dieses wundersch\u00f6ne Tangerm\u00fcnde (sein famili\u00e4rer Lebensmittelpunkt in der Altmark, die Red.) und das ist ein Ort, der ist sch\u00fctzens- und liebenswert. Den h\u00e4tte ich gern \u00fcberall, aber Heimat ist ein Begriff, den muss man im Herzen tragen und demzufolge ist er so individuell und einzigartig wie wir Menschen selbst.\u201c<\/p>\n<p class=\"wp-block-paragraph\">Ulrich Siegmund betont, er habe in Tangem\u00fcnde eine sch\u00f6ne Kindheit, eine sch\u00f6ne Jugend gehabt. Jeder Winkel seiner Heimatstadt verk\u00f6rpere das \u201ealte sichere Deutschland, was ich ja \u00fcberall gerne h\u00e4tte, was es aber auch noch in vielen Ecken immer noch gibt und was wir aber \u00fcberall wieder zur Normalit\u00e4t werden lassen sollten.\u201c<\/p>\n<p class=\"wp-block-paragraph\"><strong>\u201eMutter ist immer bei mir\u201c<\/strong><\/p>\n<p class=\"wp-block-paragraph\">Liebevoll erinnert sich Ulrich Siegmund an seine Mutter, die vor einigen Jahren bei einem Reitunfall auf tragische Weise fr\u00fch ums Leben kam: \u201eIch wei\u00df, dass sie immer bei mir ist.\u201c<\/p>\n<p class=\"wp-block-paragraph\">Einzelheiten und auch den Namen der Mutter nennt Ulrich Siegmund nicht. Der Schutz der Familie, das Privatleben, kommen f\u00fcr ihn an erster Stelle. Aber die Mutter war f\u00fcr Ulrich Siegmund \u201eeine ganz besondere Person, die mein Leben ma\u00dfgeblich gepr\u00e4gt hat\u201c.<\/p>\n<p class=\"wp-block-paragraph\"><a target=\"_blank\" rel=\"noopener noreferrer\" href=\"https:\/\/youtu.be\/FMgpJPndsM8?si=g1DP0H2kwgK4lq1a\">Hier das Interview<\/a> mit Ulrich Siegmund in voller L\u00e4nge<\/p>\n<p class=\"wp-block-paragraph\">\n<p><strong>Beitrag:<\/strong> <a target=\"_blank\" rel=\"noopener noreferrer\" href=\"https:\/\/deutschlandkurier.de\/2026\/09\/grosses-dk-interview-mit-ulrich-siegmund-afd-wie-der-hoffentlich-erste-afd-ministerpraesident-deutschlands-ueber-heimat-und-familie-denkt-was-seine-mutter-fuer-ihn-bedeutet-2\/\">Gro\u00dfes DK-Interview mit Ulrich Siegmund (AfD): Wie der hoffentlich erste AfD-Ministerpr\u00e4sident Deutschlands \u00fcber Heimat und Familie denkt, was seine Mutter f\u00fcr ihn bedeutet!<\/a> <br><strong>Quelle:<\/strong> Deutschland-Kurier.<\/p>\n<\/div>","protected":false},"excerpt":{"rendered":"<div>\n<p>Rund 45 Minuten lang hat David Bendels, Chefredakteur und Herausgeber des Deutschland-Kuriers, mit Ulrich Siegmund, dem hoffentlich ersten AfD-Ministerpr\u00e4sidenten Deutschlands gesprochen. Ein Interview, das sich nicht vorrangig um Politik dreht, sondern das tiefe Einblicke in die Gef\u00fchlswelt des AfD-Spitzenkandidaten f\u00fcr die Landtagswahl in Sachsen-Anhalt am 6. September gew\u00e4hrt. Wie Ulrich Siegmund \u00fcber Werte wie Heimat [\u2026]<\/p>\n<p>The post <a href=\"https:\/\/deutschlandkurier.de\/2026\/09\/grosses-dk-interview-mit-ulrich-siegmund-afd-wie-der-hoffentlich-erste-afd-ministerpraesident-deutschlands-ueber-heimat-und-familie-denkt-was-seine-mutter-fuer-ihn-bedeutet-2\/\">Gro\u00dfes DK-Interview mit Ulrich Siegmund (AfD): Wie der hoffentlich erste AfD-Ministerpr\u00e4sident Deutschlands \u00fcber Heimat und Familie denkt, was seine Mutter f\u00fcr ihn bedeutet!<\/a> appeared first on <a href=\"https:\/\/deutschlandkurier.de\/\">Deutschland-Kurier<\/a>.<\/p>\n<\/div>\n","protected":false},"author":1,"featured_media":4846,"comment_status":"closed","ping_status":"closed","sticky":false,"template":"","format":"standard","meta":{"_gspb_post_css":"","_uag_custom_page_level_css":"","fifu_image_url":"","fifu_image_alt":"","footnotes":""},"categories":[17],"tags":[],"class_list":["post-20564","post","type-post","status-publish","format-standard","has-post-thumbnail","hentry","category-medienkritik"],"blocksy_meta":{"styles_descriptor":{"styles":{"desktop":"","tablet":"","mobile":""},"google_fonts":[],"version":7}},"uagb_featured_image_src":{"full":["https:\/\/mleexelnfod5.i.optimole.com\/w:auto\/h:auto\/q:mauto\/f:best\/https:\/\/i2.wp.com\/meiser-tv.de\/wp-content\/uploads\/2026\/05\/RSS-Hintergrund.jpg?w=1920&fit=1920,1080&ssl=1",1920,1080,true],"thumbnail":["https:\/\/mleexelnfod5.i.optimole.com\/w:auto\/h:auto\/q:mauto\/f:best\/https:\/\/i2.wp.com\/meiser-tv.de\/wp-content\/uploads\/2026\/05\/RSS-Hintergrund.jpg?w=150&resize=150,150&ssl=1",150,150,true],"medium":["https:\/\/mleexelnfod5.i.optimole.com\/w:auto\/h:auto\/q:mauto\/f:best\/https:\/\/i2.wp.com\/meiser-tv.de\/wp-content\/uploads\/2026\/05\/RSS-Hintergrund.jpg?w=300&fit=300,300&ssl=1",300,300,true],"medium_large":["https:\/\/mleexelnfod5.i.optimole.com\/w:auto\/h:auto\/q:mauto\/f:best\/https:\/\/i2.wp.com\/meiser-tv.de\/wp-content\/uploads\/2026\/05\/RSS-Hintergrund.jpg?w=768&resize=768,0&ssl=1",768,0,true],"large":["https:\/\/mleexelnfod5.i.optimole.com\/w:auto\/h:auto\/q:mauto\/f:best\/https:\/\/i2.wp.com\/meiser-tv.de\/wp-content\/uploads\/2026\/05\/RSS-Hintergrund.jpg?w=1024&fit=1024,1024&ssl=1",1024,1024,true],"1536x1536":["https:\/\/mleexelnfod5.i.optimole.com\/w:auto\/h:auto\/q:mauto\/f:best\/https:\/\/i2.wp.com\/meiser-tv.de\/wp-content\/uploads\/2026\/05\/RSS-Hintergrund.jpg?w=1536&fit=1536,1536&ssl=1",1536,1536,true],"2048x2048":["https:\/\/mleexelnfod5.i.optimole.com\/w:auto\/h:auto\/q:mauto\/f:best\/https:\/\/i2.wp.com\/meiser-tv.de\/wp-content\/uploads\/2026\/05\/RSS-Hintergrund.jpg?w=2048&fit=2048,2048&ssl=1",2048,2048,true],"trp-custom-language-flag":["https:\/\/mleexelnfod5.i.optimole.com\/w:auto\/h:auto\/q:mauto\/f:best\/https:\/\/i2.wp.com\/meiser-tv.de\/wp-content\/uploads\/2026\/05\/RSS-Hintergrund.jpg?w=18&fit=18,12&ssl=1",18,12,true]},"uagb_author_info":{"display_name":"admin","author_link":"https:\/\/meiser-tv.de\/en\/author\/admin\/"},"uagb_comment_info":0,"uagb_excerpt":"Rund 45 Minuten lang hat David Bendels, Chefredakteur und Herausgeber des Deutschland-Kuriers, mit Ulrich Siegmund, dem hoffentlich ersten AfD-Ministerpr\u00e4sidenten Deutschlands gesprochen. Ein Interview, das sich nicht vorrangig um Politik dreht, sondern das tiefe Einblicke in die Gef\u00fchlswelt des AfD-Spitzenkandidaten f\u00fcr die Landtagswahl in Sachsen-Anhalt am 6. September gew\u00e4hrt. Wie Ulrich Siegmund \u00fcber Werte wie Heimat&hellip;","_links":{"self":[{"href":"https:\/\/meiser-tv.de\/en\/wp-json\/wp\/v2\/posts\/20564","targetHints":{"allow":["GET"]}}],"collection":[{"href":"https:\/\/meiser-tv.de\/en\/wp-json\/wp\/v2\/posts"}],"about":[{"href":"https:\/\/meiser-tv.de\/en\/wp-json\/wp\/v2\/types\/post"}],"author":[{"embeddable":true,"href":"https:\/\/meiser-tv.de\/en\/wp-json\/wp\/v2\/users\/1"}],"replies":[{"embeddable":true,"href":"https:\/\/meiser-tv.de\/en\/wp-json\/wp\/v2\/comments?post=20564"}],"version-history":[{"count":0,"href":"https:\/\/meiser-tv.de\/en\/wp-json\/wp\/v2\/posts\/20564\/revisions"}],"wp:featuredmedia":[{"embeddable":true,"href":"https:\/\/meiser-tv.de\/en\/wp-json\/wp\/v2\/media\/4846"}],"wp:attachment":[{"href":"https:\/\/meiser-tv.de\/en\/wp-json\/wp\/v2\/media?parent=20564"}],"wp:term":[{"taxonomy":"category","embeddable":true,"href":"https:\/\/meiser-tv.de\/en\/wp-json\/wp\/v2\/categories?post=20564"},{"taxonomy":"post_tag","embeddable":true,"href":"https:\/\/meiser-tv.de\/en\/wp-json\/wp\/v2\/tags?post=20564"}],"curies":[{"name":"wp","href":"https:\/\/api.w.org\/{rel}","templated":true}]}}