{"id":20571,"date":"2026-09-02T12:03:51","date_gmt":"2026-09-02T10:03:51","guid":{"rendered":"https:\/\/meiser-tv.de\/uncategorized\/klimaluege-und-klimadiktatur-teil-7-wie-viel-mensch-steckt-im-klimawandel\/"},"modified":"2026-09-02T12:03:51","modified_gmt":"2026-09-02T10:03:51","slug":"klimaluege-und-klimadiktatur-teil-7-wie-viel-mensch-steckt-im-klimawandel","status":"publish","type":"post","link":"https:\/\/meiser-tv.de\/en\/uncategorized\/klimaluege-und-klimadiktatur-teil-7-wie-viel-mensch-steckt-im-klimawandel\/","title":{"rendered":"Klimal\u00fcge und Klimadiktatur? Teil 7: Wie viel Mensch steckt im Klimawandel?"},"content":{"rendered":"<div>\n<p class=\"wp-block-paragraph\">Von Uwe Froschauer<\/p>\n<p class=\"wp-block-paragraph\">Der Mensch beeinflusst das Klima. Nat\u00fcrlich tut er das. Acht Milliarden Menschen bauen St\u00e4dte, roden W\u00e4lder, betreiben Landwirtschaft und Industrie und verbrennen Kohle, \u00d6l und Gas. Das bleibt nicht ohne Folgen. Aber darum geht es in diesem Kapitel nur peripher.<\/p>\n<p class=\"wp-block-paragraph\">Die ausschlaggebenden Fragen lauten: Wie gro\u00df ist der menschliche Anteil am Klimawandel tats\u00e4chlich? Welche konkreten Folgen ergeben sich daraus? Und welche Ma\u00dfnahmen sind wirksam und verh\u00e4ltnism\u00e4\u00dfig? Statt vorschnell Katastrophenszenarien an die Wand zu malen und daraus immer weitreichendere Eingriffe abzuleiten, sollte zun\u00e4chst gekl\u00e4rt werden, was wissenschaftlich belastbar ist, was tats\u00e4chlich hilft und ob Kosten, Nutzen<\/p>\n<\/div>","protected":false},"excerpt":{"rendered":"<p>Von Uwe Froschauer Der Mensch beeinflusst das Klima. Nat\u00fcrlich tut er das. Acht Milliarden Menschen bauen St\u00e4dte, roden W\u00e4lder, betreiben Landwirtschaft und Industrie und verbrennen Kohle, \u00d6l und Gas. Das bleibt nicht ohne Folgen. Aber darum geht es in diesem Kapitel nur peripher. Die ausschlaggebenden Fragen lauten: Wie gro\u00df ist der menschliche Anteil am Klimawandel [&hellip;]<\/p>\n","protected":false},"author":1,"featured_media":4846,"comment_status":"closed","ping_status":"closed","sticky":false,"template":"","format":"standard","meta":{"_gspb_post_css":"","_uag_custom_page_level_css":"","fifu_image_url":"","fifu_image_alt":"","footnotes":""},"categories":[1],"tags":[],"class_list":["post-20571","post","type-post","status-publish","format-standard","has-post-thumbnail","hentry","category-uncategorized"],"blocksy_meta":{"styles_descriptor":{"styles":{"desktop":"","tablet":"","mobile":""},"google_fonts":[],"version":7}},"uagb_featured_image_src":{"full":["https:\/\/mleexelnfod5.i.optimole.com\/w:auto\/h:auto\/q:mauto\/f:best\/https:\/\/i2.wp.com\/meiser-tv.de\/wp-content\/uploads\/2026\/05\/RSS-Hintergrund.jpg?w=1920&fit=1920,1080&ssl=1",1920,1080,true],"thumbnail":["https:\/\/mleexelnfod5.i.optimole.com\/w:auto\/h:auto\/q:mauto\/f:best\/https:\/\/i2.wp.com\/meiser-tv.de\/wp-content\/uploads\/2026\/05\/RSS-Hintergrund.jpg?w=150&resize=150,150&ssl=1",150,150,true],"medium":["https:\/\/mleexelnfod5.i.optimole.com\/w:auto\/h:auto\/q:mauto\/f:best\/https:\/\/i2.wp.com\/meiser-tv.de\/wp-content\/uploads\/2026\/05\/RSS-Hintergrund.jpg?w=300&fit=300,300&ssl=1",300,300,true],"medium_large":["https:\/\/mleexelnfod5.i.optimole.com\/w:auto\/h:auto\/q:mauto\/f:best\/https:\/\/i2.wp.com\/meiser-tv.de\/wp-content\/uploads\/2026\/05\/RSS-Hintergrund.jpg?w=768&resize=768,0&ssl=1",768,0,true],"large":["https:\/\/mleexelnfod5.i.optimole.com\/w:auto\/h:auto\/q:mauto\/f:best\/https:\/\/i2.wp.com\/meiser-tv.de\/wp-content\/uploads\/2026\/05\/RSS-Hintergrund.jpg?w=1024&fit=1024,1024&ssl=1",1024,1024,true],"1536x1536":["https:\/\/mleexelnfod5.i.optimole.com\/w:auto\/h:auto\/q:mauto\/f:best\/https:\/\/i2.wp.com\/meiser-tv.de\/wp-content\/uploads\/2026\/05\/RSS-Hintergrund.jpg?w=1536&fit=1536,1536&ssl=1",1536,1536,true],"2048x2048":["https:\/\/mleexelnfod5.i.optimole.com\/w:auto\/h:auto\/q:mauto\/f:best\/https:\/\/i2.wp.com\/meiser-tv.de\/wp-content\/uploads\/2026\/05\/RSS-Hintergrund.jpg?w=2048&fit=2048,2048&ssl=1",2048,2048,true],"trp-custom-language-flag":["https:\/\/mleexelnfod5.i.optimole.com\/w:auto\/h:auto\/q:mauto\/f:best\/https:\/\/i2.wp.com\/meiser-tv.de\/wp-content\/uploads\/2026\/05\/RSS-Hintergrund.jpg?w=18&fit=18,12&ssl=1",18,12,true]},"uagb_author_info":{"display_name":"admin","author_link":"https:\/\/meiser-tv.de\/en\/author\/admin\/"},"uagb_comment_info":0,"uagb_excerpt":"Von Uwe Froschauer Der Mensch beeinflusst das Klima. Nat\u00fcrlich tut er das. Acht Milliarden Menschen bauen St\u00e4dte, roden W\u00e4lder, betreiben Landwirtschaft und Industrie und verbrennen Kohle, \u00d6l und Gas. Das bleibt nicht ohne Folgen. Aber darum geht es in diesem Kapitel nur peripher. Die ausschlaggebenden Fragen lauten: Wie gro\u00df ist der menschliche Anteil am Klimawandel&hellip;","_links":{"self":[{"href":"https:\/\/meiser-tv.de\/en\/wp-json\/wp\/v2\/posts\/20571","targetHints":{"allow":["GET"]}}],"collection":[{"href":"https:\/\/meiser-tv.de\/en\/wp-json\/wp\/v2\/posts"}],"about":[{"href":"https:\/\/meiser-tv.de\/en\/wp-json\/wp\/v2\/types\/post"}],"author":[{"embeddable":true,"href":"https:\/\/meiser-tv.de\/en\/wp-json\/wp\/v2\/users\/1"}],"replies":[{"embeddable":true,"href":"https:\/\/meiser-tv.de\/en\/wp-json\/wp\/v2\/comments?post=20571"}],"version-history":[{"count":0,"href":"https:\/\/meiser-tv.de\/en\/wp-json\/wp\/v2\/posts\/20571\/revisions"}],"wp:featuredmedia":[{"embeddable":true,"href":"https:\/\/meiser-tv.de\/en\/wp-json\/wp\/v2\/media\/4846"}],"wp:attachment":[{"href":"https:\/\/meiser-tv.de\/en\/wp-json\/wp\/v2\/media?parent=20571"}],"wp:term":[{"taxonomy":"category","embeddable":true,"href":"https:\/\/meiser-tv.de\/en\/wp-json\/wp\/v2\/categories?post=20571"},{"taxonomy":"post_tag","embeddable":true,"href":"https:\/\/meiser-tv.de\/en\/wp-json\/wp\/v2\/tags?post=20571"}],"curies":[{"name":"wp","href":"https:\/\/api.w.org\/{rel}","templated":true}]}}