{"id":20579,"date":"2026-09-02T13:02:24","date_gmt":"2026-09-02T11:02:24","guid":{"rendered":"https:\/\/meiser-tv.de\/medienkritik\/fisch-kapital-und-die-grenzen-des-beitritts-was-island-wirklich-verweigert-hat-von-dirk-ellerbrock\/"},"modified":"2026-09-02T13:02:24","modified_gmt":"2026-09-02T11:02:24","slug":"fisch-kapital-und-die-grenzen-des-beitritts-was-island-wirklich-verweigert-hat-von-dirk-ellerbrock","status":"publish","type":"post","link":"https:\/\/meiser-tv.de\/en\/medienkritik\/fisch-kapital-und-die-grenzen-des-beitritts-was-island-wirklich-verweigert-hat-von-dirk-ellerbrock\/","title":{"rendered":"Fisch, Kapital und die Grenzen des Beitritts \u2013 was Island wirklich verweigert hat | Von Dirk Ellerbrock"},"content":{"rendered":"<div>\n<p><em>Ein Meinungsbeitrag von <strong>Dirk Ellerbrock.<\/strong><\/em><\/p>\n<p>Als Island am 30. August gegen die Wiederaufnahme der EU-Beitrittsverhandlungen stimmte, \u00fcberschlugen sich die Deutungen. Die einen feierten einen Sieg der nationalen Vernunft \u00fcber die Br\u00fcsseler B\u00fcrokratie, die anderen beklagten einen weiteren Riss im europ\u00e4ischen Einigungsprojekt. Beide Lesarten teilen eine gemeinsame Schw\u00e4che: Sie erkl\u00e4ren eine \u00f6konomische Verteilungsfrage mit dem Vokabular von Werten, Identit\u00e4t und Willen. Genau dieses Vokabular verdeckt, worum es tats\u00e4chlich ging.<\/p>\n<p>Island exportiert zu vierzig Prozent Fisch. Das ist keine Nebensache der isl\u00e4ndischen Volkswirtschaft, es ist ihr R\u00fcckgrat \u2013 und es ist, anders als etwa Kohle oder Stahl, eine Ressource, die sich nicht outsourcen, nicht verlagern und nur schwer durch Subventionen kompensieren l\u00e4sst. Gleiches gilt f\u00fcr den zweiten Pfeiler der isl\u00e4ndischen Wirtschaft: die Kombination aus geothermischer Energie und der darauf aufbauenden Aluminiumverh\u00fcttung. Auch hier basiert das Wirtschaftsmodell darauf, den Standortvorteil billiger, verstaatlichte Energie direkt im Land zu veredeln \u2013 ein Modell, dessen Kern \u2013 die Verf\u00fcgung \u00fcber Erzeugung und Preis des eigenen Stroms \u2013 unter der Marktkopplungs- und Entflechtungslogik des EU-Energiebinnenmarkts faktisch nach Br\u00fcssel wandern w\u00fcrde. Wer die Fanggr\u00fcnde und Energienetze kontrolliert, kontrolliert die Rente, die aus ihnen gezogen wird.<\/p>\n<p>Die Gemeinsame Fischereipolitik der EU ist kein neutrales Regelwerk zur Bestandserhaltung, sie ist ein Verteilungsmechanismus, der Fangquoten unter den Mitgliedstaaten nach historisch gewachsenen, das hei\u00dft: nach Kapitalst\u00e4rke und Verhandlungsmacht gewachsenen Schl\u00fcsseln zuteilt. Gro\u00dfe Flotten \u2013 spanische, niederl\u00e4ndische, franz\u00f6sische \u2013 sind in diesem System strukturell beg\u00fcnstigt. Hinzu kommt die juristische Hebelwirkung des EU-Binnenmarkts: W\u00e4hrend das isl\u00e4ndische Recht Mehrheitsbeteiligungen ausl\u00e4ndischen Kapitals an heimischen Fangflotten konsequent blockiert, h\u00e4tte ein EU-Beitritt \u00fcber die liberale Kapitalverkehrsfreiheit den Weg frei gemacht f\u00fcr das finanzstarke Aufkaufen isl\u00e4ndischer Fangrechte durch europ\u00e4ische Konzerne. Ein Beitritt Islands h\u00e4tte bedeutet, eine bislang genossenschaftlich und staatlich kontrollierte Rente in ein supranationales Quotensystem einzuspeisen, in dem am Ende nicht mehr die isl\u00e4ndische, sondern die europ\u00e4ische Kapitalst\u00e4rke \u00fcber den Zugriff entscheidet.<\/p>\n<p>Bemerkenswert ist deshalb weniger, dass Island ablehnte, sondern dass es ablehnen konnte. Der Unterschied zu L\u00e4ndern wie Bulgarien, deren Landwirtschaft dem EU-Beitritt zum Opfer fiel, oder zu jenen postsowjetischen Staaten, denen ein EU-Kurs gegenw\u00e4rtig als alternativlos verkauft wird, liegt nicht in \u00fcberlegener Weitsicht der isl\u00e4ndischen Bev\u00f6lkerung. Er liegt in der Struktur der Verhandlungsposition. Island war bereits \u00fcber den Europ\u00e4ischen Wirtschaftsraum und Schengen so weit integriert, wie es f\u00fcr Marktzugang n\u00f6tig ist \u2013 ohne die Verteilungsmechanismen der Vollmitgliedschaft \u00fcbernehmen zu m\u00fcssen. Seine Sicherheitsanbindung l\u00e4uft \u00fcber die NATO, nicht \u00fcber die EU; ein Beitrittsdruck aus geopolitischer Verwundbarkeit, wie ihn etwa Armenien oder die Ukraine erfahren, existiert schlicht nicht. Und die Ressource, um die es geht, ist konzentriert, gut organisiert und politisch bewusst vertreten \u2013 vierzig Prozent Exportanteil lassen sich nicht wegdiskutieren, wie man es mit diffuseren Interessen kann. Wo eine Volkswirtschaft dagegen fragmentiert, verschuldet oder sicherheitspolitisch erpressbar ist, fehlt genau diese Verhandlungsbasis, und aus dem &#8222;Beitritt als Option&#8220; wird der Beitritt als Sachzwang.<\/p>\n<p>Wenn Marine Le Pen aus diesem Ergebnis ein &#8222;Europa freier, souver\u00e4ner Staaten&#8220; herausliest, spricht sie als Charaktermaske ihrer eigenen politischen Fraktion, nicht als objektive Beobachterin. Ihr Souver\u00e4nit\u00e4tsbegriff ist selektiv: Er gilt, wo er der eigenen Machtbasis n\u00fctzt, und schweigt dort, wo dieselbe Erweiterungslogik anderen Staaten aufgezwungen wird. Die Wahrheit, die im isl\u00e4ndischen Nein sichtbar wird, ist unspektakul\u00e4rer und deshalb unbequemer: Beitritt oder Ablehnung sind selten eine Frage von Charakter oder Weltbild. Sie sind eine Funktion davon, ob ein Land etwas zu verteilen hat, das andere begehren \u2013 und ob es stark genug ist, die Verteilung selbst zu bestimmen.<\/p>\n<p><strong>+++<\/strong><\/p>\n<p>Bildquelle: <a target=\"_blank\" rel=\"noopener noreferrer\" href=\"https:\/\/www.shutterstock.com\/de\/g\/PalmiGudmundsson?ref=apolut.net\">Palmi Gudmundsson<\/a> \/shutterstock<\/p>\n<p><strong>+++<\/strong><\/p>\n<p><strong>Quellen:<\/strong><\/p>\n<ul>\n<li>Geworg Mirsajan: \u201eReferendum: Warum die Isl\u00e4nder die Europ\u00e4ische Union abgelehnt haben&#8220;, RT DE, 2. September 2026 (\u00dcbersetzung aus dem Russischen, Originalver\u00f6ffentlichung: Wsgljad, 1. September 2026) \u2013 Ausgangstext mit Zahlen zu Fischereianteil am BIP\/Export, Le-Pen-Zitat, Politico-Zitat<\/li>\n<li>ZDFheute: \u201eReferendum: Isl\u00e4nder stimmen gegen EU-Beitrittsverhandlungen&#8220;, 30.08.2026 \u2013 amtliches Endergebnis (52,8 % zu 47,2 %), Wahlbeteiligung, Position von Regierungschefin Kristr\u00fan Frostad\u00f3ttir: <a target=\"_blank\" rel=\"noopener noreferrer\" href=\"https:\/\/www.zdfheute.de\/politik\/ausland\/island-referendum-eu-beitritt-ergebnisse-100.html?ref=apolut.net\">https:\/\/www.zdfheute.de\/politik\/ausland\/island-referendum-eu-beitritt-ergebnisse-100.html<\/a><\/li>\n<li>Euronews: \u201eIsland stimmt gegen Wiederaufnahme der EU-Beitrittsverhandlungen&#8220;, 30.08.2026 \u2013 Best\u00e4tigung des EWR-\/Schengen-Status als vom Referendum unber\u00fchrte Grundlage: <a target=\"_blank\" rel=\"noopener noreferrer\" href=\"https:\/\/de.euronews.com\/my-europe\/2026\/08\/30\/island-eu-beitrittsverhandlungen?ref=apolut.net\">https:\/\/de.euronews.com\/my-europe\/2026\/08\/30\/island-eu-beitrittsverhandlungen<\/a><\/li>\n<li>S\u00fcdtirol News: \u201eIsl\u00e4nder stimmen gegen EU-Beitrittsverhandlungen&#8220; \u2013 regionale Stimmenverteilung, Fischerei als \u201egr\u00f6\u00dfter und identit\u00e4tsstiftender Wirtschaftszweig&#8220;: <a target=\"_blank\" rel=\"noopener noreferrer\" href=\"https:\/\/www.suedtirolnews.it\/politik\/islaender-stimmen-gegen-eu-beitrittsverhandlungen?ref=apolut.net\">https:\/\/www.suedtirolnews.it\/politik\/islaender-stimmen-gegen-eu-beitrittsverhandlungen<\/a><\/li>\n<li>Reuters (Louise Rasmussen\/Anna Ringstrom): \u201eIceland plans now or never referendum on EU negotiations&#8220;, 6. M\u00e4rz 2026 \u2013 Hintergrund zu Ansetzung des Termins, Gr\u00f6nland-Kontext: <a target=\"_blank\" rel=\"noopener noreferrer\" href=\"https:\/\/www.yahoo.com\/news\/articles\/iceland-plans-august-29-referendum-114415201.html?ref=apolut.net\">https:\/\/www.yahoo.com\/news\/articles\/iceland-plans-august-29-referendum-114415201.html<\/a>\u2028<\/li>\n<\/ul>\n<p><strong>+++<\/strong><\/p>\n<p>Dirk Ellerbrock, Jahrgang 1946, ist Diplom-Sozialwissenschaftler. Nach Studien der Wirtschafts-, Politikwissenschaften und Sozialpsychologie arbeitete er viele Jahre in der Finanzwirtschaft, Unternehmensberatung und als Management-Coach.<\/p>\n<p>Mitte der 1990er wandte er sich mystischen Traditionen zu \u2013 Advaita-Vedanta, Zen-Buddhismus, Taoismus, Tantra und christliche Mystik \u2013, vertieft durch Stephen Wolinskys \u201eQuantenpsychologie&#8220; und die Unterweisungen Ramesh Balsekars in Bombay. Er leitete Meditationsgruppen und ver\u00f6ffentlichte 2010 unter dem Pseudonym Manaschu sein erstes Buch, \u201eDas Geheimnis ewigen Gl\u00fccks \u2013 Texte zur Menschwerdung&#8220;. 2026 entstand sein noch unver\u00f6ffentlichtes zweites Buch, \u201eDie Schlange der Moral \u2013 Gift und Gegengift&#8220;, das moralisches Urteilen als strukturelle Gewaltform durchleuchtet.<\/p>\n<p>Heute schreibt er regelm\u00e4\u00dfig politische und gesellschaftliche Kommentare, u. a. f\u00fcr apolut und auf seinem Substack: <a target=\"_blank\" rel=\"noopener noreferrer\" href=\"https:\/\/substack.com\/@dirkellerbrock?ref=apolut.net\">https:\/\/substack.com\/@dirkellerbrock<\/a><\/p>\n<\/div>","protected":false},"excerpt":{"rendered":"<div>\n<p><em>Ein Meinungsbeitrag von <strong>Dirk Ellerbrock.<\/strong><\/em><\/p>\n<p>Als Island am 30. August gegen die Wiederaufnahme der EU-Beitrittsverhandlungen stimmte, \u00fcberschlugen sich die Deutungen. Die einen feierten einen Sieg der nationalen Vernunft \u00fcber die Br\u00fcsseler B\u00fcrokratie, die anderen beklagten einen weiteren Riss im europ\u00e4ischen Einigungsprojekt.<\/p>\n<\/div>","protected":false},"author":1,"featured_media":20580,"comment_status":"closed","ping_status":"closed","sticky":false,"template":"","format":"standard","meta":{"_gspb_post_css":"","_uag_custom_page_level_css":"","fifu_image_url":"","fifu_image_alt":"","footnotes":""},"categories":[17],"tags":[],"class_list":["post-20579","post","type-post","status-publish","format-standard","has-post-thumbnail","hentry","category-medienkritik"],"blocksy_meta":{"styles_descriptor":{"styles":{"desktop":"","tablet":"","mobile":""},"google_fonts":[],"version":7}},"uagb_featured_image_src":{"full":["https:\/\/mleexelnfod5.i.optimole.com\/cb:qHTD.d13\/w:auto\/h:auto\/q:mauto\/f:best\/https:\/\/meiser-tv.de\/wp-content\/uploads\/2026\/09\/iceland.jpg",1920,1080,false],"thumbnail":["https:\/\/mleexelnfod5.i.optimole.com\/cb:qHTD.d13\/w:150\/h:150\/q:mauto\/rt:fill\/g:ce\/f:best\/https:\/\/meiser-tv.de\/wp-content\/uploads\/2026\/09\/iceland.jpg",150,150,true],"medium":["https:\/\/mleexelnfod5.i.optimole.com\/cb:qHTD.d13\/w:300\/h:169\/q:mauto\/f:best\/https:\/\/meiser-tv.de\/wp-content\/uploads\/2026\/09\/iceland.jpg",300,169,true],"medium_large":["https:\/\/mleexelnfod5.i.optimole.com\/cb:qHTD.d13\/w:768\/h:432\/q:mauto\/f:best\/https:\/\/meiser-tv.de\/wp-content\/uploads\/2026\/09\/iceland.jpg",768,432,true],"large":["https:\/\/mleexelnfod5.i.optimole.com\/cb:qHTD.d13\/w:1024\/h:576\/q:mauto\/f:best\/https:\/\/meiser-tv.de\/wp-content\/uploads\/2026\/09\/iceland.jpg",1024,576,true],"1536x1536":["https:\/\/mleexelnfod5.i.optimole.com\/cb:qHTD.d13\/w:1536\/h:864\/q:mauto\/f:best\/https:\/\/meiser-tv.de\/wp-content\/uploads\/2026\/09\/iceland.jpg",1536,864,true],"2048x2048":["https:\/\/mleexelnfod5.i.optimole.com\/cb:qHTD.d13\/w:auto\/h:auto\/q:mauto\/f:best\/https:\/\/meiser-tv.de\/wp-content\/uploads\/2026\/09\/iceland.jpg",1920,1080,false],"trp-custom-language-flag":["https:\/\/mleexelnfod5.i.optimole.com\/cb:qHTD.d13\/w:18\/h:10\/q:mauto\/f:best\/dpr:2\/https:\/\/meiser-tv.de\/wp-content\/uploads\/2026\/09\/iceland.jpg",18,10,true]},"uagb_author_info":{"display_name":"admin","author_link":"https:\/\/meiser-tv.de\/en\/author\/admin\/"},"uagb_comment_info":0,"uagb_excerpt":"Ein Meinungsbeitrag von Dirk Ellerbrock.Als Island am 30. August gegen die Wiederaufnahme der EU-Beitrittsverhandlungen stimmte, \u00fcberschlugen sich die Deutungen. Die einen feierten einen Sieg der nationalen Vernunft \u00fcber die Br\u00fcsseler B\u00fcrokratie, die anderen beklagten einen weiteren Riss im europ\u00e4ischen Einigungsprojekt.","_links":{"self":[{"href":"https:\/\/meiser-tv.de\/en\/wp-json\/wp\/v2\/posts\/20579","targetHints":{"allow":["GET"]}}],"collection":[{"href":"https:\/\/meiser-tv.de\/en\/wp-json\/wp\/v2\/posts"}],"about":[{"href":"https:\/\/meiser-tv.de\/en\/wp-json\/wp\/v2\/types\/post"}],"author":[{"embeddable":true,"href":"https:\/\/meiser-tv.de\/en\/wp-json\/wp\/v2\/users\/1"}],"replies":[{"embeddable":true,"href":"https:\/\/meiser-tv.de\/en\/wp-json\/wp\/v2\/comments?post=20579"}],"version-history":[{"count":0,"href":"https:\/\/meiser-tv.de\/en\/wp-json\/wp\/v2\/posts\/20579\/revisions"}],"wp:featuredmedia":[{"embeddable":true,"href":"https:\/\/meiser-tv.de\/en\/wp-json\/wp\/v2\/media\/20580"}],"wp:attachment":[{"href":"https:\/\/meiser-tv.de\/en\/wp-json\/wp\/v2\/media?parent=20579"}],"wp:term":[{"taxonomy":"category","embeddable":true,"href":"https:\/\/meiser-tv.de\/en\/wp-json\/wp\/v2\/categories?post=20579"},{"taxonomy":"post_tag","embeddable":true,"href":"https:\/\/meiser-tv.de\/en\/wp-json\/wp\/v2\/tags?post=20579"}],"curies":[{"name":"wp","href":"https:\/\/api.w.org\/{rel}","templated":true}]}}