{"id":20583,"date":"2026-09-02T13:03:11","date_gmt":"2026-09-02T11:03:11","guid":{"rendered":"https:\/\/meiser-tv.de\/politik\/hamburg-zwei-maenner-auf-fabrikgelaende-in-st-pauli-durch-schuesse-getoetet\/"},"modified":"2026-09-02T13:03:11","modified_gmt":"2026-09-02T11:03:11","slug":"hamburg-zwei-maenner-auf-fabrikgelaende-in-st-pauli-durch-schuesse-getoetet","status":"publish","type":"post","link":"https:\/\/meiser-tv.de\/en\/politik\/hamburg-zwei-maenner-auf-fabrikgelaende-in-st-pauli-durch-schuesse-getoetet\/","title":{"rendered":"Hamburg: Zwei M\u00e4nner auf Fabrikgel\u00e4nde in St. Pauli durch Sch\u00fcsse get\u00f6tet"},"content":{"rendered":"<div>\n<p>Auf St. Pauli in Hamburg sind am sp\u00e4ten Dienstagabend zwei M\u00e4nner erschossen worden. Die Sch\u00fcsse fielen laut Angaben der Polizei auf dem Gel\u00e4nde eines alten Schlachthofs. Bis in die fr\u00fchen Morgenstunden sicherte die Mordkommission am Tatort Spuren, wobei auch Drohnen zum Einsatz kamen. Nach dem oder den\u00a0unbekannten T\u00e4tern wird weiterhin gefahndet. Die beiden Opfer verstarben noch vor Ort.<\/p>\n<p>Zeugen hatten die Polizei wegen h\u00f6rbarer Schussger\u00e4usche auf dem Gel\u00e4nde alarmiert. Mehrere Polizeistreifen seien dann lokalen Medien zufolge zum Einsatzort &#8222;in der Lagerstra\u00dfe nahe der S-Bahn-Station Sternschanze gefahren&#8220; und fanden dort zwei M\u00e4nner mit Schussverletzungen vor.<\/p>\n<p>In dem Geb\u00e4ude, vor dem die beiden M\u00e4nner aufgefunden wurden, sind laut Medienbericht &#8222;der Fleischwarenhersteller &#8218;DELTA Fleisch Hamburg&#8216; und der Boxstall &#8218;Universum Boxing&#8216; untergebracht&#8220;.<\/p>\n<p>Trotz umgehender Notfallhilfe verstarben beide noch vor Ort an ihren Verletzungen. Die Rettungskr\u00e4fte durften\u00a0<em>NDR<\/em>-Informationen nach jedoch das Geb\u00e4ude zun\u00e4chst nicht betreten, &#8222;weil unklar war, ob sich dort noch bewaffnete T\u00e4ter aufhielten&#8220;.<\/p>\n<p>Ein Pressesprecher der Polizei gab bekannt, dass\u00a0kurze Zeit sp\u00e4ter eine umgehende Fahndung mit &#8222;mehr als zwei Dutzend Funkstreifenwagenbesatzungen&#8220; nach dem oder den weiterhin unbekannten T\u00e4tern eingeleitet wurde.<\/p>\n<p>Den Informationen der <em>dpa<\/em> zufolge gehen die Mordermittler davon aus, dass &#8222;eine Tatvorbeziehung bestand, das Opfer und T\u00e4ter sich also kannten&#8220;.\u00a0<\/p>\n<p>Das Portal <em>Hamburg24<\/em>\u00a0<a href=\"https:\/\/www.24hamburg.de\/hamburg\/unbekannte-schleudern-handgranate-auf-betriebsgelaende-in-st-pauli-gebaeude-und-fahrzeuge-beschaedigt-94391462.html\" target=\"_blank\" rel=\"noopener noreferrer\">berichtete<\/a> Anfang Juli \u00fcber ein Ereignis in unmittelbarer N\u00e4he des Tatorts, als &#8222;Unbekannte eine Handgranate auf das Betriebsgel\u00e4nde in St. Pauli schleuderten&#8220;, wobei wiederum Geb\u00e4ude und Fahrzeuge besch\u00e4digt wurden.\u00a0<\/p>\n<p>Die Unbekannten schleuderten die Granate von der Stra\u00dfe aus \u00fcber eine Steinmauer auf das Gel\u00e4nde, auf dem sich neben verschiedenen Unternehmen auch Sport- und Veranstaltungsfl\u00e4chen befinden, darunter der Boxstall &#8222;Universum Boxing&#8220;.<\/p>\n<p><strong>Mehr zum Thema \u2013<\/strong>\u00a0<a href=\"https:\/\/de-rtnews.com\/inland\/290216-schuesse-auf-tuerkisches-cafe-in\/\" target=\"_blank\" rel=\"noopener noreferrer\">Sch\u00fcsse auf t\u00fcrkisches Caf\u00e9 in K\u00f6lner S\u00fcdstadt \u2013 T\u00e4ter auf der Flucht <\/a><\/p>\n<div class=\"EmbedBlock-root EmbedBlock-externalVideo EmbedBlock-rumble\">\n<div class=\"VkEmbed\"><iframe class=\"lazyload\" data-src=\"https:\/\/rumble.com\/embed\/v7cnyvs\" frameborder=\"0\" width=\"853\" height=\"480\" allowfullscreen><\/iframe><\/div>\n<\/p><\/div>\n<\/p>\n<\/div>","protected":false},"excerpt":{"rendered":"<p>Auf St. Pauli in Hamburg sind am sp\u00e4ten Dienstagabend zwei M\u00e4nner erschossen worden. Die Sch\u00fcsse fielen laut Angaben der Polizei auf dem Gel\u00e4nde eines alten Schlachthofs. Bis in die fr\u00fchen Morgenstunden sicherte die Mordkommission am Tatort Spuren, wobei auch Drohnen zum Einsatz kamen. Nach dem oder den\u00a0unbekannten T\u00e4tern wird weiterhin gefahndet. Die beiden Opfer verstarben [&hellip;]<\/p>\n","protected":false},"author":1,"featured_media":4846,"comment_status":"closed","ping_status":"closed","sticky":false,"template":"","format":"standard","meta":{"_gspb_post_css":"","_uag_custom_page_level_css":"","fifu_image_url":"","fifu_image_alt":"","footnotes":""},"categories":[5],"tags":[],"class_list":["post-20583","post","type-post","status-publish","format-standard","has-post-thumbnail","hentry","category-politik"],"blocksy_meta":{"styles_descriptor":{"styles":{"desktop":"","tablet":"","mobile":""},"google_fonts":[],"version":7}},"uagb_featured_image_src":{"full":["https:\/\/mleexelnfod5.i.optimole.com\/w:auto\/h:auto\/q:mauto\/f:best\/https:\/\/i2.wp.com\/meiser-tv.de\/wp-content\/uploads\/2026\/05\/RSS-Hintergrund.jpg?w=1920&fit=1920,1080&ssl=1",1920,1080,true],"thumbnail":["https:\/\/mleexelnfod5.i.optimole.com\/w:auto\/h:auto\/q:mauto\/f:best\/https:\/\/i2.wp.com\/meiser-tv.de\/wp-content\/uploads\/2026\/05\/RSS-Hintergrund.jpg?w=150&resize=150,150&ssl=1",150,150,true],"medium":["https:\/\/mleexelnfod5.i.optimole.com\/w:auto\/h:auto\/q:mauto\/f:best\/https:\/\/i2.wp.com\/meiser-tv.de\/wp-content\/uploads\/2026\/05\/RSS-Hintergrund.jpg?w=300&fit=300,300&ssl=1",300,300,true],"medium_large":["https:\/\/mleexelnfod5.i.optimole.com\/w:auto\/h:auto\/q:mauto\/f:best\/https:\/\/i2.wp.com\/meiser-tv.de\/wp-content\/uploads\/2026\/05\/RSS-Hintergrund.jpg?w=768&resize=768,0&ssl=1",768,0,true],"large":["https:\/\/mleexelnfod5.i.optimole.com\/w:auto\/h:auto\/q:mauto\/f:best\/https:\/\/i2.wp.com\/meiser-tv.de\/wp-content\/uploads\/2026\/05\/RSS-Hintergrund.jpg?w=1024&fit=1024,1024&ssl=1",1024,1024,true],"1536x1536":["https:\/\/mleexelnfod5.i.optimole.com\/w:auto\/h:auto\/q:mauto\/f:best\/https:\/\/i2.wp.com\/meiser-tv.de\/wp-content\/uploads\/2026\/05\/RSS-Hintergrund.jpg?w=1536&fit=1536,1536&ssl=1",1536,1536,true],"2048x2048":["https:\/\/mleexelnfod5.i.optimole.com\/w:auto\/h:auto\/q:mauto\/f:best\/https:\/\/i2.wp.com\/meiser-tv.de\/wp-content\/uploads\/2026\/05\/RSS-Hintergrund.jpg?w=2048&fit=2048,2048&ssl=1",2048,2048,true],"trp-custom-language-flag":["https:\/\/mleexelnfod5.i.optimole.com\/w:auto\/h:auto\/q:mauto\/f:best\/https:\/\/i2.wp.com\/meiser-tv.de\/wp-content\/uploads\/2026\/05\/RSS-Hintergrund.jpg?w=18&fit=18,12&ssl=1",18,12,true]},"uagb_author_info":{"display_name":"admin","author_link":"https:\/\/meiser-tv.de\/en\/author\/admin\/"},"uagb_comment_info":0,"uagb_excerpt":"Auf St. Pauli in Hamburg sind am sp\u00e4ten Dienstagabend zwei M\u00e4nner erschossen worden. Die Sch\u00fcsse fielen laut Angaben der Polizei auf dem Gel\u00e4nde eines alten Schlachthofs. Bis in die fr\u00fchen Morgenstunden sicherte die Mordkommission am Tatort Spuren, wobei auch Drohnen zum Einsatz kamen. Nach dem oder den\u00a0unbekannten T\u00e4tern wird weiterhin gefahndet. Die beiden Opfer verstarben&hellip;","_links":{"self":[{"href":"https:\/\/meiser-tv.de\/en\/wp-json\/wp\/v2\/posts\/20583","targetHints":{"allow":["GET"]}}],"collection":[{"href":"https:\/\/meiser-tv.de\/en\/wp-json\/wp\/v2\/posts"}],"about":[{"href":"https:\/\/meiser-tv.de\/en\/wp-json\/wp\/v2\/types\/post"}],"author":[{"embeddable":true,"href":"https:\/\/meiser-tv.de\/en\/wp-json\/wp\/v2\/users\/1"}],"replies":[{"embeddable":true,"href":"https:\/\/meiser-tv.de\/en\/wp-json\/wp\/v2\/comments?post=20583"}],"version-history":[{"count":0,"href":"https:\/\/meiser-tv.de\/en\/wp-json\/wp\/v2\/posts\/20583\/revisions"}],"wp:featuredmedia":[{"embeddable":true,"href":"https:\/\/meiser-tv.de\/en\/wp-json\/wp\/v2\/media\/4846"}],"wp:attachment":[{"href":"https:\/\/meiser-tv.de\/en\/wp-json\/wp\/v2\/media?parent=20583"}],"wp:term":[{"taxonomy":"category","embeddable":true,"href":"https:\/\/meiser-tv.de\/en\/wp-json\/wp\/v2\/categories?post=20583"},{"taxonomy":"post_tag","embeddable":true,"href":"https:\/\/meiser-tv.de\/en\/wp-json\/wp\/v2\/tags?post=20583"}],"curies":[{"name":"wp","href":"https:\/\/api.w.org\/{rel}","templated":true}]}}