{"id":20584,"date":"2026-09-02T13:03:11","date_gmt":"2026-09-02T11:03:11","guid":{"rendered":"https:\/\/meiser-tv.de\/politik\/venezuela-nationalversammlung-billigt-oelabkommen-mit-den-usa\/"},"modified":"2026-09-02T13:03:11","modified_gmt":"2026-09-02T11:03:11","slug":"venezuela-nationalversammlung-billigt-oelabkommen-mit-den-usa","status":"publish","type":"post","link":"https:\/\/meiser-tv.de\/en\/politik\/venezuela-nationalversammlung-billigt-oelabkommen-mit-den-usa\/","title":{"rendered":"Venezuela: Nationalversammlung billigt \u00d6labkommen mit den USA"},"content":{"rendered":"<div>\n<p>Die Nationalversammlung Venezuelas hat mit qualifizierter Mehrheit den Entwurf eines \u00d6labkommens zwischen Washington und Caracas gebilligt. Das Abkommen soll Medienberichten zufolge den USA die Erschlie\u00dfung von 17 \u00d6llagerst\u00e4tten mit einem Volumen von 65 Milliarden Barrel \u00d6l erm\u00f6glichen, was\u00a0einem F\u00fcnftel der venezolanischen \u00d6lreserven entspricht. Der venezolanische Abgeordnete Miguel P\u00e9rez Abad, der den Entwurf dem Parlament vorstellte, <a href=\"https:\/\/www.elnacional.com\/2026\/09\/asamblea-nacional-respalda-el-acuerdo-energetico-suscrito-entre-venezuela-y-estados-unidos\/\" target=\"_blank\" rel=\"noopener noreferrer\">erkl\u00e4rte<\/a> laut der venezolanischen Tageszeitung <em>El Nacional<\/em>:<\/p>\n<blockquote>\n<p><em>&#8222;Das ist das wichtigste Abkommen, das in unserem Land in den vergangenen hundert Jahren unterzeichnet wurde. Dieses Abkommen wird es dem venezolanischen Staat erm\u00f6glichen, von der Abh\u00e4ngigkeit vom \u00d6l zu einer echten Energiemacht zu werden.&#8220;<\/em><\/p>\n<\/blockquote>\n<p>Wie die Nachrichtenagentur <em>Reuters<\/em>\u00a0<a href=\"https:\/\/www.reuters.com\/business\/energy\/venezuelas-assembly-backs-oil-deal-announced-with-us-2026-09-01\/\" target=\"_blank\" rel=\"noopener noreferrer\">berichtet<\/a>, wird am Mittwoch US-Energieminister Chris Wright nach Caracas reisen, um das Abkommen mit einem privaten Unternehmen zu unterzeichnen. Zudem plane <em>Reuters<\/em> zufolge der US-Konzern Chevron, eine Ausweitung seiner T\u00e4tigkeit in Venezuela bekanntzugeben.<\/p>\n<p>In der vergangenen Woche hatte US-Pr\u00e4sident Donald Trump <a href=\"https:\/\/www.whitehouse.gov\/fact-sheets\/2026\/08\/fact-sheet-president-donald-j-trump-announces-historic-oil-agreement-to-secure-american-energy-dominance-and-drive-venezuelas-economic-recovery\/\" target=\"_blank\" rel=\"noopener noreferrer\">erkl\u00e4rt<\/a>, Washington habe den gr\u00f6\u00dften \u00d6lhandel der Geschichte mit Venezuela abgeschlossen. Er pr\u00e4zisierte, dass die USA dadurch die Kontrolle \u00fcber mehr als 65 Milliarden Barrel venezolanischer \u00d6lreserven &#8222;ohne jegliche Kosten f\u00fcr die US-amerikanischen Steuerzahler&#8220; erhielten.<\/p>\n<p>Die venezolanische Interimspr\u00e4sidentin Delcy Rodr\u00edguez <a href=\"https:\/\/x.com\/delcyrodriguezv\/status\/2093913564926906557?s=20\" target=\"_blank\" rel=\"noopener noreferrer\">erkl\u00e4rte<\/a>, dass das \u00d6labkommen mit den USA f\u00fcr 25 Jahre gelten solle. Allerdings h\u00e4tten sowohl Hardliner in Venezuela als auch die Opposition Medienberichten zufolge die Vereinbarung zwischen Caracas und Washington bereits kritisiert.<\/p>\n<p><strong>Mehr zum Thema<\/strong>\u00a0\u2013 <a target=\"_blank\" rel=\"noopener noreferrer\" href=\"https:\/\/de-rtnews.com\/international\/290129-washington-revanchiert-sich-in-venezuela\/\">Washington revanchiert sich in Venezuela f\u00fcr die Misserfolge im Nahen Osten<\/a><\/p>\n<div class=\"EmbedBlock-root EmbedBlock-externalVideo EmbedBlock-rumble\">\n<div class=\"VkEmbed\"><iframe class=\"lazyload\" data-src=\"https:\/\/rumble.com\/embed\/v7clr3w\" frameborder=\"0\" width=\"853\" height=\"480\" allowfullscreen><\/iframe><\/div>\n<\/p><\/div>\n<\/div>","protected":false},"excerpt":{"rendered":"<p>Die Nationalversammlung Venezuelas hat mit qualifizierter Mehrheit den Entwurf eines \u00d6labkommens zwischen Washington und Caracas gebilligt. Das Abkommen soll Medienberichten zufolge den USA die Erschlie\u00dfung von 17 \u00d6llagerst\u00e4tten mit einem Volumen von 65 Milliarden Barrel \u00d6l erm\u00f6glichen, was\u00a0einem F\u00fcnftel der venezolanischen \u00d6lreserven entspricht. Der venezolanische Abgeordnete Miguel P\u00e9rez Abad, der den Entwurf dem Parlament vorstellte, [&hellip;]<\/p>\n","protected":false},"author":1,"featured_media":4846,"comment_status":"closed","ping_status":"closed","sticky":false,"template":"","format":"standard","meta":{"_gspb_post_css":"","_uag_custom_page_level_css":"","fifu_image_url":"","fifu_image_alt":"","footnotes":""},"categories":[5],"tags":[],"class_list":["post-20584","post","type-post","status-publish","format-standard","has-post-thumbnail","hentry","category-politik"],"blocksy_meta":{"styles_descriptor":{"styles":{"desktop":"","tablet":"","mobile":""},"google_fonts":[],"version":7}},"uagb_featured_image_src":{"full":["https:\/\/mleexelnfod5.i.optimole.com\/w:auto\/h:auto\/q:mauto\/f:best\/https:\/\/i2.wp.com\/meiser-tv.de\/wp-content\/uploads\/2026\/05\/RSS-Hintergrund.jpg?w=1920&fit=1920,1080&ssl=1",1920,1080,true],"thumbnail":["https:\/\/mleexelnfod5.i.optimole.com\/w:auto\/h:auto\/q:mauto\/f:best\/https:\/\/i2.wp.com\/meiser-tv.de\/wp-content\/uploads\/2026\/05\/RSS-Hintergrund.jpg?w=150&resize=150,150&ssl=1",150,150,true],"medium":["https:\/\/mleexelnfod5.i.optimole.com\/w:auto\/h:auto\/q:mauto\/f:best\/https:\/\/i2.wp.com\/meiser-tv.de\/wp-content\/uploads\/2026\/05\/RSS-Hintergrund.jpg?w=300&fit=300,300&ssl=1",300,300,true],"medium_large":["https:\/\/mleexelnfod5.i.optimole.com\/w:auto\/h:auto\/q:mauto\/f:best\/https:\/\/i2.wp.com\/meiser-tv.de\/wp-content\/uploads\/2026\/05\/RSS-Hintergrund.jpg?w=768&resize=768,0&ssl=1",768,0,true],"large":["https:\/\/mleexelnfod5.i.optimole.com\/w:auto\/h:auto\/q:mauto\/f:best\/https:\/\/i2.wp.com\/meiser-tv.de\/wp-content\/uploads\/2026\/05\/RSS-Hintergrund.jpg?w=1024&fit=1024,1024&ssl=1",1024,1024,true],"1536x1536":["https:\/\/mleexelnfod5.i.optimole.com\/w:auto\/h:auto\/q:mauto\/f:best\/https:\/\/i2.wp.com\/meiser-tv.de\/wp-content\/uploads\/2026\/05\/RSS-Hintergrund.jpg?w=1536&fit=1536,1536&ssl=1",1536,1536,true],"2048x2048":["https:\/\/mleexelnfod5.i.optimole.com\/w:auto\/h:auto\/q:mauto\/f:best\/https:\/\/i2.wp.com\/meiser-tv.de\/wp-content\/uploads\/2026\/05\/RSS-Hintergrund.jpg?w=2048&fit=2048,2048&ssl=1",2048,2048,true],"trp-custom-language-flag":["https:\/\/mleexelnfod5.i.optimole.com\/w:auto\/h:auto\/q:mauto\/f:best\/https:\/\/i2.wp.com\/meiser-tv.de\/wp-content\/uploads\/2026\/05\/RSS-Hintergrund.jpg?w=18&fit=18,12&ssl=1",18,12,true]},"uagb_author_info":{"display_name":"admin","author_link":"https:\/\/meiser-tv.de\/en\/author\/admin\/"},"uagb_comment_info":0,"uagb_excerpt":"Die Nationalversammlung Venezuelas hat mit qualifizierter Mehrheit den Entwurf eines \u00d6labkommens zwischen Washington und Caracas gebilligt. Das Abkommen soll Medienberichten zufolge den USA die Erschlie\u00dfung von 17 \u00d6llagerst\u00e4tten mit einem Volumen von 65 Milliarden Barrel \u00d6l erm\u00f6glichen, was\u00a0einem F\u00fcnftel der venezolanischen \u00d6lreserven entspricht. Der venezolanische Abgeordnete Miguel P\u00e9rez Abad, der den Entwurf dem Parlament vorstellte,&hellip;","_links":{"self":[{"href":"https:\/\/meiser-tv.de\/en\/wp-json\/wp\/v2\/posts\/20584","targetHints":{"allow":["GET"]}}],"collection":[{"href":"https:\/\/meiser-tv.de\/en\/wp-json\/wp\/v2\/posts"}],"about":[{"href":"https:\/\/meiser-tv.de\/en\/wp-json\/wp\/v2\/types\/post"}],"author":[{"embeddable":true,"href":"https:\/\/meiser-tv.de\/en\/wp-json\/wp\/v2\/users\/1"}],"replies":[{"embeddable":true,"href":"https:\/\/meiser-tv.de\/en\/wp-json\/wp\/v2\/comments?post=20584"}],"version-history":[{"count":0,"href":"https:\/\/meiser-tv.de\/en\/wp-json\/wp\/v2\/posts\/20584\/revisions"}],"wp:featuredmedia":[{"embeddable":true,"href":"https:\/\/meiser-tv.de\/en\/wp-json\/wp\/v2\/media\/4846"}],"wp:attachment":[{"href":"https:\/\/meiser-tv.de\/en\/wp-json\/wp\/v2\/media?parent=20584"}],"wp:term":[{"taxonomy":"category","embeddable":true,"href":"https:\/\/meiser-tv.de\/en\/wp-json\/wp\/v2\/categories?post=20584"},{"taxonomy":"post_tag","embeddable":true,"href":"https:\/\/meiser-tv.de\/en\/wp-json\/wp\/v2\/tags?post=20584"}],"curies":[{"name":"wp","href":"https:\/\/api.w.org\/{rel}","templated":true}]}}