{"id":20595,"date":"2026-09-02T14:03:09","date_gmt":"2026-09-02T12:03:09","guid":{"rendered":"https:\/\/meiser-tv.de\/politik\/drohne-in-leipzig-bundesregierung-beschuldigt-russland-russischem-haus-wird-gekuendigt\/"},"modified":"2026-09-02T14:03:09","modified_gmt":"2026-09-02T12:03:09","slug":"drohne-in-leipzig-bundesregierung-beschuldigt-russland-russischem-haus-wird-gekuendigt","status":"publish","type":"post","link":"https:\/\/meiser-tv.de\/en\/politik\/drohne-in-leipzig-bundesregierung-beschuldigt-russland-russischem-haus-wird-gekuendigt\/","title":{"rendered":"Drohne in Leipzig: Bundesregierung beschuldigt Russland \u2013 Russischem Haus wird gek\u00fcndigt"},"content":{"rendered":"<div>\n<p>Bundesinnenminister Alexander Dobrindt und Bundesau\u00dfenminister Johann Wadephul haben am Dienstagabend auf einer Pressekonferenz in Berlin Russland die Verantwortung f\u00fcr den Drohnenfund auf dem Flughafen Leipzig\/Halle am 4. August 2026 zugewiesen.<\/p>\n<p>Konkrete Beweise benannte Dobrindt daf\u00fcr nicht, es handele sich vielmehr um das &#8222;Ergebnis einer Gesamtbetrachtung&#8220;, so der Minister. Deutsche Geheimdienste w\u00fcrden &#8222;schon l\u00e4nger&#8220; hybride Aktionen gegen die Unterst\u00fctzung der Ukraine beobachten. Im Leipziger Fall w\u00fcrden &#8222;Drohnenkonfiguration, diverse Bauteile, Sprengstoff und Z\u00fcndtechnik&#8220; verwendet, die &#8222;aus anderen hybriden Operationen Russlands und dessen Krieg gegen die Ukraine&#8220; bekannt seien. Die Drohne und die Planung bezeichnete Dobrindt als &#8222;professionell&#8220;, w\u00e4hrend er die abschlie\u00dfende Tatausf\u00fchrung &#8222;Low-Level-Agenten&#8220; zuordnete.\u00a0<\/p>\n<p>Die Bundesregierung habe daher eine Reaktion beschlossen, die Dobrindt als &#8222;verh\u00e4ltnism\u00e4\u00dfig&#8220; bezeichnete. Wadephul verk\u00fcndete daraufhin die Kernpunkte der beschlossenen Ma\u00dfnahmen: Unter anderem wird das einzige noch au\u00dferhalb Berlins verbliebene Generalkonsulat der Russischen F\u00f6deration in Bonn zum 18.\u00a0September geschlossen sowie dem\u00a0Russischen Haus der Kultur und der Wissenschaften in Berlin gek\u00fcndigt. Das Haus selbst geh\u00f6rt der Russischen F\u00f6deration, das Grundst\u00fcck ist durch einen langfristigen Pachtvertrag gesichert.<\/p>\n<p>Die Bundesregierung werde zudem &#8222;weitere Listungen von Personen&#8220; f\u00fcr EU-Sanktionslisten vorschlagen. Au\u00dferdem seien sch\u00e4rfere Einreisekontrollen und &#8222;mehr Druck auf die Schattenflotte&#8220; geplant. Er habe den russischen Botschafter ins Au\u00dfenministerium einbestellt, so der Minister abschlie\u00dfend.<\/p>\n<p>Zuvor hatte Wadephul in seiner Rede auf der Pressekonferenz behauptet, Russlands F\u00fchrung trete Deutschland &#8222;mit offener Feindseligkeit&#8220; gegen\u00fcber. Die Rolle Berlins in den zur\u00fcckliegenden Jahren stellte er dagegen als die eines um Frieden bem\u00fchten Vermittlers dar. Es sei Russland, so der Au\u00dfenminister, das keine Bereitschaft zum Ausgleich zeige.<\/p>\n<p>In Moskau hat zur Stunde die Sprecherin des russischen Au\u00dfenministeriums Maria Sacharowa auf die Nachricht aus Berlin reagiert. Deutschland eskaliere wieder ohne stichhaltige Beweise. Das Russische Haus habe den Machthabern in Berlin schon lange keine Ruhe gelassen, nun habe man einen Vorwand gefunden, es loszuwerden. Russland werde eine &#8222;w\u00fcrdige Antwort&#8220; geben, so Sacharowa.<\/p>\n<p><strong>Mehr zum Thema<\/strong> \u2013\u00a0<a target=\"_blank\" rel=\"noopener noreferrer\" href=\"https:\/\/de-rtnews.com\/inland\/290344-leipziger-drohnenerzaehlungen\/\">Leipziger Drohnenerz\u00e4hlungen<\/a><\/p>\n<div class=\"EmbedBlock-root EmbedBlock-externalVideo EmbedBlock-vk\">\n<div class=\"VkEmbed\"><iframe class=\"lazyload\" data-src=\"https:\/\/vk.com\/video_ext.php?oid=-134310637&amp;id=456293321\" frameborder=\"0\" width=\"853\" height=\"480\" allowfullscreen><\/iframe><\/div>\n<\/p><\/div>\n<\/p>\n<\/div>","protected":false},"excerpt":{"rendered":"<p>Bundesinnenminister Alexander Dobrindt und Bundesau\u00dfenminister Johann Wadephul haben am Dienstagabend auf einer Pressekonferenz in Berlin Russland die Verantwortung f\u00fcr den Drohnenfund auf dem Flughafen Leipzig\/Halle am 4. August 2026 zugewiesen. Konkrete Beweise benannte Dobrindt daf\u00fcr nicht, es handele sich vielmehr um das &#8222;Ergebnis einer Gesamtbetrachtung&#8220;, so der Minister. Deutsche Geheimdienste w\u00fcrden &#8222;schon l\u00e4nger&#8220; hybride Aktionen [&hellip;]<\/p>\n","protected":false},"author":1,"featured_media":4846,"comment_status":"closed","ping_status":"closed","sticky":false,"template":"","format":"standard","meta":{"_gspb_post_css":"","_uag_custom_page_level_css":"","fifu_image_url":"","fifu_image_alt":"","footnotes":""},"categories":[5],"tags":[],"class_list":["post-20595","post","type-post","status-publish","format-standard","has-post-thumbnail","hentry","category-politik"],"blocksy_meta":{"styles_descriptor":{"styles":{"desktop":"","tablet":"","mobile":""},"google_fonts":[],"version":7}},"uagb_featured_image_src":{"full":["https:\/\/mleexelnfod5.i.optimole.com\/w:auto\/h:auto\/q:mauto\/f:best\/https:\/\/i2.wp.com\/meiser-tv.de\/wp-content\/uploads\/2026\/05\/RSS-Hintergrund.jpg?w=1920&fit=1920,1080&ssl=1",1920,1080,true],"thumbnail":["https:\/\/mleexelnfod5.i.optimole.com\/w:auto\/h:auto\/q:mauto\/f:best\/https:\/\/i2.wp.com\/meiser-tv.de\/wp-content\/uploads\/2026\/05\/RSS-Hintergrund.jpg?w=150&resize=150,150&ssl=1",150,150,true],"medium":["https:\/\/mleexelnfod5.i.optimole.com\/w:auto\/h:auto\/q:mauto\/f:best\/https:\/\/i2.wp.com\/meiser-tv.de\/wp-content\/uploads\/2026\/05\/RSS-Hintergrund.jpg?w=300&fit=300,300&ssl=1",300,300,true],"medium_large":["https:\/\/mleexelnfod5.i.optimole.com\/w:auto\/h:auto\/q:mauto\/f:best\/https:\/\/i2.wp.com\/meiser-tv.de\/wp-content\/uploads\/2026\/05\/RSS-Hintergrund.jpg?w=768&resize=768,0&ssl=1",768,0,true],"large":["https:\/\/mleexelnfod5.i.optimole.com\/w:auto\/h:auto\/q:mauto\/f:best\/https:\/\/i2.wp.com\/meiser-tv.de\/wp-content\/uploads\/2026\/05\/RSS-Hintergrund.jpg?w=1024&fit=1024,1024&ssl=1",1024,1024,true],"1536x1536":["https:\/\/mleexelnfod5.i.optimole.com\/w:auto\/h:auto\/q:mauto\/f:best\/https:\/\/i2.wp.com\/meiser-tv.de\/wp-content\/uploads\/2026\/05\/RSS-Hintergrund.jpg?w=1536&fit=1536,1536&ssl=1",1536,1536,true],"2048x2048":["https:\/\/mleexelnfod5.i.optimole.com\/w:auto\/h:auto\/q:mauto\/f:best\/https:\/\/i2.wp.com\/meiser-tv.de\/wp-content\/uploads\/2026\/05\/RSS-Hintergrund.jpg?w=2048&fit=2048,2048&ssl=1",2048,2048,true],"trp-custom-language-flag":["https:\/\/mleexelnfod5.i.optimole.com\/w:auto\/h:auto\/q:mauto\/f:best\/https:\/\/i2.wp.com\/meiser-tv.de\/wp-content\/uploads\/2026\/05\/RSS-Hintergrund.jpg?w=18&fit=18,12&ssl=1",18,12,true]},"uagb_author_info":{"display_name":"admin","author_link":"https:\/\/meiser-tv.de\/en\/author\/admin\/"},"uagb_comment_info":0,"uagb_excerpt":"Bundesinnenminister Alexander Dobrindt und Bundesau\u00dfenminister Johann Wadephul haben am Dienstagabend auf einer Pressekonferenz in Berlin Russland die Verantwortung f\u00fcr den Drohnenfund auf dem Flughafen Leipzig\/Halle am 4. August 2026 zugewiesen. Konkrete Beweise benannte Dobrindt daf\u00fcr nicht, es handele sich vielmehr um das &#8222;Ergebnis einer Gesamtbetrachtung&#8220;, so der Minister. Deutsche Geheimdienste w\u00fcrden &#8222;schon l\u00e4nger&#8220; hybride Aktionen&hellip;","_links":{"self":[{"href":"https:\/\/meiser-tv.de\/en\/wp-json\/wp\/v2\/posts\/20595","targetHints":{"allow":["GET"]}}],"collection":[{"href":"https:\/\/meiser-tv.de\/en\/wp-json\/wp\/v2\/posts"}],"about":[{"href":"https:\/\/meiser-tv.de\/en\/wp-json\/wp\/v2\/types\/post"}],"author":[{"embeddable":true,"href":"https:\/\/meiser-tv.de\/en\/wp-json\/wp\/v2\/users\/1"}],"replies":[{"embeddable":true,"href":"https:\/\/meiser-tv.de\/en\/wp-json\/wp\/v2\/comments?post=20595"}],"version-history":[{"count":0,"href":"https:\/\/meiser-tv.de\/en\/wp-json\/wp\/v2\/posts\/20595\/revisions"}],"wp:featuredmedia":[{"embeddable":true,"href":"https:\/\/meiser-tv.de\/en\/wp-json\/wp\/v2\/media\/4846"}],"wp:attachment":[{"href":"https:\/\/meiser-tv.de\/en\/wp-json\/wp\/v2\/media?parent=20595"}],"wp:term":[{"taxonomy":"category","embeddable":true,"href":"https:\/\/meiser-tv.de\/en\/wp-json\/wp\/v2\/categories?post=20595"},{"taxonomy":"post_tag","embeddable":true,"href":"https:\/\/meiser-tv.de\/en\/wp-json\/wp\/v2\/tags?post=20595"}],"curies":[{"name":"wp","href":"https:\/\/api.w.org\/{rel}","templated":true}]}}