{"id":20597,"date":"2026-09-02T14:03:10","date_gmt":"2026-09-02T12:03:10","guid":{"rendered":"https:\/\/meiser-tv.de\/politik\/schweizer-neutralitaet-vor-der-abstimmung-blocher-und-koeppel-gehen-in-die-offensive\/"},"modified":"2026-09-02T14:03:10","modified_gmt":"2026-09-02T12:03:10","slug":"schweizer-neutralitaet-vor-der-abstimmung-blocher-und-koeppel-gehen-in-die-offensive","status":"publish","type":"post","link":"https:\/\/meiser-tv.de\/en\/politik\/schweizer-neutralitaet-vor-der-abstimmung-blocher-und-koeppel-gehen-in-die-offensive\/","title":{"rendered":"Schweizer Neutralit\u00e4t vor der Abstimmung: Blocher und K\u00f6ppel gehen in die Offensive"},"content":{"rendered":"<div>\n<p>Der Abstimmungskampf um die Schweizer Neutralit\u00e4t wird immer hei\u00dfer. Mit jedem Tag r\u00fcckt der 27. September n\u00e4her \u2013 und damit wird auch die Debatte sch\u00e4rfer. Im Zentrum steht l\u00e4ngst nicht mehr nur ein Verfassungsartikel, sondern die Frage, wie neutral die Schweiz k\u00fcnftig sein will.<\/p>\n<p data-start=\"0\" data-end=\"354\" data-is-last-node=\"\" data-is-only-node=\"\">Auf der Ja-Seite wird nicht gekleckert sondern geklotzt. Rund 3,8 Millionen Franken stehen f\u00fcr den Abstimmungskampf zur Verf\u00fcgung. Mehr als zwei Millionen davon schie\u00dft Christoph Blocher pers\u00f6nlich ein. Der fr\u00fchere Bundesrat und SVP-Patron setzt damit ein deutliches Zeichen. F\u00fcr ihn geht es bei dieser Abstimmung um eine Grundsatzfrage f\u00fcr die Schweiz.<\/p>\n<p>Auch die SVP steht klar hinter der Vorlage und k\u00e4mpft f\u00fcr eine eigenst\u00e4ndige und konsequente Schweizer Neutralit\u00e4t. W\u00e4hrend andere Parteien bei der Neutralit\u00e4tsfrage zunehmend ins Wanken geraten, bleibt die SVP bei ihrer Linie. Die Schweiz soll sich nicht in fremde Konflikte hineinziehen lassen.<\/p>\n<div class=\"EmbedBlock-root EmbedBlock-all\">\n<div class=\"AllEmbed\">\n<blockquote class=\"instagram-media\" data-instgrm-captioned data-instgrm-permalink=\"https:\/\/www.instagram.com\/reel\/Dcs1Yaxocp-\/?utm_source=ig_embed&amp;utm_campaign=loading\" data-instgrm-version=\"14\" style=\" background:#FFF; border:0; border-radius:3px; box-shadow:0 0 1px 0 rgba(0,0,0,0.5),0 1px 10px 0 rgba(0,0,0,0.15); margin: 1px; max-width:540px; min-width:326px; padding:0; width:99.375%; width:-webkit-calc(100% - 2px); width:calc(100% - 2px);\">\n<div style=\"padding:16px;\"> <a href=\"https:\/\/www.instagram.com\/reel\/Dcs1Yaxocp-\/?utm_source=ig_embed&amp;utm_campaign=loading\" style=\" background:#FFFFFF; line-height:0; padding:0 0; text-align:center; text-decoration:none; width:100%;\" target=\"_blank\"> <\/p>\n<div style=\" display: flex; flex-direction: row; align-items: center;\">\n<div style=\"background-color: #F4F4F4; border-radius: 50%; flex-grow: 0; height: 40px; margin-right: 14px; width: 40px;\"><\/div>\n<div style=\"display: flex; flex-direction: column; flex-grow: 1; justify-content: center;\">\n<div style=\" background-color: #F4F4F4; border-radius: 4px; flex-grow: 0; height: 14px; margin-bottom: 6px; width: 100px;\"><\/div>\n<div style=\" background-color: #F4F4F4; border-radius: 4px; flex-grow: 0; height: 14px; width: 60px;\"><\/div>\n<\/div>\n<\/div>\n<div style=\"padding: 19% 0;\"><\/div>\n<div style=\"display:block; height:50px; margin:0 auto 12px; width:50px;\"><svg width=\"50px\" height=\"50px\" viewbox=\"0 0 60 60\" version=\"1.1\" xmlns=\"https:\/\/www.w3.org\/2000\/svg\" xmlns:xlink=\"https:\/\/www.w3.org\/1999\/xlink\"><g stroke=\"none\" stroke-width=\"1\" fill=\"none\" fill-rule=\"evenodd\"><g transform=\"translate(-511.000000, -20.000000)\" fill=\"#000000\"><g><path d=\"M556.869,30.41 C554.814,30.41 553.148,32.076 553.148,34.131 C553.148,36.186 554.814,37.852 556.869,37.852 C558.924,37.852 560.59,36.186 560.59,34.131 C560.59,32.076 558.924,30.41 556.869,30.41 M541,60.657 C535.114,60.657 530.342,55.887 530.342,50 C530.342,44.114 535.114,39.342 541,39.342 C546.887,39.342 551.658,44.114 551.658,50 C551.658,55.887 546.887,60.657 541,60.657 M541,33.886 C532.1,33.886 524.886,41.1 524.886,50 C524.886,58.899 532.1,66.113 541,66.113 C549.9,66.113 557.115,58.899 557.115,50 C557.115,41.1 549.9,33.886 541,33.886 M565.378,62.101 C565.244,65.022 564.756,66.606 564.346,67.663 C563.803,69.06 563.154,70.057 562.106,71.106 C561.058,72.155 560.06,72.803 558.662,73.347 C557.607,73.757 556.021,74.244 553.102,74.378 C549.944,74.521 548.997,74.552 541,74.552 C533.003,74.552 532.056,74.521 528.898,74.378 C525.979,74.244 524.393,73.757 523.338,73.347 C521.94,72.803 520.942,72.155 519.894,71.106 C518.846,70.057 518.197,69.06 517.654,67.663 C517.244,66.606 516.755,65.022 516.623,62.101 C516.479,58.943 516.448,57.996 516.448,50 C516.448,42.003 516.479,41.056 516.623,37.899 C516.755,34.978 517.244,33.391 517.654,32.338 C518.197,30.938 518.846,29.942 519.894,28.894 C520.942,27.846 521.94,27.196 523.338,26.654 C524.393,26.244 525.979,25.756 528.898,25.623 C532.057,25.479 533.004,25.448 541,25.448 C548.997,25.448 549.943,25.479 553.102,25.623 C556.021,25.756 557.607,26.244 558.662,26.654 C560.06,27.196 561.058,27.846 562.106,28.894 C563.154,29.942 563.803,30.938 564.346,32.338 C564.756,33.391 565.244,34.978 565.378,37.899 C565.522,41.056 565.552,42.003 565.552,50 C565.552,57.996 565.522,58.943 565.378,62.101 M570.82,37.631 C570.674,34.438 570.167,32.258 569.425,30.349 C568.659,28.377 567.633,26.702 565.965,25.035 C564.297,23.368 562.623,22.342 560.652,21.575 C558.743,20.834 556.562,20.326 553.369,20.18 C550.169,20.033 549.148,20 541,20 C532.853,20 531.831,20.033 528.631,20.18 C525.438,20.326 523.257,20.834 521.349,21.575 C519.376,22.342 517.703,23.368 516.035,25.035 C514.368,26.702 513.342,28.377 512.574,30.349 C511.834,32.258 511.326,34.438 511.181,37.631 C511.035,40.831 511,41.851 511,50 C511,58.147 511.035,59.17 511.181,62.369 C511.326,65.562 511.834,67.743 512.574,69.651 C513.342,71.625 514.368,73.296 516.035,74.965 C517.703,76.634 519.376,77.658 521.349,78.425 C523.257,79.167 525.438,79.673 528.631,79.82 C531.831,79.965 532.853,80.001 541,80.001 C549.148,80.001 550.169,79.965 553.369,79.82 C556.562,79.673 558.743,79.167 560.652,78.425 C562.623,77.658 564.297,76.634 565.965,74.965 C567.633,73.296 568.659,71.625 569.425,69.651 C570.167,67.743 570.674,65.562 570.82,62.369 C570.966,59.17 571,58.147 571,50 C571,41.851 570.966,40.831 570.82,37.631\"><\/path><\/g><\/g><\/g><\/svg><\/div>\n<div style=\"padding-top: 8px;\">\n<div style=\" color:#3897f0; font-family:Arial,sans-serif; font-size:14px; font-style:normal; font-weight:550; line-height:18px;\">Sieh dir diesen Beitrag auf Instagram an<\/div>\n<\/div>\n<div style=\"padding: 12.5% 0;\"><\/div>\n<div style=\"display: flex; flex-direction: row; margin-bottom: 14px; align-items: center;\">\n<div>\n<div style=\"background-color: #F4F4F4; border-radius: 50%; height: 12.5px; width: 12.5px; transform: translateX(0px) translateY(7px);\"><\/div>\n<div style=\"background-color: #F4F4F4; height: 12.5px; transform: rotate(-45deg) translateX(3px) translateY(1px); width: 12.5px; flex-grow: 0; margin-right: 14px; margin-left: 2px;\"><\/div>\n<div style=\"background-color: #F4F4F4; border-radius: 50%; height: 12.5px; width: 12.5px; transform: translateX(9px) translateY(-18px);\"><\/div>\n<\/div>\n<div style=\"margin-left: 8px;\">\n<div style=\" background-color: #F4F4F4; border-radius: 50%; flex-grow: 0; height: 20px; width: 20px;\"><\/div>\n<div style=\" width: 0; height: 0; border-top: 2px solid transparent; border-left: 6px solid #f4f4f4; border-bottom: 2px solid transparent; transform: translateX(16px) translateY(-4px) rotate(30deg)\"><\/div>\n<\/div>\n<div style=\"margin-left: auto;\">\n<div style=\" width: 0px; border-top: 8px solid #F4F4F4; border-right: 8px solid transparent; transform: translateY(16px);\"><\/div>\n<div style=\" background-color: #F4F4F4; flex-grow: 0; height: 12px; width: 16px; transform: translateY(-4px);\"><\/div>\n<div style=\" width: 0; height: 0; border-top: 8px solid #F4F4F4; border-left: 8px solid transparent; transform: translateY(-4px) translateX(8px);\"><\/div>\n<\/div>\n<\/div>\n<div style=\"display: flex; flex-direction: column; flex-grow: 1; justify-content: center; margin-bottom: 24px;\">\n<div style=\" background-color: #F4F4F4; border-radius: 4px; flex-grow: 0; height: 14px; margin-bottom: 6px; width: 224px;\"><\/div>\n<div style=\" background-color: #F4F4F4; border-radius: 4px; flex-grow: 0; height: 14px; width: 144px;\"><\/div>\n<\/div>\n<p><\/a><\/p>\n<p style=\" color:#c9c8cd; font-family:Arial,sans-serif; font-size:14px; line-height:17px; margin-bottom:0; margin-top:8px; overflow:hidden; padding:8px 0 7px; text-align:center; text-overflow:ellipsis; white-space:nowrap;\"><a href=\"https:\/\/www.instagram.com\/reel\/Dcs1Yaxocp-\/?utm_source=ig_embed&amp;utm_campaign=loading\" style=\" color:#c9c8cd; font-family:Arial,sans-serif; font-size:14px; font-style:normal; font-weight:normal; line-height:17px; text-decoration:none;\" target=\"_blank\">Ein Beitrag geteilt von SVP des Kantons Zu\u0308rich (@svpzuerich)<\/a><\/p>\n<\/div>\n<\/blockquote>\n<p><script async src=\"\/\/www.instagram.com\/embed.js\"><\/script>\n                    <\/div>\n<\/p><\/div>\n<p>Die Gegner verf\u00fcgen nach bisherigen Angaben \u00fcber rund 1,7 Millionen Franken. Das Ja-Lager hat damit nicht nur die gr\u00f6\u00dfere finanzielle Schlagkraft, sondern tritt auch mit prominenter Unterst\u00fctzung an.<\/p>\n<p>Blocher selbst bel\u00e4sst es ohnehin nicht beim Geld. Er will den Abstimmungskampf bis zum Schluss pers\u00f6nlich pr\u00e4gen. Einen urspr\u00fcnglich geplanten Auslandaufenthalt am Abstimmungssonntag hat er abgesagt. Seine Erkl\u00e4rung ist unmissverst\u00e4ndlich:<\/p>\n<blockquote>\n<p><em>&#8222;Ich muss da sein bei einer so wichtigen Abstimmung.&#8220;<\/em><\/p>\n<\/blockquote>\n<p>F\u00fcr Blocher ist der 27. September eine Richtungsentscheidung. Es geht darum, ob die Schweiz ihre Neutralit\u00e4t selbst bestimmt oder sich au\u00dfenpolitisch st\u00e4rker an andere Staaten und B\u00fcndnisse anlehnt.<\/p>\n<h3>Vom Bundeshaus in den Pendleralltag<\/h3>\n<p>Die Auseinandersetzung ist l\u00e4ngst aus den Sitzungszimmern der Politik herausgetreten und mitten im Z\u00fcrcher Alltag angekommen. In S-Bahnen und an zahlreichen Haltestellen sind inzwischen Plakate f\u00fcr die Neutralit\u00e4tsinitiative zu sehen.<\/p>\n<p>Die Botschaft des Ja-Lagers ist klar. Die Schweiz soll ihre Neutralit\u00e4t nicht weiter verw\u00e4ssern, sondern sie wieder klar festschreiben und in der Bundesverfassung verankern.<\/p>\n<p>Die Gegner warnen dagegen vor einem Verlust an au\u00dfenpolitischem Spielraum. F\u00fcr sie stellt sich die Frage, ob eine strengere Neutralit\u00e4t der Schweiz tats\u00e4chlich mehr Sicherheit bringt.<\/p>\n<p>Damit geht es am 27. September auch um die Frage, was Schweizer Neutralit\u00e4t heute noch bedeutet.<\/p>\n<h3>Fragen direkt an Blocher und K\u00f6ppel<\/h3>\n<p>Wer sich nicht mit Schlagworten begn\u00fcgen will, bekommt nun die Gelegenheit, die prominentesten K\u00f6pfe des Ja-Lagers direkt zu befragen.<\/p>\n<p>Kurzfristig wurde die Diskussionsveranstaltung &#8222;Kein Krieg. Ja zur Schweizer Neutralit\u00e4t!&#8220; mit Alt-Bundesrat Christoph Blocher und Roger K\u00f6ppel angesetzt. Noch sind Pl\u00e4tze verf\u00fcgbar.<\/p>\n<p>Bei der <a target=\"_blank\" rel=\"noopener noreferrer\" href=\"https:\/\/weltwoche.ch\/blocher\/\">Veranstaltung<\/a> soll es um die konkreten Folgen der Initiative und den k\u00fcnftigen Kurs der Schweizer Au\u00dfen- und Sicherheitspolitik gehen. Im direkten Gespr\u00e4ch k\u00f6nnen die Positionen von Blocher und K\u00f6ppel ausf\u00fchrlicher diskutiert werden als \u00fcber Plakate und Inserate.<\/p>\n<p>Das &#8222;Komitee Wahrung der Schweizer Neutralit\u00e4t&#8220; wirbt f\u00fcr ein Ja am 27. September. Es sieht die Neutralit\u00e4t als Grundlage von Unabh\u00e4ngigkeit, Frieden und Sicherheit und warnt vor einer st\u00e4rkeren Anbindung der Schweiz an NATO und EU.<\/p>\n<p>Die Initiative will die &#8222;immerw\u00e4hrende und bewaffnete&#8220; Neutralit\u00e4t in der Bundesverfassung verankern. Die Schweiz soll keinen Milit\u00e4rb\u00fcndnissen beitreten, sich nicht an Kriegen zwischen Drittstaaten beteiligen und grunds\u00e4tzlich auf Zwangsma\u00dfnahmen gegen Kriegsparteien verzichten. Ausnahmen gelten f\u00fcr UNO-Verpflichtungen und Ma\u00dfnahmen gegen Umgehungsgesch\u00e4fte.<\/p>\n<p>Zugleich soll die Schweiz ihre Neutralit\u00e4t aktiv f\u00fcr Vermittlung und Friedensf\u00f6rderung einsetzen. Am 27. September entscheidet sich damit auch, welchen Stellenwert die Neutralit\u00e4t k\u00fcnftig in der Schweizer Politik haben soll.<\/p>\n<p><strong>Mehr zum Thema<\/strong>\u00a0\u2013\u00a0<a target=\"_blank\" rel=\"noopener noreferrer\" href=\"https:\/\/de-rtnews.com\/schweiz\/288729-schweizer-milliardaer-blocher-finanziert-ja\/\">Schweizer Milliard\u00e4r Blocher finanziert Ja-Kampagne zur Neutralit\u00e4tsinitiative<\/a><\/p>\n<div class=\"EmbedBlock-root EmbedBlock-externalVideo EmbedBlock-rumble\">\n<div class=\"VkEmbed\"><iframe class=\"lazyload\" data-src=\"https:\/\/rumble.com\/embed\/v7cgwis\" frameborder=\"0\" width=\"853\" height=\"480\" allowfullscreen><\/iframe><\/div>\n<\/p><\/div>\n<\/p>\n<\/div>","protected":false},"excerpt":{"rendered":"<p>Der Abstimmungskampf um die Schweizer Neutralit\u00e4t wird immer hei\u00dfer. Mit jedem Tag r\u00fcckt der 27. September n\u00e4her \u2013 und damit wird auch die Debatte sch\u00e4rfer. Im Zentrum steht l\u00e4ngst nicht mehr nur ein Verfassungsartikel, sondern die Frage, wie neutral die Schweiz k\u00fcnftig sein will. Auf der Ja-Seite wird nicht gekleckert sondern geklotzt. Rund 3,8 Millionen [&hellip;]<\/p>\n","protected":false},"author":1,"featured_media":4846,"comment_status":"closed","ping_status":"closed","sticky":false,"template":"","format":"standard","meta":{"_gspb_post_css":"","_uag_custom_page_level_css":"","fifu_image_url":"","fifu_image_alt":"","footnotes":""},"categories":[5],"tags":[],"class_list":["post-20597","post","type-post","status-publish","format-standard","has-post-thumbnail","hentry","category-politik"],"blocksy_meta":{"styles_descriptor":{"styles":{"desktop":"","tablet":"","mobile":""},"google_fonts":[],"version":7}},"uagb_featured_image_src":{"full":["https:\/\/mleexelnfod5.i.optimole.com\/w:auto\/h:auto\/q:mauto\/f:best\/https:\/\/i2.wp.com\/meiser-tv.de\/wp-content\/uploads\/2026\/05\/RSS-Hintergrund.jpg?w=1920&fit=1920,1080&ssl=1",1920,1080,true],"thumbnail":["https:\/\/mleexelnfod5.i.optimole.com\/w:auto\/h:auto\/q:mauto\/f:best\/https:\/\/i2.wp.com\/meiser-tv.de\/wp-content\/uploads\/2026\/05\/RSS-Hintergrund.jpg?w=150&resize=150,150&ssl=1",150,150,true],"medium":["https:\/\/mleexelnfod5.i.optimole.com\/w:auto\/h:auto\/q:mauto\/f:best\/https:\/\/i2.wp.com\/meiser-tv.de\/wp-content\/uploads\/2026\/05\/RSS-Hintergrund.jpg?w=300&fit=300,300&ssl=1",300,300,true],"medium_large":["https:\/\/mleexelnfod5.i.optimole.com\/w:auto\/h:auto\/q:mauto\/f:best\/https:\/\/i2.wp.com\/meiser-tv.de\/wp-content\/uploads\/2026\/05\/RSS-Hintergrund.jpg?w=768&resize=768,0&ssl=1",768,0,true],"large":["https:\/\/mleexelnfod5.i.optimole.com\/w:auto\/h:auto\/q:mauto\/f:best\/https:\/\/i2.wp.com\/meiser-tv.de\/wp-content\/uploads\/2026\/05\/RSS-Hintergrund.jpg?w=1024&fit=1024,1024&ssl=1",1024,1024,true],"1536x1536":["https:\/\/mleexelnfod5.i.optimole.com\/w:auto\/h:auto\/q:mauto\/f:best\/https:\/\/i2.wp.com\/meiser-tv.de\/wp-content\/uploads\/2026\/05\/RSS-Hintergrund.jpg?w=1536&fit=1536,1536&ssl=1",1536,1536,true],"2048x2048":["https:\/\/mleexelnfod5.i.optimole.com\/w:auto\/h:auto\/q:mauto\/f:best\/https:\/\/i2.wp.com\/meiser-tv.de\/wp-content\/uploads\/2026\/05\/RSS-Hintergrund.jpg?w=2048&fit=2048,2048&ssl=1",2048,2048,true],"trp-custom-language-flag":["https:\/\/mleexelnfod5.i.optimole.com\/w:auto\/h:auto\/q:mauto\/f:best\/https:\/\/i2.wp.com\/meiser-tv.de\/wp-content\/uploads\/2026\/05\/RSS-Hintergrund.jpg?w=18&fit=18,12&ssl=1",18,12,true]},"uagb_author_info":{"display_name":"admin","author_link":"https:\/\/meiser-tv.de\/en\/author\/admin\/"},"uagb_comment_info":0,"uagb_excerpt":"Der Abstimmungskampf um die Schweizer Neutralit\u00e4t wird immer hei\u00dfer. Mit jedem Tag r\u00fcckt der 27. September n\u00e4her \u2013 und damit wird auch die Debatte sch\u00e4rfer. Im Zentrum steht l\u00e4ngst nicht mehr nur ein Verfassungsartikel, sondern die Frage, wie neutral die Schweiz k\u00fcnftig sein will. Auf der Ja-Seite wird nicht gekleckert sondern geklotzt. Rund 3,8 Millionen&hellip;","_links":{"self":[{"href":"https:\/\/meiser-tv.de\/en\/wp-json\/wp\/v2\/posts\/20597","targetHints":{"allow":["GET"]}}],"collection":[{"href":"https:\/\/meiser-tv.de\/en\/wp-json\/wp\/v2\/posts"}],"about":[{"href":"https:\/\/meiser-tv.de\/en\/wp-json\/wp\/v2\/types\/post"}],"author":[{"embeddable":true,"href":"https:\/\/meiser-tv.de\/en\/wp-json\/wp\/v2\/users\/1"}],"replies":[{"embeddable":true,"href":"https:\/\/meiser-tv.de\/en\/wp-json\/wp\/v2\/comments?post=20597"}],"version-history":[{"count":0,"href":"https:\/\/meiser-tv.de\/en\/wp-json\/wp\/v2\/posts\/20597\/revisions"}],"wp:featuredmedia":[{"embeddable":true,"href":"https:\/\/meiser-tv.de\/en\/wp-json\/wp\/v2\/media\/4846"}],"wp:attachment":[{"href":"https:\/\/meiser-tv.de\/en\/wp-json\/wp\/v2\/media?parent=20597"}],"wp:term":[{"taxonomy":"category","embeddable":true,"href":"https:\/\/meiser-tv.de\/en\/wp-json\/wp\/v2\/categories?post=20597"},{"taxonomy":"post_tag","embeddable":true,"href":"https:\/\/meiser-tv.de\/en\/wp-json\/wp\/v2\/tags?post=20597"}],"curies":[{"name":"wp","href":"https:\/\/api.w.org\/{rel}","templated":true}]}}