{"id":20603,"date":"2026-09-02T15:03:26","date_gmt":"2026-09-02T13:03:26","guid":{"rendered":"https:\/\/meiser-tv.de\/politik\/europas-gaspreise-steigen-auf-hoechsten-stand-seit-drei-jahren\/"},"modified":"2026-09-02T15:03:26","modified_gmt":"2026-09-02T13:03:26","slug":"europas-gaspreise-steigen-auf-hoechsten-stand-seit-drei-jahren","status":"publish","type":"post","link":"https:\/\/meiser-tv.de\/en\/politik\/europas-gaspreise-steigen-auf-hoechsten-stand-seit-drei-jahren\/","title":{"rendered":"Europas Gaspreise steigen auf h\u00f6chsten Stand seit drei Jahren"},"content":{"rendered":"<div>\n<p data-start=\"0\" data-end=\"324\">Die europ\u00e4ischen Erdgaspreise sind am Mittwoch auf den h\u00f6chsten Stand seit 2023 gestiegen. Auch der \u00d6lpreis kletterte zeitweise auf ein F\u00fcnf-Wochen-Hoch von 97 US-Dollar je Barrel. Hintergr\u00fcnde seien die Wiederaufnahme der K\u00e4mpfe zwischen den USA und Iran und die wachsende Sorge vor einer R\u00fcckkehr zu einem offenen Krieg.\u00a0Das berichtet die\u00a0<em>Financial<\/em>\u00a0<em>Times<\/em>\u00a0am Mittwoch.\u00a0<\/p>\n<p data-start=\"326\" data-end=\"614\">Der Preis f\u00fcr europ\u00e4isches Erdgas am niederl\u00e4ndischen TTF-Handelsplatz stieg erstmals seit Beginn des Krieges im Februar \u00fcber 75 Euro je Megawattstunde. Der internationale \u00d6lpreis Brent legte zeitweise um 2,5 Prozent auf gut 97 US-Dollar zu, bevor er einen Teil der Gewinne wieder abgab.<\/p>\n<p data-start=\"616\" data-end=\"944\" data-is-last-node=\"\" data-is-only-node=\"\">Ausl\u00f6ser waren neue US-Angriffe auf Iran am Dienstag. Nach der relativ ruhigen Phase im August w\u00e4chst an den M\u00e4rkten nun die Angst vor einer weiteren Eskalation. &#8222;Die Vorstellung, dass dieser Konflikt bis Weihnachten vorbei sein wird, schwindet rapide&#8220;, sagte Mike Bell von RBC BlueBay Asset Management. &#8222;Das treibt die M\u00e4rkte.&#8220;<\/p>\n<p data-start=\"0\" data-end=\"127\">Washington und Teheran ringen um die Kontrolle der Stra\u00dfe von Hormus, einer wichtigen Route f\u00fcr den weltweiten \u00d6ltransport. Der Anstieg der \u00d6l- und Gaspreise setzte am Mittwoch die internationalen Aktien- und Anleihem\u00e4rkte weiter unter Druck und sch\u00fcrte erneut Sorgen vor einer l\u00e4ngeren Phase erh\u00f6hter Inflation.<\/p>\n<p data-start=\"323\" data-end=\"454\">Die Rendite zehnj\u00e4hriger US-Staatsanleihen stieg am Mittwochmorgen auf 4,81 Prozent und damit auf den h\u00f6chsten Stand seit 2023. Auch die Rendite zehnj\u00e4hriger deutscher Bundesanleihen legte um 0,04 Prozentpunkte auf 3,37 Prozent zu. Damit liegen die Finanzierungskosten Deutschlands auf dem h\u00f6chsten Niveau seit dem Jahr 2011.<\/p>\n<p data-start=\"650\" data-end=\"872\" data-is-last-node=\"\" data-is-only-node=\"\">In Gro\u00dfbritannien stiegen die Finanzierungskosten den zweiten Tag in Folge auf den h\u00f6chsten Stand seit der Finanzkrise 2008. Die Rendite zehnj\u00e4hriger Staatsanleihen kletterte um 0,04 Prozentpunkte auf 5,26 Prozent.<\/p>\n<p data-start=\"0\" data-end=\"267\">Der Anstieg der Gaspreise setzt insbesondere die europ\u00e4ischen Anleihem\u00e4rkte unter Druck. Die Inflation in der Eurozone beschleunigte sich im August auf 3,3 Prozent, wie offizielle Daten am Dienstag zeigten. Die Energiepreise stiegen dabei um 14,3 Prozent. Mohit Kumar, Chef\u00f6konom f\u00fcr Europa bei Jefferies, sagte, das Investmenthaus fahre angesichts des gestiegenen \u00d6lpreises sein Engagement in riskanteren Anlagen zur\u00fcck.<\/p>\n<p data-start=\"440\" data-end=\"615\">Die Anleiherenditen erreichten inzwischen ein Niveau, bei dem ein weiterer Anstieg zunehmend negative Folgen f\u00fcr Aktien und Unternehmensanleihen haben d\u00fcrfte, sagte Kumar. Die Futures auf den S&amp;P 500 deuteten am Mittwoch auf weitere Verluste hin. Damit k\u00f6nnte der US-Leitindex seine bereits mehr als einprozentigen Verluste in dieser Woche ausweiten. An den asiatischen Aktienm\u00e4rkten f\u00fchrten Japan und S\u00fcdkorea, zwei gro\u00dfe \u00d6limporteure, die Verluste an. Der Nikkei 225 fiel um 3 Prozent, der Kospi gab um 3,8 Prozent nach.<\/p>\n<p data-start=\"440\" data-end=\"615\"><strong>Mehr zum Thema\u00a0<\/strong>\u2013\u00a0<a href=\"https:\/\/freedert.online\/der-nahe-osten\/290395-usa-und-iran-tauschen-erneut\/\" target=\"_blank\" rel=\"noopener noreferrer\">USA und Iran starten erneut Angriffe \u2013 Kampfpause offenbar beendet<\/a><\/p>\n<div class=\"EmbedBlock-root EmbedBlock-externalVideo EmbedBlock-rumble\">\n<div class=\"VkEmbed\"><iframe class=\"lazyload\" data-src=\"https:\/\/rumble.com\/embed\/v7csu0w\" frameborder=\"0\" width=\"853\" height=\"480\" allowfullscreen><\/iframe><\/div>\n<\/p><\/div>\n<\/p>\n<\/div>","protected":false},"excerpt":{"rendered":"<p>Die europ\u00e4ischen Erdgaspreise sind am Mittwoch auf den h\u00f6chsten Stand seit 2023 gestiegen. Auch der \u00d6lpreis kletterte zeitweise auf ein F\u00fcnf-Wochen-Hoch von 97 US-Dollar je Barrel. Hintergr\u00fcnde seien die Wiederaufnahme der K\u00e4mpfe zwischen den USA und Iran und die wachsende Sorge vor einer R\u00fcckkehr zu einem offenen Krieg.\u00a0Das berichtet die\u00a0Financial\u00a0Times\u00a0am Mittwoch.\u00a0 Der Preis f\u00fcr europ\u00e4isches [&hellip;]<\/p>\n","protected":false},"author":1,"featured_media":4846,"comment_status":"closed","ping_status":"closed","sticky":false,"template":"","format":"standard","meta":{"_gspb_post_css":"","_uag_custom_page_level_css":"","fifu_image_url":"","fifu_image_alt":"","footnotes":""},"categories":[5],"tags":[],"class_list":["post-20603","post","type-post","status-publish","format-standard","has-post-thumbnail","hentry","category-politik"],"blocksy_meta":{"styles_descriptor":{"styles":{"desktop":"","tablet":"","mobile":""},"google_fonts":[],"version":7}},"uagb_featured_image_src":{"full":["https:\/\/mleexelnfod5.i.optimole.com\/w:auto\/h:auto\/q:mauto\/f:best\/https:\/\/i2.wp.com\/meiser-tv.de\/wp-content\/uploads\/2026\/05\/RSS-Hintergrund.jpg?w=1920&fit=1920,1080&ssl=1",1920,1080,true],"thumbnail":["https:\/\/mleexelnfod5.i.optimole.com\/w:auto\/h:auto\/q:mauto\/f:best\/https:\/\/i2.wp.com\/meiser-tv.de\/wp-content\/uploads\/2026\/05\/RSS-Hintergrund.jpg?w=150&resize=150,150&ssl=1",150,150,true],"medium":["https:\/\/mleexelnfod5.i.optimole.com\/w:auto\/h:auto\/q:mauto\/f:best\/https:\/\/i2.wp.com\/meiser-tv.de\/wp-content\/uploads\/2026\/05\/RSS-Hintergrund.jpg?w=300&fit=300,300&ssl=1",300,300,true],"medium_large":["https:\/\/mleexelnfod5.i.optimole.com\/w:auto\/h:auto\/q:mauto\/f:best\/https:\/\/i2.wp.com\/meiser-tv.de\/wp-content\/uploads\/2026\/05\/RSS-Hintergrund.jpg?w=768&resize=768,0&ssl=1",768,0,true],"large":["https:\/\/mleexelnfod5.i.optimole.com\/w:auto\/h:auto\/q:mauto\/f:best\/https:\/\/i2.wp.com\/meiser-tv.de\/wp-content\/uploads\/2026\/05\/RSS-Hintergrund.jpg?w=1024&fit=1024,1024&ssl=1",1024,1024,true],"1536x1536":["https:\/\/mleexelnfod5.i.optimole.com\/w:auto\/h:auto\/q:mauto\/f:best\/https:\/\/i2.wp.com\/meiser-tv.de\/wp-content\/uploads\/2026\/05\/RSS-Hintergrund.jpg?w=1536&fit=1536,1536&ssl=1",1536,1536,true],"2048x2048":["https:\/\/mleexelnfod5.i.optimole.com\/w:auto\/h:auto\/q:mauto\/f:best\/https:\/\/i2.wp.com\/meiser-tv.de\/wp-content\/uploads\/2026\/05\/RSS-Hintergrund.jpg?w=2048&fit=2048,2048&ssl=1",2048,2048,true],"trp-custom-language-flag":["https:\/\/mleexelnfod5.i.optimole.com\/w:auto\/h:auto\/q:mauto\/f:best\/https:\/\/i2.wp.com\/meiser-tv.de\/wp-content\/uploads\/2026\/05\/RSS-Hintergrund.jpg?w=18&fit=18,12&ssl=1",18,12,true]},"uagb_author_info":{"display_name":"admin","author_link":"https:\/\/meiser-tv.de\/en\/author\/admin\/"},"uagb_comment_info":0,"uagb_excerpt":"Die europ\u00e4ischen Erdgaspreise sind am Mittwoch auf den h\u00f6chsten Stand seit 2023 gestiegen. Auch der \u00d6lpreis kletterte zeitweise auf ein F\u00fcnf-Wochen-Hoch von 97 US-Dollar je Barrel. Hintergr\u00fcnde seien die Wiederaufnahme der K\u00e4mpfe zwischen den USA und Iran und die wachsende Sorge vor einer R\u00fcckkehr zu einem offenen Krieg.\u00a0Das berichtet die\u00a0Financial\u00a0Times\u00a0am Mittwoch.\u00a0 Der Preis f\u00fcr europ\u00e4isches&hellip;","_links":{"self":[{"href":"https:\/\/meiser-tv.de\/en\/wp-json\/wp\/v2\/posts\/20603","targetHints":{"allow":["GET"]}}],"collection":[{"href":"https:\/\/meiser-tv.de\/en\/wp-json\/wp\/v2\/posts"}],"about":[{"href":"https:\/\/meiser-tv.de\/en\/wp-json\/wp\/v2\/types\/post"}],"author":[{"embeddable":true,"href":"https:\/\/meiser-tv.de\/en\/wp-json\/wp\/v2\/users\/1"}],"replies":[{"embeddable":true,"href":"https:\/\/meiser-tv.de\/en\/wp-json\/wp\/v2\/comments?post=20603"}],"version-history":[{"count":0,"href":"https:\/\/meiser-tv.de\/en\/wp-json\/wp\/v2\/posts\/20603\/revisions"}],"wp:featuredmedia":[{"embeddable":true,"href":"https:\/\/meiser-tv.de\/en\/wp-json\/wp\/v2\/media\/4846"}],"wp:attachment":[{"href":"https:\/\/meiser-tv.de\/en\/wp-json\/wp\/v2\/media?parent=20603"}],"wp:term":[{"taxonomy":"category","embeddable":true,"href":"https:\/\/meiser-tv.de\/en\/wp-json\/wp\/v2\/categories?post=20603"},{"taxonomy":"post_tag","embeddable":true,"href":"https:\/\/meiser-tv.de\/en\/wp-json\/wp\/v2\/tags?post=20603"}],"curies":[{"name":"wp","href":"https:\/\/api.w.org\/{rel}","templated":true}]}}