{"id":20604,"date":"2026-09-02T15:03:26","date_gmt":"2026-09-02T13:03:26","guid":{"rendered":"https:\/\/meiser-tv.de\/politik\/nach-vorfall-am-leipziger-flughafen-zwei-moegliche-tatverdaechtige-identifiziert\/"},"modified":"2026-09-02T15:03:26","modified_gmt":"2026-09-02T13:03:26","slug":"nach-vorfall-am-leipziger-flughafen-zwei-moegliche-tatverdaechtige-identifiziert","status":"publish","type":"post","link":"https:\/\/meiser-tv.de\/en\/politik\/nach-vorfall-am-leipziger-flughafen-zwei-moegliche-tatverdaechtige-identifiziert\/","title":{"rendered":"Nach Vorfall am Leipziger Flughafen: Zwei m\u00f6gliche Tatverd\u00e4chtige identifiziert"},"content":{"rendered":"<div>\n<p>Nach dem versuchten Sprengstoffanschlag auf Frachtmaschinen am Leipziger Flughafen haben die Ermittler zwei m\u00f6gliche Tatverd\u00e4chtige mit angeblichen Verbindungen nach Russland identifiziert. Nach Informationen von <em>S\u00fcddeutscher Zeitung<\/em>, NDR und WDR handelt es sich um einen in Russland geborenen Mann mit lettischem Pass sowie einen aus Belarus stammenden Mann mit russischem Pass. Beide sollen hinter dem Drohnenangriff Anfang August stecken, bei dem der Flughafen Leipzig\/Halle nur knapp einer Katastrophe entgangen sein soll, hie\u00df es in deutschen Medien.<\/p>\n<p>Der in Russland geborene Mann mit lettischem Pass soll angeblich Verbindungen zum russischen Geheimdienst haben. Nach bisherigen Erkenntnissen reiste er Ende Juli \u00fcber den Berliner Flughafen BER nach Deutschland ein und fuhr anschlie\u00dfend mit einem Mietwagen in Richtung Leipzig. Zwei Tage vor dem &#8222;Drohnenanschlag&#8220; verlie\u00df er Deutschland wieder \u2013 erneut \u00fcber den BER. Am Tatort sollen die Ermittler zudem auf DNA-Spuren gesto\u00dfen sein, die zu einem zweiten Tatverd\u00e4chtigen f\u00fchrten.<\/p>\n<p>Die Bundesregierung hatte Russland am Dienstag f\u00fcr den Drohnenvorfall in Leipzig verantwortlich gemacht und angek\u00fcndigt, das russische Generalkonsulat in Bonn sowie das als Kulturinstitut gegr\u00fcndete Russische Haus in Berlin zu schlie\u00dfen.\u00a0<\/p>\n<p>Russland\u00a0wies die Vorw\u00fcrfe bez\u00fcglich des Vorfalls am Leipziger Flughafen zur\u00fcck. Pr\u00e4sident Wladimir Putin bezeichnete die deutschen Sanktionen im Zusammenhang mit dem Leipziger Drohnenvorfall als &#8222;schweren Fehler&#8220; und warf der Bundesregierung vor, den Fall f\u00fcr innenpolitische Zwecke zu instrumentalisieren. Moskau fordert belastbare Beweise f\u00fcr die russische Verantwortung. &#8222;Merz hat das Vertrauen der B\u00fcrger verloren, da er die nationalen Interessen Deutschlands nicht sch\u00fctzt&#8220;,\u00a0sagte Putin.<\/p>\n<p><strong>Mehr zum Thema<\/strong> &#8211; <a href=\"https:\/\/de-rtnews.com\/inland\/290344-leipziger-drohnenerzaehlungen\/\" target=\"_blank\" rel=\"noopener noreferrer\">Leipziger Drohnenerz\u00e4hlungen<\/a><\/p>\n<div class=\"EmbedBlock-root EmbedBlock-externalVideo EmbedBlock-rumble\">\n<div class=\"VkEmbed\"><iframe class=\"lazyload\" data-src=\"https:\/\/rumble.com\/embed\/v7cswr8\" frameborder=\"0\" width=\"853\" height=\"480\" allowfullscreen><\/iframe><\/div>\n<\/p><\/div>\n<\/p>\n<\/div>","protected":false},"excerpt":{"rendered":"<p>Nach dem versuchten Sprengstoffanschlag auf Frachtmaschinen am Leipziger Flughafen haben die Ermittler zwei m\u00f6gliche Tatverd\u00e4chtige mit angeblichen Verbindungen nach Russland identifiziert. Nach Informationen von S\u00fcddeutscher Zeitung, NDR und WDR handelt es sich um einen in Russland geborenen Mann mit lettischem Pass sowie einen aus Belarus stammenden Mann mit russischem Pass. Beide sollen hinter dem Drohnenangriff [&hellip;]<\/p>\n","protected":false},"author":1,"featured_media":4846,"comment_status":"closed","ping_status":"closed","sticky":false,"template":"","format":"standard","meta":{"_gspb_post_css":"","_uag_custom_page_level_css":"","fifu_image_url":"","fifu_image_alt":"","footnotes":""},"categories":[5],"tags":[],"class_list":["post-20604","post","type-post","status-publish","format-standard","has-post-thumbnail","hentry","category-politik"],"blocksy_meta":{"styles_descriptor":{"styles":{"desktop":"","tablet":"","mobile":""},"google_fonts":[],"version":7}},"uagb_featured_image_src":{"full":["https:\/\/mleexelnfod5.i.optimole.com\/w:auto\/h:auto\/q:mauto\/f:best\/https:\/\/i2.wp.com\/meiser-tv.de\/wp-content\/uploads\/2026\/05\/RSS-Hintergrund.jpg?w=1920&fit=1920,1080&ssl=1",1920,1080,true],"thumbnail":["https:\/\/mleexelnfod5.i.optimole.com\/w:auto\/h:auto\/q:mauto\/f:best\/https:\/\/i2.wp.com\/meiser-tv.de\/wp-content\/uploads\/2026\/05\/RSS-Hintergrund.jpg?w=150&resize=150,150&ssl=1",150,150,true],"medium":["https:\/\/mleexelnfod5.i.optimole.com\/w:auto\/h:auto\/q:mauto\/f:best\/https:\/\/i2.wp.com\/meiser-tv.de\/wp-content\/uploads\/2026\/05\/RSS-Hintergrund.jpg?w=300&fit=300,300&ssl=1",300,300,true],"medium_large":["https:\/\/mleexelnfod5.i.optimole.com\/w:auto\/h:auto\/q:mauto\/f:best\/https:\/\/i2.wp.com\/meiser-tv.de\/wp-content\/uploads\/2026\/05\/RSS-Hintergrund.jpg?w=768&resize=768,0&ssl=1",768,0,true],"large":["https:\/\/mleexelnfod5.i.optimole.com\/w:auto\/h:auto\/q:mauto\/f:best\/https:\/\/i2.wp.com\/meiser-tv.de\/wp-content\/uploads\/2026\/05\/RSS-Hintergrund.jpg?w=1024&fit=1024,1024&ssl=1",1024,1024,true],"1536x1536":["https:\/\/mleexelnfod5.i.optimole.com\/w:auto\/h:auto\/q:mauto\/f:best\/https:\/\/i2.wp.com\/meiser-tv.de\/wp-content\/uploads\/2026\/05\/RSS-Hintergrund.jpg?w=1536&fit=1536,1536&ssl=1",1536,1536,true],"2048x2048":["https:\/\/mleexelnfod5.i.optimole.com\/w:auto\/h:auto\/q:mauto\/f:best\/https:\/\/i2.wp.com\/meiser-tv.de\/wp-content\/uploads\/2026\/05\/RSS-Hintergrund.jpg?w=2048&fit=2048,2048&ssl=1",2048,2048,true],"trp-custom-language-flag":["https:\/\/mleexelnfod5.i.optimole.com\/w:auto\/h:auto\/q:mauto\/f:best\/https:\/\/i2.wp.com\/meiser-tv.de\/wp-content\/uploads\/2026\/05\/RSS-Hintergrund.jpg?w=18&fit=18,12&ssl=1",18,12,true]},"uagb_author_info":{"display_name":"admin","author_link":"https:\/\/meiser-tv.de\/en\/author\/admin\/"},"uagb_comment_info":0,"uagb_excerpt":"Nach dem versuchten Sprengstoffanschlag auf Frachtmaschinen am Leipziger Flughafen haben die Ermittler zwei m\u00f6gliche Tatverd\u00e4chtige mit angeblichen Verbindungen nach Russland identifiziert. Nach Informationen von S\u00fcddeutscher Zeitung, NDR und WDR handelt es sich um einen in Russland geborenen Mann mit lettischem Pass sowie einen aus Belarus stammenden Mann mit russischem Pass. Beide sollen hinter dem Drohnenangriff&hellip;","_links":{"self":[{"href":"https:\/\/meiser-tv.de\/en\/wp-json\/wp\/v2\/posts\/20604","targetHints":{"allow":["GET"]}}],"collection":[{"href":"https:\/\/meiser-tv.de\/en\/wp-json\/wp\/v2\/posts"}],"about":[{"href":"https:\/\/meiser-tv.de\/en\/wp-json\/wp\/v2\/types\/post"}],"author":[{"embeddable":true,"href":"https:\/\/meiser-tv.de\/en\/wp-json\/wp\/v2\/users\/1"}],"replies":[{"embeddable":true,"href":"https:\/\/meiser-tv.de\/en\/wp-json\/wp\/v2\/comments?post=20604"}],"version-history":[{"count":0,"href":"https:\/\/meiser-tv.de\/en\/wp-json\/wp\/v2\/posts\/20604\/revisions"}],"wp:featuredmedia":[{"embeddable":true,"href":"https:\/\/meiser-tv.de\/en\/wp-json\/wp\/v2\/media\/4846"}],"wp:attachment":[{"href":"https:\/\/meiser-tv.de\/en\/wp-json\/wp\/v2\/media?parent=20604"}],"wp:term":[{"taxonomy":"category","embeddable":true,"href":"https:\/\/meiser-tv.de\/en\/wp-json\/wp\/v2\/categories?post=20604"},{"taxonomy":"post_tag","embeddable":true,"href":"https:\/\/meiser-tv.de\/en\/wp-json\/wp\/v2\/tags?post=20604"}],"curies":[{"name":"wp","href":"https:\/\/api.w.org\/{rel}","templated":true}]}}