{"id":20605,"date":"2026-09-02T15:03:27","date_gmt":"2026-09-02T13:03:27","guid":{"rendered":"https:\/\/meiser-tv.de\/politik\/rosatom-chef-appelliert-an-iaea-verantwortliche-fuer-beschuss-von-energodar-beim-namen-nennen\/"},"modified":"2026-09-02T15:03:27","modified_gmt":"2026-09-02T13:03:27","slug":"rosatom-chef-appelliert-an-iaea-verantwortliche-fuer-beschuss-von-energodar-beim-namen-nennen","status":"publish","type":"post","link":"https:\/\/meiser-tv.de\/en\/politik\/rosatom-chef-appelliert-an-iaea-verantwortliche-fuer-beschuss-von-energodar-beim-namen-nennen\/","title":{"rendered":"Rosatom-Chef appelliert an IAEA: Verantwortliche f\u00fcr Beschuss von Energodar beim Namen nennen"},"content":{"rendered":"<div>\n<p>Der Generaldirektor des russischen staatlichen Energiekonzerns Rosatom, Alexei Lichatschow, hat am Rande des \u00d6stlichen Wirtschaftsforums im Fernen Osten dem Fernsehsender <em>Rossija 24<\/em> ein Interview gegeben. Im Gespr\u00e4ch am Mittwoch forderte Lichatschow die Internationale Atomenergieorganisation (IAEA)\u00a0dazu auf, ihr Schweigen zu brechen und \u00f6ffentlich zu erkl\u00e4ren, dass es Kiewer Kr\u00e4fte sind, die das russische Kernkraftwerk Saporoschje in Energodar permanent unter Beschuss nehmen.<\/p>\n<p>&#8222;Es ist Zeit, Klartext zu reden&#8220;, forderte der Rosatom-Chef. &#8222;Nehmen wir etwa uns selbst unter Beschuss? Verhindern wir etwa selbst die Versorgung der Anlage mit Treibstoff?&#8220;, f\u00fcgte er hinzu.<\/p>\n<p>Und weiter:<\/p>\n<blockquote>\n<p><em>&#8222;Nat\u00fcrlich ist klar, wer schie\u00dft, es ist klar, wer die Treibstofflieferung verhindert, wer systematisch, Tag f\u00fcr Tag, die soziale Infrastruktur von Energodar zerst\u00f6rt. Und es ist klar, warum diese zerst\u00f6rt wird. Ziel ist es, dass die Menschen den Ort verlassen und es dem AKW dadurch an Personal mangelt. Nun, nennen Sie die Dinge beim Namen, nennen Sie die Verantwortlichen beim Namen!&#8220;<\/em><\/p>\n<\/blockquote>\n<p>Der Rosatom-Chef hatte zuvor bereits dem Westen und der IAEA vorgeworfen, sich bez\u00fcglich der regelm\u00e4\u00dfigen ukrainischen Angriffe auf das AKW Saporoschje weitgehend in Schweigen zu h\u00fcllen. Dadurch werde Kiew zu einer weiteren Eskalation ermutigt, stellte Lichatschow klar. Er w\u00fcrdigte die Rolle der UN-Beh\u00f6rde bei der L\u00f6sung eines Gro\u00dfteils der Probleme, forderte sie jedoch auf, das Vorgehen der Ukraine \u00f6ffentlich zu bewerten. Die Berichte der Organisation \u00fcber das Ausma\u00df der Bedrohung spiegelten die Lage nicht vollst\u00e4ndig wider, hie\u00df es.<\/p>\n<p>Michail Uljanow, St\u00e4ndiger Vertreter der Russischen F\u00f6deration bei den Internationalen Organisationen in Wien, hat k\u00fcrzlich in einem Interview beklagt, es gebe nach wie vor keinen praktischen Fortschritt im globalen Austausch \u00fcber die Gew\u00e4hrleistung der Sicherheit der nuklearen Einrichtungen.<\/p>\n<p>Laut dem Diplomaten f\u00e4nden aktuell bei der IAEA und in den Vereinten Nationen keine substanziellen Diskussionen \u00fcber zus\u00e4tzliche Ma\u00dfnahmen zum Schutz kerntechnischer Anlagen statt.<\/p>\n<p>Das \u00d6stliche Wirtschaftsforum findet vom 1. bis 4. September in der Hafenstadt Wladiwostok im Fernen Osten statt.<\/p>\n<p><strong>Mehr zum Thema<\/strong>\u00a0\u2012 <a target=\"_blank\" rel=\"noopener noreferrer\" href=\"https:\/\/de-rtnews.com\/international\/285569-rosatom-chef-zu-iaeo-leiter-totschweigen-kiews-angriffen-akw-saporoschje-provoziert-eskalation\/\">Rosatom-Chef zu IAEA-Leiter: Schweigen zu Angriffen auf AKW Saporoschje ermutigt Kiew weiterzumachen<\/a><\/p>\n<div class=\"EmbedBlock-root EmbedBlock-externalVideo EmbedBlock-rumble\">\n<div class=\"VkEmbed\"><iframe class=\"lazyload\" data-src=\"https:\/\/rumble.com\/embed\/v7crvog\" frameborder=\"0\" width=\"853\" height=\"480\" allowfullscreen><\/iframe><\/div>\n<\/p><\/div>\n<\/div>","protected":false},"excerpt":{"rendered":"<p>Der Generaldirektor des russischen staatlichen Energiekonzerns Rosatom, Alexei Lichatschow, hat am Rande des \u00d6stlichen Wirtschaftsforums im Fernen Osten dem Fernsehsender Rossija 24 ein Interview gegeben. Im Gespr\u00e4ch am Mittwoch forderte Lichatschow die Internationale Atomenergieorganisation (IAEA)\u00a0dazu auf, ihr Schweigen zu brechen und \u00f6ffentlich zu erkl\u00e4ren, dass es Kiewer Kr\u00e4fte sind, die das russische Kernkraftwerk Saporoschje in [&hellip;]<\/p>\n","protected":false},"author":1,"featured_media":4846,"comment_status":"closed","ping_status":"closed","sticky":false,"template":"","format":"standard","meta":{"_gspb_post_css":"","_uag_custom_page_level_css":"","fifu_image_url":"","fifu_image_alt":"","footnotes":""},"categories":[5],"tags":[],"class_list":["post-20605","post","type-post","status-publish","format-standard","has-post-thumbnail","hentry","category-politik"],"blocksy_meta":{"styles_descriptor":{"styles":{"desktop":"","tablet":"","mobile":""},"google_fonts":[],"version":7}},"uagb_featured_image_src":{"full":["https:\/\/mleexelnfod5.i.optimole.com\/w:auto\/h:auto\/q:mauto\/f:best\/https:\/\/i2.wp.com\/meiser-tv.de\/wp-content\/uploads\/2026\/05\/RSS-Hintergrund.jpg?w=1920&fit=1920,1080&ssl=1",1920,1080,true],"thumbnail":["https:\/\/mleexelnfod5.i.optimole.com\/w:auto\/h:auto\/q:mauto\/f:best\/https:\/\/i2.wp.com\/meiser-tv.de\/wp-content\/uploads\/2026\/05\/RSS-Hintergrund.jpg?w=150&resize=150,150&ssl=1",150,150,true],"medium":["https:\/\/mleexelnfod5.i.optimole.com\/w:auto\/h:auto\/q:mauto\/f:best\/https:\/\/i2.wp.com\/meiser-tv.de\/wp-content\/uploads\/2026\/05\/RSS-Hintergrund.jpg?w=300&fit=300,300&ssl=1",300,300,true],"medium_large":["https:\/\/mleexelnfod5.i.optimole.com\/w:auto\/h:auto\/q:mauto\/f:best\/https:\/\/i2.wp.com\/meiser-tv.de\/wp-content\/uploads\/2026\/05\/RSS-Hintergrund.jpg?w=768&resize=768,0&ssl=1",768,0,true],"large":["https:\/\/mleexelnfod5.i.optimole.com\/w:auto\/h:auto\/q:mauto\/f:best\/https:\/\/i2.wp.com\/meiser-tv.de\/wp-content\/uploads\/2026\/05\/RSS-Hintergrund.jpg?w=1024&fit=1024,1024&ssl=1",1024,1024,true],"1536x1536":["https:\/\/mleexelnfod5.i.optimole.com\/w:auto\/h:auto\/q:mauto\/f:best\/https:\/\/i2.wp.com\/meiser-tv.de\/wp-content\/uploads\/2026\/05\/RSS-Hintergrund.jpg?w=1536&fit=1536,1536&ssl=1",1536,1536,true],"2048x2048":["https:\/\/mleexelnfod5.i.optimole.com\/w:auto\/h:auto\/q:mauto\/f:best\/https:\/\/i2.wp.com\/meiser-tv.de\/wp-content\/uploads\/2026\/05\/RSS-Hintergrund.jpg?w=2048&fit=2048,2048&ssl=1",2048,2048,true],"trp-custom-language-flag":["https:\/\/mleexelnfod5.i.optimole.com\/w:auto\/h:auto\/q:mauto\/f:best\/https:\/\/i2.wp.com\/meiser-tv.de\/wp-content\/uploads\/2026\/05\/RSS-Hintergrund.jpg?w=18&fit=18,12&ssl=1",18,12,true]},"uagb_author_info":{"display_name":"admin","author_link":"https:\/\/meiser-tv.de\/en\/author\/admin\/"},"uagb_comment_info":0,"uagb_excerpt":"Der Generaldirektor des russischen staatlichen Energiekonzerns Rosatom, Alexei Lichatschow, hat am Rande des \u00d6stlichen Wirtschaftsforums im Fernen Osten dem Fernsehsender Rossija 24 ein Interview gegeben. Im Gespr\u00e4ch am Mittwoch forderte Lichatschow die Internationale Atomenergieorganisation (IAEA)\u00a0dazu auf, ihr Schweigen zu brechen und \u00f6ffentlich zu erkl\u00e4ren, dass es Kiewer Kr\u00e4fte sind, die das russische Kernkraftwerk Saporoschje in&hellip;","_links":{"self":[{"href":"https:\/\/meiser-tv.de\/en\/wp-json\/wp\/v2\/posts\/20605","targetHints":{"allow":["GET"]}}],"collection":[{"href":"https:\/\/meiser-tv.de\/en\/wp-json\/wp\/v2\/posts"}],"about":[{"href":"https:\/\/meiser-tv.de\/en\/wp-json\/wp\/v2\/types\/post"}],"author":[{"embeddable":true,"href":"https:\/\/meiser-tv.de\/en\/wp-json\/wp\/v2\/users\/1"}],"replies":[{"embeddable":true,"href":"https:\/\/meiser-tv.de\/en\/wp-json\/wp\/v2\/comments?post=20605"}],"version-history":[{"count":0,"href":"https:\/\/meiser-tv.de\/en\/wp-json\/wp\/v2\/posts\/20605\/revisions"}],"wp:featuredmedia":[{"embeddable":true,"href":"https:\/\/meiser-tv.de\/en\/wp-json\/wp\/v2\/media\/4846"}],"wp:attachment":[{"href":"https:\/\/meiser-tv.de\/en\/wp-json\/wp\/v2\/media?parent=20605"}],"wp:term":[{"taxonomy":"category","embeddable":true,"href":"https:\/\/meiser-tv.de\/en\/wp-json\/wp\/v2\/categories?post=20605"},{"taxonomy":"post_tag","embeddable":true,"href":"https:\/\/meiser-tv.de\/en\/wp-json\/wp\/v2\/tags?post=20605"}],"curies":[{"name":"wp","href":"https:\/\/api.w.org\/{rel}","templated":true}]}}