{"id":20606,"date":"2026-09-02T15:03:27","date_gmt":"2026-09-02T13:03:27","guid":{"rendered":"https:\/\/meiser-tv.de\/politik\/russlands-vizeaussenminister-abbruch-diplomatischer-beziehungen-zu-deutschland-moeglich\/"},"modified":"2026-09-02T15:03:27","modified_gmt":"2026-09-02T13:03:27","slug":"russlands-vizeaussenminister-abbruch-diplomatischer-beziehungen-zu-deutschland-moeglich","status":"publish","type":"post","link":"https:\/\/meiser-tv.de\/en\/politik\/russlands-vizeaussenminister-abbruch-diplomatischer-beziehungen-zu-deutschland-moeglich\/","title":{"rendered":"Russlands Vizeau\u00dfenminister: Abbruch diplomatischer Beziehungen zu Deutschland m\u00f6glich"},"content":{"rendered":"<div>\n<p>Am Rande des \u00d6stlichen Wirtschaftsforums in Wladiwostok ist der stellvertretende Au\u00dfenminister Russlands, Alexander Gruschko, auf die Journalistenfrage eingegangen, ob Moskau diplomatische Beziehungen zu Berlin vor dem Hintergrund der j\u00fcngsten Aktionen der deutschen Beh\u00f6rden herabstufen k\u00f6nnte.<\/p>\n<p>Hierbei zitieren russische Staatsmedien Gruschko mit den Worten:<\/p>\n<blockquote>\n<p><em>&#8222;Sie haben einen Eskalationsweg gew\u00e4hlt, der nichts ausschlie\u00dft, auch nicht auf dem diplomatischen Weg.&#8220;<\/em><\/p>\n<\/blockquote>\n<p>Nach dem aktuellen Stand der Dinge und den Ma\u00dfnahmen Berlins zu urteilen, seien der Verschlechterung der bilateralen Beziehungen noch keine Grenzen gesetzt, f\u00fcgte der Diplomat hinzu.<\/p>\n<p>Am Dienstag gab der Bundesau\u00dfenminister Johann Wadephul bekannt, Deutschland werde das russische Generalkonsulat in Bonn schlie\u00dfen und den Vertrag \u00fcber das Russische Haus in Berlin k\u00fcndigen. Zuvor hatte der deutsche Innenminister Alexander Dobrindt (CSU) Russland unbegr\u00fcndet der Beteiligung an dem Drohnenvorfall am Flughafen Leipzig beschuldigt.<\/p>\n<p>Von einem Abbruch der diplomatischen Beziehungen zu Deutschland sei keine Rede, f\u00fchrte Gruschko in dem Zusammenhang aus. Auf die Nachfrage, ob diese Option sp\u00e4ter in Betracht gezogen werden k\u00f6nnte, sagte der Vizeau\u00dfenminister: &#8222;Es k\u00f6nnte sein.&#8220;<\/p>\n<p>Der Westen glaube aus irgendeinem Grund, dass er der Mittelpunkt des Universums sei, sagte der Diplomat weiter. Dies sei jedoch seit Langem nicht mehr der Fall.<\/p>\n<p>Laut dem russischen Vizeau\u00dfenminister sinke der Anteil der EU-Mitgliedsstaaten am globalen Bruttoinlandsprodukt (BIP) stetig. Aktuell liege ihr Anteil an der weltweiten Wirtschaftsleistung bei 14 Prozent, und in wenigen Jahren werde er voraussichtlich auf zehn Prozent sinken, so Gruschko.<\/p>\n<p>Das \u00d6stliche Wirtschaftsforum findet vom 1. bis 4. September in der Hafenstadt Wladiwostok im Fernen Osten statt.<\/p>\n<p><strong>Mehr zum Thema\u00a0<\/strong>\u2012 <a target=\"_blank\" rel=\"noopener noreferrer\" href=\"https:\/\/de-rtnews.com\/inland\/290376-ob-dobrindt-und-wadephul-am\/\">Ob Dobrindt und Wadephul am Ende lachen?<\/a><\/p>\n<div class=\"EmbedBlock-root EmbedBlock-externalVideo EmbedBlock-rumble\">\n<div class=\"VkEmbed\"><iframe class=\"lazyload\" data-src=\"https:\/\/rumble.com\/embed\/v7csq40\" frameborder=\"0\" width=\"853\" height=\"480\" allowfullscreen><\/iframe><\/div>\n<\/p><\/div>\n<\/div>","protected":false},"excerpt":{"rendered":"<p>Am Rande des \u00d6stlichen Wirtschaftsforums in Wladiwostok ist der stellvertretende Au\u00dfenminister Russlands, Alexander Gruschko, auf die Journalistenfrage eingegangen, ob Moskau diplomatische Beziehungen zu Berlin vor dem Hintergrund der j\u00fcngsten Aktionen der deutschen Beh\u00f6rden herabstufen k\u00f6nnte. Hierbei zitieren russische Staatsmedien Gruschko mit den Worten: &#8222;Sie haben einen Eskalationsweg gew\u00e4hlt, der nichts ausschlie\u00dft, auch nicht auf dem [&hellip;]<\/p>\n","protected":false},"author":1,"featured_media":4846,"comment_status":"closed","ping_status":"closed","sticky":false,"template":"","format":"standard","meta":{"_gspb_post_css":"","_uag_custom_page_level_css":"","fifu_image_url":"","fifu_image_alt":"","footnotes":""},"categories":[5],"tags":[],"class_list":["post-20606","post","type-post","status-publish","format-standard","has-post-thumbnail","hentry","category-politik"],"blocksy_meta":{"styles_descriptor":{"styles":{"desktop":"","tablet":"","mobile":""},"google_fonts":[],"version":7}},"uagb_featured_image_src":{"full":["https:\/\/mleexelnfod5.i.optimole.com\/w:auto\/h:auto\/q:mauto\/f:best\/https:\/\/i2.wp.com\/meiser-tv.de\/wp-content\/uploads\/2026\/05\/RSS-Hintergrund.jpg?w=1920&fit=1920,1080&ssl=1",1920,1080,true],"thumbnail":["https:\/\/mleexelnfod5.i.optimole.com\/w:auto\/h:auto\/q:mauto\/f:best\/https:\/\/i2.wp.com\/meiser-tv.de\/wp-content\/uploads\/2026\/05\/RSS-Hintergrund.jpg?w=150&resize=150,150&ssl=1",150,150,true],"medium":["https:\/\/mleexelnfod5.i.optimole.com\/w:auto\/h:auto\/q:mauto\/f:best\/https:\/\/i2.wp.com\/meiser-tv.de\/wp-content\/uploads\/2026\/05\/RSS-Hintergrund.jpg?w=300&fit=300,300&ssl=1",300,300,true],"medium_large":["https:\/\/mleexelnfod5.i.optimole.com\/w:auto\/h:auto\/q:mauto\/f:best\/https:\/\/i2.wp.com\/meiser-tv.de\/wp-content\/uploads\/2026\/05\/RSS-Hintergrund.jpg?w=768&resize=768,0&ssl=1",768,0,true],"large":["https:\/\/mleexelnfod5.i.optimole.com\/w:auto\/h:auto\/q:mauto\/f:best\/https:\/\/i2.wp.com\/meiser-tv.de\/wp-content\/uploads\/2026\/05\/RSS-Hintergrund.jpg?w=1024&fit=1024,1024&ssl=1",1024,1024,true],"1536x1536":["https:\/\/mleexelnfod5.i.optimole.com\/w:auto\/h:auto\/q:mauto\/f:best\/https:\/\/i2.wp.com\/meiser-tv.de\/wp-content\/uploads\/2026\/05\/RSS-Hintergrund.jpg?w=1536&fit=1536,1536&ssl=1",1536,1536,true],"2048x2048":["https:\/\/mleexelnfod5.i.optimole.com\/w:auto\/h:auto\/q:mauto\/f:best\/https:\/\/i2.wp.com\/meiser-tv.de\/wp-content\/uploads\/2026\/05\/RSS-Hintergrund.jpg?w=2048&fit=2048,2048&ssl=1",2048,2048,true],"trp-custom-language-flag":["https:\/\/mleexelnfod5.i.optimole.com\/w:auto\/h:auto\/q:mauto\/f:best\/https:\/\/i2.wp.com\/meiser-tv.de\/wp-content\/uploads\/2026\/05\/RSS-Hintergrund.jpg?w=18&fit=18,12&ssl=1",18,12,true]},"uagb_author_info":{"display_name":"admin","author_link":"https:\/\/meiser-tv.de\/en\/author\/admin\/"},"uagb_comment_info":0,"uagb_excerpt":"Am Rande des \u00d6stlichen Wirtschaftsforums in Wladiwostok ist der stellvertretende Au\u00dfenminister Russlands, Alexander Gruschko, auf die Journalistenfrage eingegangen, ob Moskau diplomatische Beziehungen zu Berlin vor dem Hintergrund der j\u00fcngsten Aktionen der deutschen Beh\u00f6rden herabstufen k\u00f6nnte. Hierbei zitieren russische Staatsmedien Gruschko mit den Worten: &#8222;Sie haben einen Eskalationsweg gew\u00e4hlt, der nichts ausschlie\u00dft, auch nicht auf dem&hellip;","_links":{"self":[{"href":"https:\/\/meiser-tv.de\/en\/wp-json\/wp\/v2\/posts\/20606","targetHints":{"allow":["GET"]}}],"collection":[{"href":"https:\/\/meiser-tv.de\/en\/wp-json\/wp\/v2\/posts"}],"about":[{"href":"https:\/\/meiser-tv.de\/en\/wp-json\/wp\/v2\/types\/post"}],"author":[{"embeddable":true,"href":"https:\/\/meiser-tv.de\/en\/wp-json\/wp\/v2\/users\/1"}],"replies":[{"embeddable":true,"href":"https:\/\/meiser-tv.de\/en\/wp-json\/wp\/v2\/comments?post=20606"}],"version-history":[{"count":0,"href":"https:\/\/meiser-tv.de\/en\/wp-json\/wp\/v2\/posts\/20606\/revisions"}],"wp:featuredmedia":[{"embeddable":true,"href":"https:\/\/meiser-tv.de\/en\/wp-json\/wp\/v2\/media\/4846"}],"wp:attachment":[{"href":"https:\/\/meiser-tv.de\/en\/wp-json\/wp\/v2\/media?parent=20606"}],"wp:term":[{"taxonomy":"category","embeddable":true,"href":"https:\/\/meiser-tv.de\/en\/wp-json\/wp\/v2\/categories?post=20606"},{"taxonomy":"post_tag","embeddable":true,"href":"https:\/\/meiser-tv.de\/en\/wp-json\/wp\/v2\/tags?post=20606"}],"curies":[{"name":"wp","href":"https:\/\/api.w.org\/{rel}","templated":true}]}}