{"id":20607,"date":"2026-09-02T15:03:56","date_gmt":"2026-09-02T13:03:56","guid":{"rendered":"https:\/\/meiser-tv.de\/uncategorized\/asien-vor-dem-grossen-knall-jiang-xueqin-sieht-die-fronten-eines-moeglichen-dritten-weltkriegs-entstehen\/"},"modified":"2026-09-02T15:03:56","modified_gmt":"2026-09-02T13:03:56","slug":"asien-vor-dem-grossen-knall-jiang-xueqin-sieht-die-fronten-eines-moeglichen-dritten-weltkriegs-entstehen","status":"publish","type":"post","link":"https:\/\/meiser-tv.de\/en\/uncategorized\/asien-vor-dem-grossen-knall-jiang-xueqin-sieht-die-fronten-eines-moeglichen-dritten-weltkriegs-entstehen\/","title":{"rendered":"Asien vor dem gro\u00dfen Knall: Jiang Xueqin sieht die Fronten eines m\u00f6glichen Dritten Weltkriegs entstehen"},"content":{"rendered":"<div>\n<p class=\"wp-block-paragraph\">Der chinesisch-kanadische P\u00e4dagoge, Autor und geopolitische Kommentator Jiang Xueqin hat mit einigen seiner geopolitischen Prognosen Aufmerksamkeit erregt. Im Gespr\u00e4ch mit Alex Jones zeichnet er nun ein d\u00fcsteres Bild f\u00fcr Asien: Die USA seien milit\u00e4risch \u00fcberdehnt und versuchten deshalb, die direkte Konfrontation mit China zunehmend an ihre Verb\u00fcndeten auszulagern. Auf der anderen Seite verf\u00fcge Peking mit Nordkorea \u00fcber einen Hebel, der Japan und S\u00fcdkorea unmittelbar unter Druck setzen k\u00f6nne.<\/p>\n<p class=\"wp-block-paragraph\">Xueqins Kernthese: <strong>Washington zieht sich nicht einfach zur\u00fcck \u2013 es versucht, andere f\u00fcr sich in die erste Reihe zu stellen.<\/strong><\/p>\n<p class=\"wp-block-paragraph\">Statt selbst gleichzeitig Russland in Europa und China in Ostasien gegen\u00fcberzustehen, sollen regionale Verb\u00fcndete einen gr\u00f6\u00dferen Teil der Last \u00fcbernehmen. In Europa w\u00e4re dies die NATO, in Asien vor allem Japan, Australien und die Philippinen. Xueqin bezeichnet das als Versuch, ein neues M\u00e4chtegleichgewicht herzustellen. Die USA seien schlicht \u201e\u00fcberdehnt\u201c und m\u00fcssten ihre Sicherheitsverantwortung auslagern.<\/p>\n<blockquote class=\"twitter-tweet\">\n<p lang=\"de\" dir=\"ltr\">Jiang Xueqin warnt: So k\u00f6nnten die Fronten eines Dritten Weltkriegs in Asien aussehen<\/p>\n<p>Der chinesisch-kanadische geopolitische Kommentator Jiang Xueqin, der mit einigen seiner Prognosen bereits Aufmerksamkeit erregte, zeichnet bei Alex Jones ein brisantes Szenario:<\/p>\n<p>Die USA\u2026 <a target=\"_blank\" rel=\"noopener noreferrer\" href=\"https:\/\/t.co\/0cDbL8DIZQ\">pic.twitter.com\/0cDbL8DIZQ<\/a><\/p>\n<p>\u2014 Don (@Donuncutschweiz) <a target=\"_blank\" rel=\"noopener noreferrer\" href=\"https:\/\/x.com\/Donuncutschweiz\/status\/2092206604351615186?ref_src=twsrc%5Etfw\">August 25, 2026<\/a><\/p><\/blockquote>\n<p> <script async src=\"https:\/\/platform.x.com\/widgets.js\" charset=\"utf-8\"><\/script><\/p>\n<h2 class=\"wp-block-heading\">Japan soll China in Schach halten<\/h2>\n<p class=\"wp-block-paragraph\">Besonders brisant ist Xueqins Einsch\u00e4tzung der Rolle Japans. Sollte Washington sein milit\u00e4risches Engagement in Ostasien reduzieren, w\u00fcrde Tokio praktisch gezwungen, eine wesentlich gr\u00f6\u00dfere Verantwortung f\u00fcr Taiwan und die Eind\u00e4mmung Chinas zu \u00fcbernehmen.<\/p>\n<p class=\"wp-block-paragraph\">Das Problem: Aus chinesischer Sicht ist Japan laut Xueqin langfristig selbst einer der gef\u00e4hrlichsten regionalen Rivalen. Beide M\u00e4chte konkurrierten historisch um Einfluss in Korea und S\u00fcdostasien. Japan wiederum sei wegen seiner Rohstoffabh\u00e4ngigkeit auf offene Handels- und Versorgungswege angewiesen und k\u00f6nne deshalb eine chinesische Kontrolle Taiwans kaum gleichg\u00fcltig hinnehmen.<\/p>\n<p class=\"wp-block-paragraph\">Seine Prognose lautet deshalb: <strong>Japan wird weiter aufr\u00fcsten, B\u00fcndnisse in S\u00fcdostasien schmieden und sich milit\u00e4risch wieder zu einer eigenst\u00e4ndigen Gro\u00dfmacht entwickeln.<\/strong><\/p>\n<p class=\"wp-block-paragraph\">Selbst die nukleare Frage steht f\u00fcr Xueqin im Raum. Japan verf\u00fcge \u00fcber die technologischen Voraussetzungen, relativ schnell Atomwaffen zu entwickeln. Seine konkrete Behauptung, dies k\u00f6nne innerhalb von \u201esechs Wochen\u201c geschehen, ist allerdings eine Einsch\u00e4tzung Xueqins und sollte nicht als gesicherte Tatsache verstanden werden.<\/p>\n<h2 class=\"wp-block-heading\">Der Kampf um Taiwan ist auch ein Kampf um die Handelswege<\/h2>\n<p class=\"wp-block-paragraph\">Hinter der milit\u00e4rischen Konfrontation steckt nach Xueqins Analyse ein noch gr\u00f6\u00dferes Problem: <strong>Chinas Abh\u00e4ngigkeit von seinen Seewegen.<\/strong><\/p>\n<p class=\"wp-block-paragraph\">Die Stra\u00dfe von Malakka ist eine strategische Achillesferse Pekings. Ein gro\u00dfer Teil der chinesischen Energie- und Warenstr\u00f6me f\u00fchrt durch diesen Engpass. In einem gro\u00dfen Konflikt k\u00f6nnten die USA und ihre Verb\u00fcndeten versuchen, diese Lebensader zu unterbrechen.<\/p>\n<p class=\"wp-block-paragraph\">Xueqin interpretiert deshalb auch Chinas milit\u00e4rischen Ausbau im S\u00fcdchinesischen Meer als Vorbereitung auf eine m\u00f6gliche wirtschaftliche Einkreisung. Bereits heute treffen dort chinesische und philippinische Schiffe immer wieder unmittelbar aufeinander. Aus solchen begrenzten Konfrontationen k\u00f6nnte sich eine wesentlich gef\u00e4hrlichere Eskalationsspirale entwickeln.<\/p>\n<h2 class=\"wp-block-heading\">Und dann kommt Nordkorea ins Spiel<\/h2>\n<p class=\"wp-block-paragraph\">Hier wird Xueqins Szenario besonders explosiv.<\/p>\n<p class=\"wp-block-paragraph\">Wenn Washington Japan, Australien und die Philippinen st\u00e4rker gegen China positioniert, k\u00f6nnte Peking seiner Ansicht nach seinen eigenen Trumpf ausspielen: <strong>Nordkorea.<\/strong><\/p>\n<p class=\"wp-block-paragraph\">\u201eChina wird Nordkorea aktivieren\u201c, prognostiziert Xueqin.<\/p>\n<p class=\"wp-block-paragraph\">Nordkorea besitzt Atomwaffen und eine enorme konventionelle Streitmacht unmittelbar vor den Toren S\u00fcdkoreas. Xueqin argumentiert deshalb, Pj\u00f6ngjang k\u00f6nne gleichzeitig Japan und S\u00fcdkorea unter enormen milit\u00e4rischen Druck setzen.<\/p>\n<p class=\"wp-block-paragraph\">Hinzu kommt eine Verbindung, die im Westen h\u00e4ufig untersch\u00e4tzt wird: China und Nordkorea besitzen einen gegenseitigen Beistandsvertrag. Xueqin bezeichnet China deshalb als den \u201egro\u00dfen Bruder\u201c Nordkoreas. Der Koreakrieg wurde zudem nie durch einen Friedensvertrag beendet, sondern 1953 lediglich durch einen Waffenstillstand eingefroren.<\/p>\n<p class=\"wp-block-paragraph\">Damit w\u00fcrde sich eine gef\u00e4hrliche Kettenreaktion ergeben:<\/p>\n<p class=\"wp-block-paragraph\"><strong>USA \u2192 Japan, Australien, Philippinen<\/strong><\/p>\n<p class=\"wp-block-paragraph\">gegen<\/p>\n<p class=\"wp-block-paragraph\"><strong>China \u2192 Nordkorea<\/strong><\/p>\n<p class=\"wp-block-paragraph\">Dazwischen liegen Taiwan und S\u00fcdkorea \u2013 zwei der gef\u00e4hrlichsten m\u00f6glichen Z\u00fcndpunkte der Welt.<\/p>\n<h2 class=\"wp-block-heading\">Die USA verteilen den \u201eSchwarzen Peter\u201c<\/h2>\n<p class=\"wp-block-paragraph\">Jones bringt Xueqins Analyse schlie\u00dflich auf einen einfachen Nenner: Bekommen Amerikas asiatische Verb\u00fcndete damit den \u201eSchwarzen Peter\u201c zugeschoben?<\/p>\n<p class=\"wp-block-paragraph\">Xueqins Antwort: <strong>\u201eIm Grunde genommen, ja.\u201c<\/strong><\/p>\n<p class=\"wp-block-paragraph\">Genau darin liegt die eigentliche Brisanz seiner Analyse. Washington m\u00fcsste China gar nicht selbst in einem gro\u00dfen Krieg besiegen. Aus amerikanischer Perspektive k\u00f6nnte es gen\u00fcgen, ein regionales Gegengewicht aufzubauen, das Peking bindet und seine Expansion begrenzt.<\/p>\n<p class=\"wp-block-paragraph\">Doch diese Strategie hat einen gef\u00e4hrlichen Preis: <strong>Die USA k\u00f6nnten versuchen, ihre eigene imperiale \u00dcberdehnung dadurch zu l\u00f6sen, dass sie das unmittelbare Kriegsrisiko auf ihre Verb\u00fcndeten \u00fcbertragen.<\/strong><\/p>\n<p class=\"wp-block-paragraph\">Japan r\u00fcstet auf. Taiwan bleibt der neuralgische Punkt. Die Philippinen geraten im S\u00fcdchinesischen Meer immer h\u00e4ufiger mit China aneinander. Und im Hintergrund wartet das atomar bewaffnete Nordkorea.<\/p>\n<p class=\"wp-block-paragraph\">Xueqins Szenario eines gro\u00dfen asiatischen Krieges beginnt deshalb nicht zwangsl\u00e4ufig mit einem amerikanisch-chinesischen Schlagabtausch.<\/p>\n<p class=\"wp-block-paragraph\"><strong>Es k\u00f6nnte mit einem regionalen Stellvertreterkonflikt beginnen, bei dem die Gro\u00dfm\u00e4chte zun\u00e4chst andere Figuren auf das Brett schicken \u2013 bis irgendwann niemand mehr kontrollieren kann, wie weit die Eskalation geht.<\/strong><\/p>\n<\/div>","protected":false},"excerpt":{"rendered":"<p>Der chinesisch-kanadische P\u00e4dagoge, Autor und geopolitische Kommentator Jiang Xueqin hat mit einigen seiner geopolitischen Prognosen Aufmerksamkeit erregt. Im Gespr\u00e4ch mit Alex Jones zeichnet er nun ein d\u00fcsteres Bild f\u00fcr Asien: Die USA seien milit\u00e4risch \u00fcberdehnt und versuchten deshalb, die direkte Konfrontation mit China zunehmend an ihre Verb\u00fcndeten auszulagern. Auf der anderen Seite verf\u00fcge Peking mit [&hellip;]<\/p>\n","protected":false},"author":1,"featured_media":20608,"comment_status":"closed","ping_status":"closed","sticky":false,"template":"","format":"standard","meta":{"_gspb_post_css":"","_uag_custom_page_level_css":"","fifu_image_url":"","fifu_image_alt":"","footnotes":""},"categories":[1],"tags":[],"class_list":["post-20607","post","type-post","status-publish","format-standard","has-post-thumbnail","hentry","category-uncategorized"],"blocksy_meta":{"styles_descriptor":{"styles":{"desktop":"","tablet":"","mobile":""},"google_fonts":[],"version":7}},"uagb_featured_image_src":{"full":["https:\/\/mleexelnfod5.i.optimole.com\/cb:ugJj.d14\/w:auto\/h:auto\/q:mauto\/f:best\/https:\/\/meiser-tv.de\/wp-content\/uploads\/2026\/09\/1f534.png",72,72,false],"thumbnail":["https:\/\/mleexelnfod5.i.optimole.com\/cb:ugJj.d14\/w:auto\/h:auto\/q:mauto\/f:best\/https:\/\/meiser-tv.de\/wp-content\/uploads\/2026\/09\/1f534.png",72,72,false],"medium":["https:\/\/mleexelnfod5.i.optimole.com\/cb:ugJj.d14\/w:auto\/h:auto\/q:mauto\/f:best\/https:\/\/meiser-tv.de\/wp-content\/uploads\/2026\/09\/1f534.png",72,72,false],"medium_large":["https:\/\/mleexelnfod5.i.optimole.com\/cb:ugJj.d14\/w:auto\/h:auto\/q:mauto\/f:best\/https:\/\/meiser-tv.de\/wp-content\/uploads\/2026\/09\/1f534.png",72,72,false],"large":["https:\/\/mleexelnfod5.i.optimole.com\/cb:ugJj.d14\/w:auto\/h:auto\/q:mauto\/f:best\/https:\/\/meiser-tv.de\/wp-content\/uploads\/2026\/09\/1f534.png",72,72,false],"1536x1536":["https:\/\/mleexelnfod5.i.optimole.com\/cb:ugJj.d14\/w:auto\/h:auto\/q:mauto\/f:best\/https:\/\/meiser-tv.de\/wp-content\/uploads\/2026\/09\/1f534.png",72,72,false],"2048x2048":["https:\/\/mleexelnfod5.i.optimole.com\/cb:ugJj.d14\/w:auto\/h:auto\/q:mauto\/f:best\/https:\/\/meiser-tv.de\/wp-content\/uploads\/2026\/09\/1f534.png",72,72,false],"trp-custom-language-flag":["https:\/\/mleexelnfod5.i.optimole.com\/cb:ugJj.d14\/w:12\/h:12\/q:mauto\/f:best\/dpr:2\/https:\/\/meiser-tv.de\/wp-content\/uploads\/2026\/09\/1f534.png",12,12,true]},"uagb_author_info":{"display_name":"admin","author_link":"https:\/\/meiser-tv.de\/en\/author\/admin\/"},"uagb_comment_info":0,"uagb_excerpt":"Der chinesisch-kanadische P\u00e4dagoge, Autor und geopolitische Kommentator Jiang Xueqin hat mit einigen seiner geopolitischen Prognosen Aufmerksamkeit erregt. Im Gespr\u00e4ch mit Alex Jones zeichnet er nun ein d\u00fcsteres Bild f\u00fcr Asien: Die USA seien milit\u00e4risch \u00fcberdehnt und versuchten deshalb, die direkte Konfrontation mit China zunehmend an ihre Verb\u00fcndeten auszulagern. Auf der anderen Seite verf\u00fcge Peking mit&hellip;","_links":{"self":[{"href":"https:\/\/meiser-tv.de\/en\/wp-json\/wp\/v2\/posts\/20607","targetHints":{"allow":["GET"]}}],"collection":[{"href":"https:\/\/meiser-tv.de\/en\/wp-json\/wp\/v2\/posts"}],"about":[{"href":"https:\/\/meiser-tv.de\/en\/wp-json\/wp\/v2\/types\/post"}],"author":[{"embeddable":true,"href":"https:\/\/meiser-tv.de\/en\/wp-json\/wp\/v2\/users\/1"}],"replies":[{"embeddable":true,"href":"https:\/\/meiser-tv.de\/en\/wp-json\/wp\/v2\/comments?post=20607"}],"version-history":[{"count":0,"href":"https:\/\/meiser-tv.de\/en\/wp-json\/wp\/v2\/posts\/20607\/revisions"}],"wp:featuredmedia":[{"embeddable":true,"href":"https:\/\/meiser-tv.de\/en\/wp-json\/wp\/v2\/media\/20608"}],"wp:attachment":[{"href":"https:\/\/meiser-tv.de\/en\/wp-json\/wp\/v2\/media?parent=20607"}],"wp:term":[{"taxonomy":"category","embeddable":true,"href":"https:\/\/meiser-tv.de\/en\/wp-json\/wp\/v2\/categories?post=20607"},{"taxonomy":"post_tag","embeddable":true,"href":"https:\/\/meiser-tv.de\/en\/wp-json\/wp\/v2\/tags?post=20607"}],"curies":[{"name":"wp","href":"https:\/\/api.w.org\/{rel}","templated":true}]}}