{"id":20631,"date":"2026-09-02T17:03:53","date_gmt":"2026-09-02T15:03:53","guid":{"rendered":"https:\/\/meiser-tv.de\/politik\/peru-bricht-diplomatische-beziehungen-zu-iran-ab\/"},"modified":"2026-09-02T17:03:53","modified_gmt":"2026-09-02T15:03:53","slug":"peru-bricht-diplomatische-beziehungen-zu-iran-ab","status":"publish","type":"post","link":"https:\/\/meiser-tv.de\/en\/politik\/peru-bricht-diplomatische-beziehungen-zu-iran-ab\/","title":{"rendered":"Peru bricht diplomatische Beziehungen zu Iran ab"},"content":{"rendered":"<div>\n<p>Die Regierung der ersten peruanischen Pr\u00e4sidentin Keiko Fujimori hat an diesem Dienstag beschlossen, die diplomatischen Beziehungen zu Iran abzubrechen. Auf der Plattform X <a href=\"https:\/\/x.com\/CancilleriaPeru\/status\/2094923626868789711\" target=\"_blank\" rel=\"noopener noreferrer\">verbreitete<\/a> das Au\u00dfenministerium in Lima eine entsprechende Erkl\u00e4rung. In dem auf zwei Seiten verfassten Text begr\u00fcndete die diplomatische Beh\u00f6rde diese Entscheidung unter anderem mit einem &#8222;R\u00fcckgang der Demokratie&#8220; in dem Nahost-Land.<\/p>\n<p>Das Andenland zeigte sich besorgt wegen der Unterdr\u00fcckung von friedlichen Demonstrationen, der Einschr\u00e4nkung der Pressefreiheit, der Diskriminierung von Frauen und M\u00e4dchen sowie der Verfolgung von Oppositionellen im Iran. Dar\u00fcber hinaus bem\u00e4ngelte Lima die Unterbrechung des globalen Handels infolge der seit diesem M\u00e4rz andauernden Blockade der Stra\u00dfe von Hormus. Somit versto\u00dfe Iran gegen die Grunds\u00e4tze der freien Schifffahrt und gef\u00e4hrde die Sicherheit von Menschen, die Meeresumwelt, den Energiemarkt und die globalen Lieferketten, hie\u00df es. Zudem warf das peruanische Au\u00dfenministerium der F\u00fchrung in Teheran vor, Gewalt und Konflikte im Nahen Osten eskalieren zu lassen und die T\u00e4tigkeit der Internationalen Atomenergie-Organisation (IAEA) zu behindern, da das Nahost-Land mehrmals IAEA-Beobachtern den Zugang zu seinen Atomanlagen verweigert habe.<\/p>\n<blockquote>\n<p><em>&#8222;Als Folge hat die Regierung der Republik Peru in Anlehnung an ihre historische pazifistische Einstellung und im Einklang mit ihrem unersch\u00fctterlichen Engagement f\u00fcr die Achtung des V\u00f6lkerrechts und den Schutz der Demokratie beschlossen, die diplomatischen Beziehungen zur Islamischen Republik Iran abzubrechen.&#8220;<\/em><\/p>\n<\/blockquote>\n<p>Gleichzeitig teilte die diplomatische Beh\u00f6rde in Lima mit, das dieser Schritt kein Ende der konsularischen Beziehungen zwischen den beiden L\u00e4ndern bedeute. Die entsprechende Note sei dem Nahost-Land \u00fcber dessen Botschaft im Nachbarland Ecuador \u00fcbermittelt worden, die gleichzeitig als Mission f\u00fcr Peru fungiere.<\/p>\n<p>Die rechte Politikerin Keiko Fujimori hatte die Stichwahl Anfang Juni mit einem winzigen Vorsprung von 0,27 Prozent vor ihrem linken Rivalen Roberto S\u00e1nchez gewonnen. Nach dem Amtsantritt im Juli wurde sie zur ersten Pr\u00e4sidentin in der Geschichte des s\u00fcdamerikanischen Landes.<\/p>\n<p>Fujimoris Vater, Alberto Fujimori, hatte Peru von Juli 1990 bis zum November 2000 autorit\u00e4r regiert, bis der Kongress ihn wegen Korruption und Versto\u00dfes gegen die Menschenrechte in Abwesenheit des Amtes enthob. Der Politiker wurde zu einer jahrzehntelangen Haftstrafe verurteilt, dann aber nach einem langen Tauziehen mit der peruanischen Justiz aus humanit\u00e4ren Gr\u00fcnden begnadigt. Im September 2024 verstarb Fujimori in Lima im Alter von 86 Jahren.<\/p>\n<p><strong>Mehr zum Thema<\/strong>\u00a0\u2013 <a target=\"_blank\" rel=\"noopener noreferrer\" href=\"https:\/\/de-rtnews.com\/amerika\/269831-ist-souveraenitaet-in-lateinamerika-ein-ueberholtes-konzept\/\">Ist Souver\u00e4nit\u00e4t in Lateinamerika ein \u00fcberholtes Konzept?<\/a><\/p>\n<div class=\"EmbedBlock-root EmbedBlock-externalVideo EmbedBlock-rumble\">\n<div class=\"VkEmbed\"><iframe class=\"lazyload\" data-src=\"https:\/\/rumble.com\/embed\/v71gqv2\" frameborder=\"0\" width=\"853\" height=\"480\" allowfullscreen><\/iframe><\/div>\n<\/p><\/div>\n<\/p>\n<\/div>","protected":false},"excerpt":{"rendered":"<p>Die Regierung der ersten peruanischen Pr\u00e4sidentin Keiko Fujimori hat an diesem Dienstag beschlossen, die diplomatischen Beziehungen zu Iran abzubrechen. Auf der Plattform X verbreitete das Au\u00dfenministerium in Lima eine entsprechende Erkl\u00e4rung. In dem auf zwei Seiten verfassten Text begr\u00fcndete die diplomatische Beh\u00f6rde diese Entscheidung unter anderem mit einem &#8222;R\u00fcckgang der Demokratie&#8220; in dem Nahost-Land. Das [&hellip;]<\/p>\n","protected":false},"author":1,"featured_media":4846,"comment_status":"closed","ping_status":"closed","sticky":false,"template":"","format":"standard","meta":{"_gspb_post_css":"","_uag_custom_page_level_css":"","fifu_image_url":"","fifu_image_alt":"","footnotes":""},"categories":[5],"tags":[],"class_list":["post-20631","post","type-post","status-publish","format-standard","has-post-thumbnail","hentry","category-politik"],"blocksy_meta":{"styles_descriptor":{"styles":{"desktop":"","tablet":"","mobile":""},"google_fonts":[],"version":7}},"uagb_featured_image_src":{"full":["https:\/\/mleexelnfod5.i.optimole.com\/w:auto\/h:auto\/q:mauto\/f:best\/https:\/\/i2.wp.com\/meiser-tv.de\/wp-content\/uploads\/2026\/05\/RSS-Hintergrund.jpg?w=1920&fit=1920,1080&ssl=1",1920,1080,true],"thumbnail":["https:\/\/mleexelnfod5.i.optimole.com\/w:auto\/h:auto\/q:mauto\/f:best\/https:\/\/i2.wp.com\/meiser-tv.de\/wp-content\/uploads\/2026\/05\/RSS-Hintergrund.jpg?w=150&resize=150,150&ssl=1",150,150,true],"medium":["https:\/\/mleexelnfod5.i.optimole.com\/w:auto\/h:auto\/q:mauto\/f:best\/https:\/\/i2.wp.com\/meiser-tv.de\/wp-content\/uploads\/2026\/05\/RSS-Hintergrund.jpg?w=300&fit=300,300&ssl=1",300,300,true],"medium_large":["https:\/\/mleexelnfod5.i.optimole.com\/w:auto\/h:auto\/q:mauto\/f:best\/https:\/\/i2.wp.com\/meiser-tv.de\/wp-content\/uploads\/2026\/05\/RSS-Hintergrund.jpg?w=768&resize=768,0&ssl=1",768,0,true],"large":["https:\/\/mleexelnfod5.i.optimole.com\/w:auto\/h:auto\/q:mauto\/f:best\/https:\/\/i2.wp.com\/meiser-tv.de\/wp-content\/uploads\/2026\/05\/RSS-Hintergrund.jpg?w=1024&fit=1024,1024&ssl=1",1024,1024,true],"1536x1536":["https:\/\/mleexelnfod5.i.optimole.com\/w:auto\/h:auto\/q:mauto\/f:best\/https:\/\/i2.wp.com\/meiser-tv.de\/wp-content\/uploads\/2026\/05\/RSS-Hintergrund.jpg?w=1536&fit=1536,1536&ssl=1",1536,1536,true],"2048x2048":["https:\/\/mleexelnfod5.i.optimole.com\/w:auto\/h:auto\/q:mauto\/f:best\/https:\/\/i2.wp.com\/meiser-tv.de\/wp-content\/uploads\/2026\/05\/RSS-Hintergrund.jpg?w=2048&fit=2048,2048&ssl=1",2048,2048,true],"trp-custom-language-flag":["https:\/\/mleexelnfod5.i.optimole.com\/w:auto\/h:auto\/q:mauto\/f:best\/https:\/\/i2.wp.com\/meiser-tv.de\/wp-content\/uploads\/2026\/05\/RSS-Hintergrund.jpg?w=18&fit=18,12&ssl=1",18,12,true]},"uagb_author_info":{"display_name":"admin","author_link":"https:\/\/meiser-tv.de\/en\/author\/admin\/"},"uagb_comment_info":0,"uagb_excerpt":"Die Regierung der ersten peruanischen Pr\u00e4sidentin Keiko Fujimori hat an diesem Dienstag beschlossen, die diplomatischen Beziehungen zu Iran abzubrechen. Auf der Plattform X verbreitete das Au\u00dfenministerium in Lima eine entsprechende Erkl\u00e4rung. In dem auf zwei Seiten verfassten Text begr\u00fcndete die diplomatische Beh\u00f6rde diese Entscheidung unter anderem mit einem &#8222;R\u00fcckgang der Demokratie&#8220; in dem Nahost-Land. Das&hellip;","_links":{"self":[{"href":"https:\/\/meiser-tv.de\/en\/wp-json\/wp\/v2\/posts\/20631","targetHints":{"allow":["GET"]}}],"collection":[{"href":"https:\/\/meiser-tv.de\/en\/wp-json\/wp\/v2\/posts"}],"about":[{"href":"https:\/\/meiser-tv.de\/en\/wp-json\/wp\/v2\/types\/post"}],"author":[{"embeddable":true,"href":"https:\/\/meiser-tv.de\/en\/wp-json\/wp\/v2\/users\/1"}],"replies":[{"embeddable":true,"href":"https:\/\/meiser-tv.de\/en\/wp-json\/wp\/v2\/comments?post=20631"}],"version-history":[{"count":0,"href":"https:\/\/meiser-tv.de\/en\/wp-json\/wp\/v2\/posts\/20631\/revisions"}],"wp:featuredmedia":[{"embeddable":true,"href":"https:\/\/meiser-tv.de\/en\/wp-json\/wp\/v2\/media\/4846"}],"wp:attachment":[{"href":"https:\/\/meiser-tv.de\/en\/wp-json\/wp\/v2\/media?parent=20631"}],"wp:term":[{"taxonomy":"category","embeddable":true,"href":"https:\/\/meiser-tv.de\/en\/wp-json\/wp\/v2\/categories?post=20631"},{"taxonomy":"post_tag","embeddable":true,"href":"https:\/\/meiser-tv.de\/en\/wp-json\/wp\/v2\/tags?post=20631"}],"curies":[{"name":"wp","href":"https:\/\/api.w.org\/{rel}","templated":true}]}}