{"id":20632,"date":"2026-09-02T17:04:24","date_gmt":"2026-09-02T15:04:24","guid":{"rendered":"https:\/\/meiser-tv.de\/uncategorized\/der-exodus-den-sich-israel-nicht-leisten-kann\/"},"modified":"2026-09-02T17:04:24","modified_gmt":"2026-09-02T15:04:24","slug":"der-exodus-den-sich-israel-nicht-leisten-kann","status":"publish","type":"post","link":"https:\/\/meiser-tv.de\/en\/uncategorized\/der-exodus-den-sich-israel-nicht-leisten-kann\/","title":{"rendered":"Der Exodus, den sich Israel nicht leisten kann"},"content":{"rendered":"<div>\n<p class=\"wp-block-paragraph\"><em>Von Kamran Yeganegi<\/em><\/p>\n<p class=\"wp-block-paragraph\"><strong>Neue israelische Daten zeigen, dass zu den B\u00fcrgern, die das Land verlassen, zunehmend auch \u00c4rzte, Ingenieure, Fachkr\u00e4fte aus dem Technologiebereich und Steuerzahler mit hohem Einkommen geh\u00f6ren, von denen die Kriegswirtschaft des Besatzungsstaates abh\u00e4ngt.<\/strong><\/p>\n<p class=\"wp-block-paragraph\">In den fr\u00fchen Morgenstunden des 7. Oktober 2023 buchte ein israelischer Journalist, der lediglich als Asaf bekannt ist, Fl\u00fcge f\u00fcr sich, seine Frau und ihre beiden T\u00f6chter. Am n\u00e4chsten Tag bestieg die Familie, nur mit Handgep\u00e4ck bepackt, einen Flug nach Berlin. Was als Notausweg begann, wurde zu einem dauerhaften Aufenthalt. Zwei Jahre sp\u00e4ter waren sie noch immer nicht zur\u00fcckgekehrt.<\/p>\n<p class=\"wp-block-paragraph\">Asaf erkl\u00e4rte gegen\u00fcber dem <em>+972 Magazine<\/em>, er habe bereits zuvor geglaubt, dass sich Israels Bildungs- und Gesundheitssystem verschlechtern w\u00fcrden. Doch dieser Morgen zerst\u00f6rte sein verbleibendes Vertrauen in den Staat und dessen Milit\u00e4r: \u201eAm Nachmittag des 7. Oktober wurde uns klar, dass selbst das nicht stimmte.\u201c<\/p>\n<p class=\"wp-block-paragraph\">Seine Geschichte spiegelt einen gr\u00f6\u00dferen strukturellen Trend wider. Israel verliert in unverh\u00e4ltnism\u00e4\u00dfig hohem Ma\u00dfe die \u00c4rzte, die in seinen Krankenh\u00e4usern arbeiten, die Ingenieure, die seinen Technologiesektor am Laufen halten, die Wissenschaftler, die seine wissenschaftlichen F\u00e4higkeiten sichern, und die Steuerzahler, die seine Kriege finanzieren.<\/p>\n<p class=\"has-medium-font-size wp-block-paragraph\"><strong>Die Zahlen, die Israel nur schwer definieren kann<\/strong><\/p>\n<p class=\"wp-block-paragraph\">Die Auswanderung widerspricht der zionistischen Behauptung, dass Israel den Juden Sicherheit und Best\u00e4ndigkeit biete. Schon die hebr\u00e4ische Sprache spiegelt diese Spannung wider: Einwanderung hei\u00dft \u201eAliyah\u201c (\u201eAufstieg\u201c), w\u00e4hrend Auswanderung \u201eYerida\u201c (\u201eAbstieg\u201c) bedeutet.<\/p>\n<p class=\"wp-block-paragraph\">Eine <a href=\"https:\/\/english.tau.ac.il\/research\/emigration-from-israel\" target=\"_blank\" rel=\"noopener\">Studie der Universit\u00e4t Tel Aviv vom August 2026<\/a>, die auf Daten des Zentralamts f\u00fcr Statistik basiert, ergab, dass sich im Jahr 2025 90.922 israelische Staatsb\u00fcrger mindestens drei aufeinanderfolgende Monate im Ausland aufhielten, nach 91.499 im Jahr 2024 und 86.509 im Jahr 2023. Insgesamt verlie\u00dfen 268.509 Israelis zwischen 2023 und 2025 das Land f\u00fcr mindestens drei Monate \u2013 47 Prozent mehr als im Zeitraum 2013\u20132015.<\/p>\n<p class=\"wp-block-paragraph\">Der dreimonatige Aufenthalt ist nicht gleichbedeutend mit einer dauerhaften Auswanderung. Die Forscher stellten jedoch eine Korrelation von 0,96 zwischen dreimonatigen Ausreisen und einem mindestens einj\u00e4hrigen Verbleib im Ausland fest. Auf dieser Grundlage sch\u00e4tzten sie, dass allein im Jahr 2025 45.000 bis 50.000 Israelis zu Langzeitauswanderern wurden.<\/p>\n<p class=\"wp-block-paragraph\">Unter Berufung auf amtliche Daten und Forschungsergebnisse bezifferte das <em>+972 Magazine<\/em> die Gesamtzahl der Langzeitauswanderer \u00fcber zwei Jahre auf \u00fcber 150.000 und vermutete, dass sie seit der Bildung der aktuellen Regierung unter dem israelischen Ministerpr\u00e4sidenten Benjamin Netanjahu m\u00f6glicherweise die 200.000er-Marke \u00fcberschritten hat.<\/p>\n<p class=\"wp-block-paragraph\">Das israelische Institut f\u00fcr Sozialversicherung meldete im Jahr 2025 35.625 Aufhebungen des Wohnsitzes; 6.651 davon wurden freiwillig beantragt. Diese Verwaltungsma\u00dfnahme ist weder eine Z\u00e4hlung des Verlusts der Staatsb\u00fcrgerschaft noch ein eindeutiger Indikator f\u00fcr eine dauerhafte Auswanderung, zeigt jedoch, dass Tausende ihre Verbindungen zum Staat offiziell lockerte.<\/p>\n<p class=\"has-medium-font-size wp-block-paragraph\"><strong>Den Steuerzahlern auf der Spur<\/strong><\/p>\n<p class=\"wp-block-paragraph\">Die israelische Steuerbeh\u00f6rde hat einen tiefgreifenden demografischen und fiskalischen Wandel dokumentiert. Bis 2019 verdienten Auswanderer etwa den nationalen Durchschnitt. Bis 2024 hatte ihr durchschnittliches Einkommen vor der Ausreise rund 200.000 Schekel erreicht \u2013 50 Prozent \u00fcber dem nationalen Durchschnitt und real 60 Prozent h\u00f6her als vor der Pandemie.<\/p>\n<p class=\"wp-block-paragraph\">Wie die Autoren der Studie es formulierten: \u201e Das Auswanderungstempo in den starken und wohlhabenden Schichten nahm zu, w\u00e4hrend es in den schw\u00e4cheren Schichten nahezu unver\u00e4ndert blieb.\u201c<\/p>\n<p class=\"wp-block-paragraph\">Laut der hebr\u00e4ischsprachigen Wirtschaftszeitung <em>Calcalist<\/em> stieg die Auswanderungsrate im obersten Einkommensdezil Israels von etwa 0,3 Prozent im Zeitraum 2015\u20132019 auf \u00fcber 0,5 Prozent im Zeitraum 2023\u20132024 \u2013 ein Anstieg um rund 80 Prozent. Auf dieses Dezil entfielen 67 Prozent des Gesamteinkommens der Auswanderer und 86 Prozent der Einkommensteuer, die sie vor ihrer Ausreise gezahlt hatten.<\/p>\n<p class=\"wp-block-paragraph\">Im Vergleich zum Zeitraum 2015\u20132019 stieg die Zahl der Abwanderer aus dem Hightech-Sektor im Zeitraum 2023\u20132024 um etwa 150 Prozent, w\u00e4hrend sich die Zahl der Abwanderer aus dem Gesundheitswesen mehr als verdoppelte. Bei den 40- bis 50-J\u00e4hrigen stieg der Anteil der erwachsenen Auswanderer von 13 auf 20 Prozent, und ihr gesamtes Einkommen vor der Auswanderung verdreifachte sich auf 2,7 Milliarden Schekel.<\/p>\n<p class=\"wp-block-paragraph\">Es sind zunehmend etablierte Fachkr\u00e4fte und nicht mehr haupts\u00e4chlich j\u00fcngere Arbeitnehmer am Anfang ihrer Karriere, die ihre Qualifikationen, Familien, Ersparnisse und ihr Kapital ins Ausland bringen. Die Zahl der Personen, die Geldtransfers ins Ausland in H\u00f6he von mehr als 500.000 Schekel angaben, vervierfachte sich im Zeitraum 2023\u20132024.<\/p>\n<p class=\"has-medium-font-size wp-block-paragraph\"><strong>Eine neue Geografie des Ausstiegs<\/strong><\/p>\n<p class=\"wp-block-paragraph\">Offizielle Statistiken erfassen die Abwanderung zuverl\u00e4ssiger als das Ziel, doch zeichnet sich eine neue geografische Entwicklung ab. Eine <em>Haaretz<\/em>-Recherche ergab eine wachsende Nachfrage nach einem Umzug nach Portugal, Zypern und anderen europ\u00e4ischen Staaten. Zypern ist f\u00fcr manche zu einem Ausweichstandort geworden: In den ersten Tagen nach der Operation \u201eAl-Aqsa Flood\u201c am 7. Oktober 2023 berichteten <em>Reuters<\/em>, dass mehr als 2.500 Israelis dort Zuflucht suchten.<\/p>\n<p class=\"wp-block-paragraph\">Griechenland ist ein weiteres Ziel. Laut Le Monde meldeten die griechischen Beh\u00f6rden nach der Operation \u201eAl-Aqsa-Flut\u201c einen Anstieg der an Israelis vergebenen \u201eGoldenen Visa\u201c um etwa 70 Prozent. Nicht jedes Visum und nicht jeder Immobilienkauf f\u00fchrt zu einer dauerhaften Auswanderung, doch jeder Umzug senkt die informativen, sozialen und finanziellen H\u00fcrden f\u00fcr die n\u00e4chste Familie, die eine Ausreise in Erw\u00e4gung zieht.<\/p>\n<p class=\"has-medium-font-size wp-block-paragraph\"><strong>Die fiskalischen Kosten einer schrumpfenden Steuerbasis<\/strong><\/p>\n<p class=\"wp-block-paragraph\">Jede j\u00e4hrliche Kohorte, die 2023 und 2024 auswanderte, hatte vor der Abreise etwa 1,2 Milliarden Schekel an Einkommenssteuer gezahlt, verglichen mit rund 500 Millionen Schekel bei den Kohorten vor 2019. Die Steuerbeh\u00f6rde sch\u00e4tzt den potenziellen Verlust auf etwa 700 Millionen Schekel pro Kohorte. Einige Auswanderer behalten ihren steuerlichen Wohnsitz in Israel bei, doch sollten sich \u00e4hnliche Kohorten h\u00e4ufen, k\u00f6nnten die gef\u00e4hrdeten j\u00e4hrlichen Einnahmen innerhalb von f\u00fcnf Jahren auf 3,5 Milliarden Schekel ansteigen.<\/p>\n<p class=\"wp-block-paragraph\">Israels Hightech-Sektor erwirtschaftet rund ein F\u00fcnftel des BIP, mehr als die H\u00e4lfte der Exporte und etwa ein Drittel der Einkommensteuer von Arbeitnehmern. Er liefert zudem Fachwissen in den Bereichen Cyberintelligenz und Milit\u00e4rtechnologie. Ein anhaltender Abfluss k\u00f6nnte sowohl die wirtschaftliche Innovation als auch F\u00e4higkeiten schw\u00e4chen, die f\u00fcr Israels Sicherheitsdoktrin von zentraler Bedeutung sind.<\/p>\n<p class=\"wp-block-paragraph\">Israels Kriegswirtschaft st\u00fctzt sich stark auf einen relativ kleinen, hochproduktiven Teil der Bev\u00f6lkerung, obwohl die Politik immer mehr dieser Arbeitnehmer und Steuerzahler ins Ausland dr\u00e4ngt. Durch ihre Abwanderung bleiben weniger Menschen \u00fcbrig, um die wachsende finanzielle und milit\u00e4rische Last zu schultern.<\/p>\n<p class=\"wp-block-paragraph\">Die Bank of Israel hat separat darauf hingewiesen, dass die geringe Erwerbsbeteiligung unter haredischen M\u00e4nnern und die Notwendigkeit, den Wehrdienst auszuweiten, weiterhin strukturelle Herausforderungen darstellen.<\/p>\n<p class=\"wp-block-paragraph\">F\u00fcr manche ist der Umzug ein stiller politischer R\u00fcckzug \u2013 eine \u201eAbstimmung mit den F\u00fc\u00dfen\u201c gegen einen Staat, der zunehmend von religi\u00f6ser Polarisierung und permanenter Mobilisierung gepr\u00e4gt ist. Der \u00d6konom Itai Ater warnt: \u201eWenn sich nichts \u00e4ndert, k\u00f6nnte die Auswanderung in einem Ausma\u00df zunehmen, das Israels Sicherheit und Wirtschaft gef\u00e4hrdet.\u201c<\/p>\n<p class=\"has-medium-font-size wp-block-paragraph\"><strong>Der Versuch des Staates, Zeit zu gewinnen<\/strong><\/p>\n<p class=\"wp-block-paragraph\">Im M\u00e4rz 2026 genehmigte der Finanzausschuss der Knesset eine gestaffelte f\u00fcnfj\u00e4hrige Einkommensteuerbefreiung f\u00fcr berechtigte Einwanderer und langfristig zur\u00fcckkehrende Einwohner. Die Obergrenze liegt in den Jahren 2027 und 2028 bei einer Million Schekel; das Finanzministerium sch\u00e4tzte die Kosten f\u00fcr diesen F\u00fcnfjahreszeitraum urspr\u00fcnglich auf 560 Millionen Schekel.<\/p>\n<p class=\"wp-block-paragraph\">Offiziell soll die Ma\u00dfnahme Einwanderung und Wachstum f\u00f6rdern. In der Praxis offenbart sie jedoch auch das Ausma\u00df der Besorgnis: Israel verliert einige der Menschen, deren Verlust es sich am wenigsten leisten kann, und muss einen hohen Preis zahlen, um sie zur\u00fcckzugewinnen oder zu ersetzen.<\/p>\n<p class=\"wp-block-paragraph\">Steuerliche Anreize k\u00f6nnen einen langwierigen Krieg, wiederholte Mobilisierungen der Reservisten, politische Instabilit\u00e4t, institutionelle Polarisierung oder eine zunehmend militarisierte Zukunft nicht ohne Weiteres kompensieren.<\/p>\n<p class=\"wp-block-paragraph\">Materielle Kriegssch\u00e4den lassen sich mit Geld beheben. Geb\u00e4ude k\u00f6nnen wieder aufgebaut und Waffen nachgeliefert werden. Doch wenn ein Staat die Menschen verliert, die seine Technologie entwickeln, seine Krankenh\u00e4user betreiben, seine Universit\u00e4ten besetzen und sein Milit\u00e4r finanzieren, wird der Schaden kumulativ und strukturell.<\/p>\n<p class=\"wp-block-paragraph\">Israels schwerwiegendste Verluste in Kriegszeiten k\u00f6nnten letztlich jene Menschen sein, die stillschweigend zu dem Schluss kommen, dass ihre Zukunft anderswo liegt.<\/p>\n<p class=\"wp-block-paragraph\">\n<\/div>","protected":false},"excerpt":{"rendered":"<p>Von Kamran Yeganegi Neue israelische Daten zeigen, dass zu den B\u00fcrgern, die das Land verlassen, zunehmend auch \u00c4rzte, Ingenieure, Fachkr\u00e4fte aus dem Technologiebereich und Steuerzahler mit hohem Einkommen geh\u00f6ren, von denen die Kriegswirtschaft des Besatzungsstaates abh\u00e4ngt. In den fr\u00fchen Morgenstunden des 7. Oktober 2023 buchte ein israelischer Journalist, der lediglich als Asaf bekannt ist, Fl\u00fcge [&hellip;]<\/p>\n","protected":false},"author":1,"featured_media":4846,"comment_status":"closed","ping_status":"closed","sticky":false,"template":"","format":"standard","meta":{"_gspb_post_css":"","_uag_custom_page_level_css":"","fifu_image_url":"","fifu_image_alt":"","footnotes":""},"categories":[1],"tags":[],"class_list":["post-20632","post","type-post","status-publish","format-standard","has-post-thumbnail","hentry","category-uncategorized"],"blocksy_meta":{"styles_descriptor":{"styles":{"desktop":"","tablet":"","mobile":""},"google_fonts":[],"version":7}},"uagb_featured_image_src":{"full":["https:\/\/mleexelnfod5.i.optimole.com\/w:auto\/h:auto\/q:mauto\/f:best\/https:\/\/i2.wp.com\/meiser-tv.de\/wp-content\/uploads\/2026\/05\/RSS-Hintergrund.jpg?w=1920&fit=1920,1080&ssl=1",1920,1080,true],"thumbnail":["https:\/\/mleexelnfod5.i.optimole.com\/w:auto\/h:auto\/q:mauto\/f:best\/https:\/\/i2.wp.com\/meiser-tv.de\/wp-content\/uploads\/2026\/05\/RSS-Hintergrund.jpg?w=150&resize=150,150&ssl=1",150,150,true],"medium":["https:\/\/mleexelnfod5.i.optimole.com\/w:auto\/h:auto\/q:mauto\/f:best\/https:\/\/i2.wp.com\/meiser-tv.de\/wp-content\/uploads\/2026\/05\/RSS-Hintergrund.jpg?w=300&fit=300,300&ssl=1",300,300,true],"medium_large":["https:\/\/mleexelnfod5.i.optimole.com\/w:auto\/h:auto\/q:mauto\/f:best\/https:\/\/i2.wp.com\/meiser-tv.de\/wp-content\/uploads\/2026\/05\/RSS-Hintergrund.jpg?w=768&resize=768,0&ssl=1",768,0,true],"large":["https:\/\/mleexelnfod5.i.optimole.com\/w:auto\/h:auto\/q:mauto\/f:best\/https:\/\/i2.wp.com\/meiser-tv.de\/wp-content\/uploads\/2026\/05\/RSS-Hintergrund.jpg?w=1024&fit=1024,1024&ssl=1",1024,1024,true],"1536x1536":["https:\/\/mleexelnfod5.i.optimole.com\/w:auto\/h:auto\/q:mauto\/f:best\/https:\/\/i2.wp.com\/meiser-tv.de\/wp-content\/uploads\/2026\/05\/RSS-Hintergrund.jpg?w=1536&fit=1536,1536&ssl=1",1536,1536,true],"2048x2048":["https:\/\/mleexelnfod5.i.optimole.com\/w:auto\/h:auto\/q:mauto\/f:best\/https:\/\/i2.wp.com\/meiser-tv.de\/wp-content\/uploads\/2026\/05\/RSS-Hintergrund.jpg?w=2048&fit=2048,2048&ssl=1",2048,2048,true],"trp-custom-language-flag":["https:\/\/mleexelnfod5.i.optimole.com\/w:auto\/h:auto\/q:mauto\/f:best\/https:\/\/i2.wp.com\/meiser-tv.de\/wp-content\/uploads\/2026\/05\/RSS-Hintergrund.jpg?w=18&fit=18,12&ssl=1",18,12,true]},"uagb_author_info":{"display_name":"admin","author_link":"https:\/\/meiser-tv.de\/en\/author\/admin\/"},"uagb_comment_info":0,"uagb_excerpt":"Von Kamran Yeganegi Neue israelische Daten zeigen, dass zu den B\u00fcrgern, die das Land verlassen, zunehmend auch \u00c4rzte, Ingenieure, Fachkr\u00e4fte aus dem Technologiebereich und Steuerzahler mit hohem Einkommen geh\u00f6ren, von denen die Kriegswirtschaft des Besatzungsstaates abh\u00e4ngt. In den fr\u00fchen Morgenstunden des 7. Oktober 2023 buchte ein israelischer Journalist, der lediglich als Asaf bekannt ist, Fl\u00fcge&hellip;","_links":{"self":[{"href":"https:\/\/meiser-tv.de\/en\/wp-json\/wp\/v2\/posts\/20632","targetHints":{"allow":["GET"]}}],"collection":[{"href":"https:\/\/meiser-tv.de\/en\/wp-json\/wp\/v2\/posts"}],"about":[{"href":"https:\/\/meiser-tv.de\/en\/wp-json\/wp\/v2\/types\/post"}],"author":[{"embeddable":true,"href":"https:\/\/meiser-tv.de\/en\/wp-json\/wp\/v2\/users\/1"}],"replies":[{"embeddable":true,"href":"https:\/\/meiser-tv.de\/en\/wp-json\/wp\/v2\/comments?post=20632"}],"version-history":[{"count":0,"href":"https:\/\/meiser-tv.de\/en\/wp-json\/wp\/v2\/posts\/20632\/revisions"}],"wp:featuredmedia":[{"embeddable":true,"href":"https:\/\/meiser-tv.de\/en\/wp-json\/wp\/v2\/media\/4846"}],"wp:attachment":[{"href":"https:\/\/meiser-tv.de\/en\/wp-json\/wp\/v2\/media?parent=20632"}],"wp:term":[{"taxonomy":"category","embeddable":true,"href":"https:\/\/meiser-tv.de\/en\/wp-json\/wp\/v2\/categories?post=20632"},{"taxonomy":"post_tag","embeddable":true,"href":"https:\/\/meiser-tv.de\/en\/wp-json\/wp\/v2\/tags?post=20632"}],"curies":[{"name":"wp","href":"https:\/\/api.w.org\/{rel}","templated":true}]}}