{"id":20646,"date":"2026-09-02T18:03:09","date_gmt":"2026-09-02T16:03:09","guid":{"rendered":"https:\/\/meiser-tv.de\/politik\/nach-vorfall-am-leipziger-flughafen-eu-kuendigt-umfangreiche-sanktionen-gegen-russland-an\/"},"modified":"2026-09-02T18:03:09","modified_gmt":"2026-09-02T16:03:09","slug":"nach-vorfall-am-leipziger-flughafen-eu-kuendigt-umfangreiche-sanktionen-gegen-russland-an","status":"publish","type":"post","link":"https:\/\/meiser-tv.de\/en\/politik\/nach-vorfall-am-leipziger-flughafen-eu-kuendigt-umfangreiche-sanktionen-gegen-russland-an\/","title":{"rendered":"Nach Vorfall am Leipziger Flughafen: EU k\u00fcndigt &#8222;umfangreiche Sanktionen&#8220; gegen Russland an"},"content":{"rendered":"<div>\n<p>Als Reaktion auf den versuchten Sprengstoffanschlag am Leipziger Flughafen hat die EU-Au\u00dfenbeauftragte Kaja Kallas am Mittwoch weitere Sanktionen gegen Russland angek\u00fcndigt. &#8222;Wir haben bereits 1.600 Listungen gegen den russischen Milit\u00e4rkomplex in der Pipeline, und m\u00f6glicherweise kommen noch weitere hinzu&#8220;, sagte Kallas vor einem informellen Treffen der EU-Au\u00dfenminister in Wicklow s\u00fcdlich von Dublin.<\/p>\n<p>Betroffen sein sollen demnach Personen und Organisationen, gegen die Einreise-, Verm\u00f6gens- und Gesch\u00e4ftssperren verh\u00e4ngt werden.<\/p>\n<p>EU-Kommissionspr\u00e4sidentin Ursula von der Leyen bezeichnete den Vorfall am Leipziger Flughafen als Angriff mit milit\u00e4rischem Material durch &#8222;russische Akteure&#8220; auf EU-Gebiet. &#8222;Wir werden das nicht hinnehmen\u201c, sagte sie und versicherte Deutschland die &#8222;volle Solidarit\u00e4t&#8220; der EU. Sollte Russland mit dem Angriff das Ziel verfolgt haben, Europa von weiterer\u00a0Unterst\u00fctzung f\u00fcr die Ukraine abzuhalten, habe dies bei ihr &#8222;nur die Entschlossenheit gest\u00e4rkt.&#8220;<\/p>\n<div class=\"EmbedBlock-root EmbedBlock-all\">\n<div class=\"AllEmbed\">\n<blockquote class=\"twitter-tweet\">\n<p lang=\"en\" dir=\"ltr\">EU&#8217;s von der Leyen:<\/p>\n<p>This was an attack using military grade material, carried out by Russian operatives on EU soil.<\/p>\n<p>We will not tolerate it. We stand in full solidarity with Germany.<\/p>\n<p>And if the intention was to make us think twice about supporting Ukraine, I can tell you it\u2026 <a target=\"_blank\" rel=\"noopener noreferrer\" href=\"https:\/\/t.co\/wETpT6MWEv\">pic.twitter.com\/wETpT6MWEv<\/a><\/p>\n<p>\u2014 Clash Report (@clashreport) <a target=\"_blank\" rel=\"noopener noreferrer\" href=\"https:\/\/x.com\/clashreport\/status\/2095103914525806757?ref_src=twsrc%5Etfw\">September 2, 2026<\/a><\/p><\/blockquote>\n<p> <script async src=\"https:\/\/platform.x.com\/widgets.js\" charset=\"utf-8\"><\/script>\n                    <\/div>\n<\/p><\/div>\n<p>Europa und die NATO w\u00fcrden den Druck auf Russland nicht nur aufrechterhalten, sondern weiter erh\u00f6hen,\u00a0f\u00fcgte von der Leyen hinzu.\u00a0<\/p>\n<p>Bundesau\u00dfenminister Johann Wadephul (CDU) hatte bereits am Dienstagabend als Reaktion auf den Anfang August ver\u00fcbten &#8222;Anschlagsversuch&#8220; weitere Sanktionen angek\u00fcndigt. Das nun geplante Paket w\u00e4re das bislang umfangreichste seiner Art, hie\u00df es in Westmedien. Seit Beginn des Ukraine-Krieges vor viereinhalb Jahren hat die EU gegen knapp 3.000 Personen und Organisationen sogenannte Individualsanktionen verh\u00e4ngt.<\/p>\n<p>Allerdings wurde die nun genannte Zahl von 1.600 m\u00f6glichen Listungen nach Angaben aus EU-Kreisen bereits in den vergangenen Monaten vorbereitet. Sie steht daher nicht in direktem Zusammenhang mit dem Vorfall am Leipziger Flughafen.<\/p>\n<p>Die Europ\u00e4ische Union hatte zuvor den russischen EU-Gesandten einbestellt. Auch mehrere EU-Staaten, darunter Frankreich, beriefen die jeweiligen russischen Botschafter ein. Frankreich k\u00fcndigte zudem neue Sanktionen gegen Schiffe der\u00a0sogenannten\u00a0russischen &#8222;Schattenflotte&#8220; an. Gro\u00dfbritannien wertete den Vorfall in Leipzig seinerseits als Versuch Russlands, Europa zu spalten und die Unterst\u00fctzung f\u00fcr die Ukraine zu schw\u00e4chen. Die EU-Au\u00dfenminister berieten zugleich \u00fcber weitere Hilfen f\u00fcr die Ukraine und die m\u00f6gliche Nutzung eingefrorener russischer Zentralbankgelder.<\/p>\n<p>Die Bundesregierung hatte Russland am Dienstag f\u00fcr den Drohnenvorfall in Leipzig verantwortlich gemacht und angek\u00fcndigt, das russische Generalkonsulat in Bonn sowie das als Kulturinstitut gegr\u00fcndete Russische Haus in Berlin zu schlie\u00dfen.\u00a0<\/p>\n<p>Russland\u00a0wies die Vorw\u00fcrfe bez\u00fcglich des Vorfalls am Leipziger Flughafen zur\u00fcck. Kremlchef Wladimir Putin bezeichnete die deutschen Sanktionen im Zusammenhang mit dem Leipziger Drohnenvorfall als &#8222;schweren Fehler&#8220; und warf der Bundesregierung vor, den Fall f\u00fcr innenpolitische Zwecke zu instrumentalisieren. Moskau fordert belastbare Beweise f\u00fcr\u00a0eine russische Verantwortung. &#8222;Merz hat das Vertrauen der B\u00fcrger verloren, da er die nationalen Interessen Deutschlands nicht sch\u00fctzt&#8220;,\u00a0sagte Putin in diesem Zusammenhang.<\/p>\n<p><strong>Mehr zum Thema<\/strong>\u00a0\u2013 <a href=\"https:\/\/de-rtnews.com\/inland\/290366-drohne-in-leipzig-bundesregierung-beschuldigt-russland\/\" target=\"_blank\" rel=\"noopener noreferrer\">Drohne in Leipzig: Bundesregierung beschuldigt Russland \u2013 Russischem Haus wird gek\u00fcndigt<\/a><\/p>\n<div class=\"EmbedBlock-root EmbedBlock-externalVideo EmbedBlock-rumble\">\n<div class=\"VkEmbed\"><iframe class=\"lazyload\" data-src=\"https:\/\/rumble.com\/embed\/v7cswr8\" frameborder=\"0\" width=\"853\" height=\"480\" allowfullscreen><\/iframe><\/div>\n<\/p><\/div>\n<\/p>\n<\/div>","protected":false},"excerpt":{"rendered":"<p>Als Reaktion auf den versuchten Sprengstoffanschlag am Leipziger Flughafen hat die EU-Au\u00dfenbeauftragte Kaja Kallas am Mittwoch weitere Sanktionen gegen Russland angek\u00fcndigt. &#8222;Wir haben bereits 1.600 Listungen gegen den russischen Milit\u00e4rkomplex in der Pipeline, und m\u00f6glicherweise kommen noch weitere hinzu&#8220;, sagte Kallas vor einem informellen Treffen der EU-Au\u00dfenminister in Wicklow s\u00fcdlich von Dublin. Betroffen sein sollen [&hellip;]<\/p>\n","protected":false},"author":1,"featured_media":4846,"comment_status":"closed","ping_status":"closed","sticky":false,"template":"","format":"standard","meta":{"_gspb_post_css":"","_uag_custom_page_level_css":"","fifu_image_url":"","fifu_image_alt":"","footnotes":""},"categories":[5],"tags":[],"class_list":["post-20646","post","type-post","status-publish","format-standard","has-post-thumbnail","hentry","category-politik"],"blocksy_meta":{"styles_descriptor":{"styles":{"desktop":"","tablet":"","mobile":""},"google_fonts":[],"version":7}},"uagb_featured_image_src":{"full":["https:\/\/mleexelnfod5.i.optimole.com\/w:auto\/h:auto\/q:mauto\/f:best\/https:\/\/i2.wp.com\/meiser-tv.de\/wp-content\/uploads\/2026\/05\/RSS-Hintergrund.jpg?w=1920&fit=1920,1080&ssl=1",1920,1080,true],"thumbnail":["https:\/\/mleexelnfod5.i.optimole.com\/w:auto\/h:auto\/q:mauto\/f:best\/https:\/\/i2.wp.com\/meiser-tv.de\/wp-content\/uploads\/2026\/05\/RSS-Hintergrund.jpg?w=150&resize=150,150&ssl=1",150,150,true],"medium":["https:\/\/mleexelnfod5.i.optimole.com\/w:auto\/h:auto\/q:mauto\/f:best\/https:\/\/i2.wp.com\/meiser-tv.de\/wp-content\/uploads\/2026\/05\/RSS-Hintergrund.jpg?w=300&fit=300,300&ssl=1",300,300,true],"medium_large":["https:\/\/mleexelnfod5.i.optimole.com\/w:auto\/h:auto\/q:mauto\/f:best\/https:\/\/i2.wp.com\/meiser-tv.de\/wp-content\/uploads\/2026\/05\/RSS-Hintergrund.jpg?w=768&resize=768,0&ssl=1",768,0,true],"large":["https:\/\/mleexelnfod5.i.optimole.com\/w:auto\/h:auto\/q:mauto\/f:best\/https:\/\/i2.wp.com\/meiser-tv.de\/wp-content\/uploads\/2026\/05\/RSS-Hintergrund.jpg?w=1024&fit=1024,1024&ssl=1",1024,1024,true],"1536x1536":["https:\/\/mleexelnfod5.i.optimole.com\/w:auto\/h:auto\/q:mauto\/f:best\/https:\/\/i2.wp.com\/meiser-tv.de\/wp-content\/uploads\/2026\/05\/RSS-Hintergrund.jpg?w=1536&fit=1536,1536&ssl=1",1536,1536,true],"2048x2048":["https:\/\/mleexelnfod5.i.optimole.com\/w:auto\/h:auto\/q:mauto\/f:best\/https:\/\/i2.wp.com\/meiser-tv.de\/wp-content\/uploads\/2026\/05\/RSS-Hintergrund.jpg?w=2048&fit=2048,2048&ssl=1",2048,2048,true],"trp-custom-language-flag":["https:\/\/mleexelnfod5.i.optimole.com\/w:auto\/h:auto\/q:mauto\/f:best\/https:\/\/i2.wp.com\/meiser-tv.de\/wp-content\/uploads\/2026\/05\/RSS-Hintergrund.jpg?w=18&fit=18,12&ssl=1",18,12,true]},"uagb_author_info":{"display_name":"admin","author_link":"https:\/\/meiser-tv.de\/en\/author\/admin\/"},"uagb_comment_info":0,"uagb_excerpt":"Als Reaktion auf den versuchten Sprengstoffanschlag am Leipziger Flughafen hat die EU-Au\u00dfenbeauftragte Kaja Kallas am Mittwoch weitere Sanktionen gegen Russland angek\u00fcndigt. &#8222;Wir haben bereits 1.600 Listungen gegen den russischen Milit\u00e4rkomplex in der Pipeline, und m\u00f6glicherweise kommen noch weitere hinzu&#8220;, sagte Kallas vor einem informellen Treffen der EU-Au\u00dfenminister in Wicklow s\u00fcdlich von Dublin. Betroffen sein sollen&hellip;","_links":{"self":[{"href":"https:\/\/meiser-tv.de\/en\/wp-json\/wp\/v2\/posts\/20646","targetHints":{"allow":["GET"]}}],"collection":[{"href":"https:\/\/meiser-tv.de\/en\/wp-json\/wp\/v2\/posts"}],"about":[{"href":"https:\/\/meiser-tv.de\/en\/wp-json\/wp\/v2\/types\/post"}],"author":[{"embeddable":true,"href":"https:\/\/meiser-tv.de\/en\/wp-json\/wp\/v2\/users\/1"}],"replies":[{"embeddable":true,"href":"https:\/\/meiser-tv.de\/en\/wp-json\/wp\/v2\/comments?post=20646"}],"version-history":[{"count":0,"href":"https:\/\/meiser-tv.de\/en\/wp-json\/wp\/v2\/posts\/20646\/revisions"}],"wp:featuredmedia":[{"embeddable":true,"href":"https:\/\/meiser-tv.de\/en\/wp-json\/wp\/v2\/media\/4846"}],"wp:attachment":[{"href":"https:\/\/meiser-tv.de\/en\/wp-json\/wp\/v2\/media?parent=20646"}],"wp:term":[{"taxonomy":"category","embeddable":true,"href":"https:\/\/meiser-tv.de\/en\/wp-json\/wp\/v2\/categories?post=20646"},{"taxonomy":"post_tag","embeddable":true,"href":"https:\/\/meiser-tv.de\/en\/wp-json\/wp\/v2\/tags?post=20646"}],"curies":[{"name":"wp","href":"https:\/\/api.w.org\/{rel}","templated":true}]}}