{"id":20658,"date":"2026-09-02T19:03:27","date_gmt":"2026-09-02T17:03:27","guid":{"rendered":"https:\/\/meiser-tv.de\/politik\/linksextreme-aktionswoche-plattform-fordert-nach-dem-6-september-genug-ziele-da-draussen\/"},"modified":"2026-09-02T19:03:27","modified_gmt":"2026-09-02T17:03:27","slug":"linksextreme-aktionswoche-plattform-fordert-nach-dem-6-september-genug-ziele-da-draussen","status":"publish","type":"post","link":"https:\/\/meiser-tv.de\/en\/politik\/linksextreme-aktionswoche-plattform-fordert-nach-dem-6-september-genug-ziele-da-draussen\/","title":{"rendered":"Linksextreme &#8222;Aktionswoche&#8220;? Plattform fordert nach dem 6. September: &#8222;Genug Ziele da drau\u00dfen&#8220;"},"content":{"rendered":"<div>\n<p>Der Bundesverfassungsschutz <a href=\"https:\/\/www.verfassungsschutz.de\/SharedDocs\/publikationen\/DE\/verfassungsschutzberichte\/2024-06-18-verfassungsschutzbericht-2023-startseitenmodul.pdf?__blob=publicationFile&amp;v=4&amp;utm_source\" target=\"_blank\" rel=\"noopener noreferrer\">listet<\/a> die Webseite <em>Kontrapolis.info<\/em> in seinem Verfassungsschutzbericht 2023, als eine &#8222;von Linksextremisten genutzte Plattform&#8220; auf (Seite 192). Bereits im Juni lautete die\u00a0<a href=\"https:\/\/kontrapolis.info\/18100\/\" target=\"_blank\" rel=\"noopener noreferrer\">Ank\u00fcndigung<\/a> zum Wahltag am kommenden Sonntag in Sachsen-Anhalt: &#8222;Aufruf zur Aktionswoche gegen den Deutschen Staat&#8220;. Die Aktivisten seien es demnach &#8222;leid, \u00fcber Schadensbegrenzung, strategisches W\u00e4hlen oder sogenannte demokratische Praktiken im Allgemeinen zu diskutieren&#8220;, und fordern daher &#8222;andere Wege&#8220; als Demonstrationen und Petitionen, &#8222;um zu handeln&#8220;.<\/p>\n<p>Ende August <a href=\"https:\/\/apollo-news.net\/nach-angriff-auf-journalisten-von-apollo-news-vier-tatverdchtige-von-der-polizei-identifiziert\/\" target=\"_blank\" rel=\"noopener noreferrer\">berichtete<\/a> das Portal <em>Apollo News<\/em>\u00a0(<em>AN<\/em>) \u00fcber den Erfolg der polizeilichen Ermittlungen, die im Zusammenhang mit den gewaltt\u00e4tigen Angriffen linksradikaler Antifa-Aktivisten auf Mitarbeiter von\u00a0<em>Apollo News<\/em> beim AfD-Bundesparteitag in Erfurt zu &#8222;vier Festnahmen&#8220; f\u00fchrten.\u00a0<\/p>\n<p>Rund eine Woche sp\u00e4ter tauchte laut\u00a0<a href=\"https:\/\/apollo-news.net\/deutschland-muss-sterben-damit-wir-leben-knnen-linksautonome-szene-droht-mit-gewalt-nach-der-landtagswahl\/\" target=\"_blank\" rel=\"noopener noreferrer\">Recherchen<\/a>\u00a0von <em>Apollo News<\/em> im linksextremen Milieu eine Aufforderung zur Gewalt auf der Plattform auf. Darin lautet die unmissverst\u00e4ndliche, szenetypische Formulierung f\u00fcr den Fall eines AfD-Erfolgs am 6. September:<\/p>\n<p><em>&#8222;Der deutsche Staat ist drei Jahre von den n\u00e4chsten Bundestagswahlen entfernt, und die Menschen, die dort [in Sachsen-Anhalt] leben, m\u00fcssen sich auf eine AfD-gef\u00fchrte Regierung vorbereiten. Wir wollen dar\u00fcber reden und praktizieren, was wir tun m\u00fcssen, um die Funktionsweise des Staates zu zerst\u00f6ren.&#8220;<\/em><\/p>\n<p>Die Erkl\u00e4rung an die gewaltbereite Leserschaft und Sympathisanten lautet, dass am kommenden Sonntag &#8222;ein guter Zeitpunkt&#8220; erreicht sein werde, &#8222;um eine Grenze zu ziehen&#8220;, da es nach Auffassung der Linksextremisten &#8222;viele Gr\u00fcnde gibt, den deutschen Staat anzugreifen&#8220;.\u00a0<\/p>\n<p>\u00dcber die Vorbereitung eines &#8222;Angriffs gegen den Staat&#8220;, die meist vordergr\u00fcndig kontraproduktive N\u00f6tigung und damit oft verbundene Belastung der B\u00fcrger lauten die unglaubw\u00fcrdigen Ausf\u00fchrungen \u00fcber die bereits fatalen Folgen des linksextremen Anschlags zu Jahresbeginn in Berlin (<em>RT DE<\/em>\u00a0<a href=\"https:\/\/de-rtnews.com\/inland\/266539-berlin-buergermeister-ruft-grossschadenslage-nach\/\" target=\"_blank\" rel=\"noopener noreferrer\">berichtete<\/a>):<\/p>\n<p><em>&#8222;Was machen wir nach dem 6. September? Wir glauben daran, unsere Ziele sorgf\u00e4ltig auszuw\u00e4hlen und darauf zu achten, wie sich dies auf das Leben der Menschen auswirken kann, die davon abh\u00e4ngig sind.&#8220;<\/em><\/p>\n<p>M\u00f6gliche Ziele der angedrohten Aktionen seien etwa die &#8222;gesamte staatliche Infrastruktur, auch wenn sie scheinbar irrelevant ist&#8220;, so die Aktivisten, da auch diese &#8222;Teil einer faschistischen Regierung \u2026 und damit ein legitimes Ziel&#8220; darstelle. Aufgez\u00e4hlt werden in dem Sabotageaufruf zudem &#8222;Gef\u00e4ngnisse, Regierungsbeh\u00f6rden, Jobcenter, Polizeireviere, Kasernen und Ausl\u00e4nder\u00e4mter&#8220;.<\/p>\n<p>Dass der Aufruf &#8222;durchaus ernst genommen&#8220; werde, beweise ein internes Papier der Deutschen Bahn, das <em>Apollo News\u00a0<\/em>vorliegt. Demnach w\u00fcrden die Drohungen aus der linksautonomen Szene vom &#8222;Bundeskriminalamt als authentisch eingesch\u00e4tzt&#8220;.<\/p>\n<p>Angriffe auf die Deutsche Bahn oder wie vor wenigen Tagen\u00a0auf ein wichtiges Umspannwerk bei Berlin &#8222;seien ebenfalls nicht auszuschlie\u00dfen&#8220;.<\/p>\n<p><strong>Mehr zum Thema &#8211;<\/strong>\u00a0<a href=\"https:\/\/de-rtnews.com\/inland\/252167-klimaterrorismus-aus-duesseldorf-legt-bahnstrecke\/\" target=\"_blank\" rel=\"noopener noreferrer\">Klimaterrorismus aus D\u00fcsseldorf: Wieder Bahnstrecke lahm gelegt <\/a><\/p>\n<div class=\"EmbedBlock-root EmbedBlock-externalVideo EmbedBlock-rumble\">\n<div class=\"VkEmbed\"><iframe class=\"lazyload\" data-src=\"https:\/\/rumble.com\/embed\/v7csu0w\" frameborder=\"0\" width=\"853\" height=\"480\" allowfullscreen><\/iframe><\/div>\n<\/p><\/div>\n<\/div>\n","protected":false},"excerpt":{"rendered":"<p>Der Bundesverfassungsschutz listet die Webseite Kontrapolis.info in seinem Verfassungsschutzbericht 2023, als eine &#8222;von Linksextremisten genutzte Plattform&#8220; auf (Seite 192). Bereits im Juni lautete die\u00a0Ank\u00fcndigung zum Wahltag am kommenden Sonntag in Sachsen-Anhalt: &#8222;Aufruf zur Aktionswoche gegen den Deutschen Staat&#8220;. Die Aktivisten seien es demnach &#8222;leid, \u00fcber Schadensbegrenzung, strategisches W\u00e4hlen oder sogenannte demokratische Praktiken im Allgemeinen zu [&hellip;]<\/p>\n","protected":false},"author":1,"featured_media":4846,"comment_status":"closed","ping_status":"closed","sticky":false,"template":"","format":"standard","meta":{"_gspb_post_css":"","_uag_custom_page_level_css":"","fifu_image_url":"","fifu_image_alt":"","footnotes":""},"categories":[5],"tags":[],"class_list":["post-20658","post","type-post","status-publish","format-standard","has-post-thumbnail","hentry","category-politik"],"blocksy_meta":{"styles_descriptor":{"styles":{"desktop":"","tablet":"","mobile":""},"google_fonts":[],"version":7}},"uagb_featured_image_src":{"full":["https:\/\/mleexelnfod5.i.optimole.com\/w:auto\/h:auto\/q:mauto\/f:best\/https:\/\/i2.wp.com\/meiser-tv.de\/wp-content\/uploads\/2026\/05\/RSS-Hintergrund.jpg?w=1920&fit=1920,1080&ssl=1",1920,1080,true],"thumbnail":["https:\/\/mleexelnfod5.i.optimole.com\/w:auto\/h:auto\/q:mauto\/f:best\/https:\/\/i2.wp.com\/meiser-tv.de\/wp-content\/uploads\/2026\/05\/RSS-Hintergrund.jpg?w=150&resize=150,150&ssl=1",150,150,true],"medium":["https:\/\/mleexelnfod5.i.optimole.com\/w:auto\/h:auto\/q:mauto\/f:best\/https:\/\/i2.wp.com\/meiser-tv.de\/wp-content\/uploads\/2026\/05\/RSS-Hintergrund.jpg?w=300&fit=300,300&ssl=1",300,300,true],"medium_large":["https:\/\/mleexelnfod5.i.optimole.com\/w:auto\/h:auto\/q:mauto\/f:best\/https:\/\/i2.wp.com\/meiser-tv.de\/wp-content\/uploads\/2026\/05\/RSS-Hintergrund.jpg?w=768&resize=768,0&ssl=1",768,0,true],"large":["https:\/\/mleexelnfod5.i.optimole.com\/w:auto\/h:auto\/q:mauto\/f:best\/https:\/\/i2.wp.com\/meiser-tv.de\/wp-content\/uploads\/2026\/05\/RSS-Hintergrund.jpg?w=1024&fit=1024,1024&ssl=1",1024,1024,true],"1536x1536":["https:\/\/mleexelnfod5.i.optimole.com\/w:auto\/h:auto\/q:mauto\/f:best\/https:\/\/i2.wp.com\/meiser-tv.de\/wp-content\/uploads\/2026\/05\/RSS-Hintergrund.jpg?w=1536&fit=1536,1536&ssl=1",1536,1536,true],"2048x2048":["https:\/\/mleexelnfod5.i.optimole.com\/w:auto\/h:auto\/q:mauto\/f:best\/https:\/\/i2.wp.com\/meiser-tv.de\/wp-content\/uploads\/2026\/05\/RSS-Hintergrund.jpg?w=2048&fit=2048,2048&ssl=1",2048,2048,true],"trp-custom-language-flag":["https:\/\/mleexelnfod5.i.optimole.com\/w:auto\/h:auto\/q:mauto\/f:best\/https:\/\/i2.wp.com\/meiser-tv.de\/wp-content\/uploads\/2026\/05\/RSS-Hintergrund.jpg?w=18&fit=18,12&ssl=1",18,12,true]},"uagb_author_info":{"display_name":"admin","author_link":"https:\/\/meiser-tv.de\/en\/author\/admin\/"},"uagb_comment_info":0,"uagb_excerpt":"Der Bundesverfassungsschutz listet die Webseite Kontrapolis.info in seinem Verfassungsschutzbericht 2023, als eine &#8222;von Linksextremisten genutzte Plattform&#8220; auf (Seite 192). Bereits im Juni lautete die\u00a0Ank\u00fcndigung zum Wahltag am kommenden Sonntag in Sachsen-Anhalt: &#8222;Aufruf zur Aktionswoche gegen den Deutschen Staat&#8220;. Die Aktivisten seien es demnach &#8222;leid, \u00fcber Schadensbegrenzung, strategisches W\u00e4hlen oder sogenannte demokratische Praktiken im Allgemeinen zu&hellip;","_links":{"self":[{"href":"https:\/\/meiser-tv.de\/en\/wp-json\/wp\/v2\/posts\/20658","targetHints":{"allow":["GET"]}}],"collection":[{"href":"https:\/\/meiser-tv.de\/en\/wp-json\/wp\/v2\/posts"}],"about":[{"href":"https:\/\/meiser-tv.de\/en\/wp-json\/wp\/v2\/types\/post"}],"author":[{"embeddable":true,"href":"https:\/\/meiser-tv.de\/en\/wp-json\/wp\/v2\/users\/1"}],"replies":[{"embeddable":true,"href":"https:\/\/meiser-tv.de\/en\/wp-json\/wp\/v2\/comments?post=20658"}],"version-history":[{"count":0,"href":"https:\/\/meiser-tv.de\/en\/wp-json\/wp\/v2\/posts\/20658\/revisions"}],"wp:featuredmedia":[{"embeddable":true,"href":"https:\/\/meiser-tv.de\/en\/wp-json\/wp\/v2\/media\/4846"}],"wp:attachment":[{"href":"https:\/\/meiser-tv.de\/en\/wp-json\/wp\/v2\/media?parent=20658"}],"wp:term":[{"taxonomy":"category","embeddable":true,"href":"https:\/\/meiser-tv.de\/en\/wp-json\/wp\/v2\/categories?post=20658"},{"taxonomy":"post_tag","embeddable":true,"href":"https:\/\/meiser-tv.de\/en\/wp-json\/wp\/v2\/tags?post=20658"}],"curies":[{"name":"wp","href":"https:\/\/api.w.org\/{rel}","templated":true}]}}