{"id":20668,"date":"2026-09-02T20:03:59","date_gmt":"2026-09-02T18:03:59","guid":{"rendered":"https:\/\/meiser-tv.de\/politik\/handel-bruessel-setzt-importzoelle-fuer-armenische-waren-aus\/"},"modified":"2026-09-02T20:03:59","modified_gmt":"2026-09-02T18:03:59","slug":"handel-bruessel-setzt-importzoelle-fuer-armenische-waren-aus","status":"publish","type":"post","link":"https:\/\/meiser-tv.de\/en\/politik\/handel-bruessel-setzt-importzoelle-fuer-armenische-waren-aus\/","title":{"rendered":"Handel: Br\u00fcssel setzt Importz\u00f6lle f\u00fcr armenische Waren aus"},"content":{"rendered":"<div>\n<p>Der Rat der Europ\u00e4ischen Union hat befristete Handelsma\u00dfnahmen zur Unterst\u00fctzung der armenischen Wirtschaft gebilligt. Dies <a href=\"https:\/\/www.consilium.europa.eu\/de\/press\/press-releases\/2026\/09\/02\/council-backs-temporary-trade-measures-to-support-armenia\/\" target=\"_blank\" rel=\"noopener noreferrer\">geht<\/a> aus einer Mitteilung vom Mittwoch hervor. Wie es hei\u00dft, will die Gemeinschaft damit Jerewan vor dem Hintergrund der j\u00fcngst von Russland eingef\u00fchrten Beschr\u00e4nkungen helfen.<\/p>\n<p>Ziel sei es auch, die Handelsbeziehungen zwischen der EU und Armenien im Einklang mit dem Umfassenden und Erweiterten Partnerschaftsabkommen (CEPA) zu st\u00e4rken.<\/p>\n<p>Laut der Mitteilung zielen die f\u00fcr zwei Jahre befristeten Ma\u00dfnahmen darauf ab, rund 80 Prozent der armenischen Exporte in die EU zu liberalisieren. Geplant sei, die Einfuhrz\u00f6lle f\u00fcr eine breite Palette armenischer Produkte, darunter bestimmte landwirtschaftliche Erzeugnisse, die Zollkontingenten unterliegen, vor\u00fcbergehend auszusetzen.<\/p>\n<p>Sobald die entsprechende EU-Verordnung in Kraft getreten sei, w\u00fcrden die Handelsma\u00dfnahmen fast 99 Prozent der armenischen Exporte von frischem Obst, Gem\u00fcse und Pflanzen nach Russland sowie mehr als 91 Prozent der Ausfuhren von Getr\u00e4nken und Spirituosen umfassen, hei\u00dft es weiter in der Mitteilung. Es werde erwartet, dass das Europ\u00e4ische Parlament die Verordnung ohne \u00c4nderungen annimmt.<\/p>\n<p>Helen McEntee, die irische Ministerin f\u00fcr ausw\u00e4rtige Angelegenheiten und Handel, erkl\u00e4rte hierbei, Europa stehe an der Seite Armeniens, das sich f\u00fcr einen klaren Weg der Reformen und eine engere Kooperation mit der EU entschieden habe. &#8222;Wir werden neue Chancen schaffen und an der Seite unserer Partner stehen&#8220;, so McEntee weiter. Irland hat am 1. Juli 2026 f\u00fcr sechs Monate den Vorsitz im Rat der Europ\u00e4ischen Union \u00fcbernommen.<\/p>\n<p>Die Pr\u00e4ferenzregelung sei an die Bedingung gekn\u00fcpft, dass Armenien unter anderem mit Br\u00fcssel administrativ zusammenarbeiten und keine neuen Handelsbeschr\u00e4nkungen f\u00fcr EU-Importe einf\u00fchren, aber auch die wesentlichen Elemente des CEPA, einschlie\u00dflich demokratischer Prinzipien, Rechtsstaatlichkeit und Menschenrechte, achten werde.<\/p>\n<p>Russlands Pr\u00e4sident Wladimir Putin mahnte bei einem Treffen mit dem armenischen Premierminister Nikol Paschinjan am Rande des Gipfels der Shanghaier Organisation f\u00fcr Zusammenarbeit (SOZ) in Kirgistan eine schnelle Entscheidung an, welchen au\u00dfenpolitischen Kurs Armenien k\u00fcnftig verfolgen wolle.<\/p>\n<p>Bei der Zusammenkunft in Bischkek am Dienstag betonte Putin, dass die Verabschiedung eines Gesetzes \u00fcber die Absicht, der EU beizutreten, gleichzeitig eine Erkl\u00e4rung f\u00fcr den Austritt aus der Eurasischen Wirtschaftsunion (EAWU) sei.<\/p>\n<p><strong>Mehr zum Thema<\/strong> \u2012 <a target=\"_blank\" rel=\"noopener noreferrer\" href=\"https:\/\/de-rtnews.com\/international\/290378-putin-warnt-paschinjan-entscheidung-eu\/\">Putin warnt Paschinjan: Entscheidung, der EU beizutreten, bedeute automatischen Austritt aus EAWU<\/a><\/p>\n<div class=\"EmbedBlock-root EmbedBlock-externalVideo EmbedBlock-rumble\">\n<div class=\"VkEmbed\"><iframe class=\"lazyload\" data-src=\"https:\/\/rumble.com\/embed\/v7csufu\" frameborder=\"0\" width=\"853\" height=\"480\" allowfullscreen><\/iframe><\/div>\n<\/p><\/div>\n<\/div>","protected":false},"excerpt":{"rendered":"<p>Der Rat der Europ\u00e4ischen Union hat befristete Handelsma\u00dfnahmen zur Unterst\u00fctzung der armenischen Wirtschaft gebilligt. Dies geht aus einer Mitteilung vom Mittwoch hervor. Wie es hei\u00dft, will die Gemeinschaft damit Jerewan vor dem Hintergrund der j\u00fcngst von Russland eingef\u00fchrten Beschr\u00e4nkungen helfen. Ziel sei es auch, die Handelsbeziehungen zwischen der EU und Armenien im Einklang mit dem [&hellip;]<\/p>\n","protected":false},"author":1,"featured_media":4846,"comment_status":"closed","ping_status":"closed","sticky":false,"template":"","format":"standard","meta":{"_gspb_post_css":"","_uag_custom_page_level_css":"","fifu_image_url":"","fifu_image_alt":"","footnotes":""},"categories":[5],"tags":[],"class_list":["post-20668","post","type-post","status-publish","format-standard","has-post-thumbnail","hentry","category-politik"],"blocksy_meta":{"styles_descriptor":{"styles":{"desktop":"","tablet":"","mobile":""},"google_fonts":[],"version":7}},"uagb_featured_image_src":{"full":["https:\/\/mleexelnfod5.i.optimole.com\/w:auto\/h:auto\/q:mauto\/f:best\/https:\/\/i2.wp.com\/meiser-tv.de\/wp-content\/uploads\/2026\/05\/RSS-Hintergrund.jpg?w=1920&fit=1920,1080&ssl=1",1920,1080,true],"thumbnail":["https:\/\/mleexelnfod5.i.optimole.com\/w:auto\/h:auto\/q:mauto\/f:best\/https:\/\/i2.wp.com\/meiser-tv.de\/wp-content\/uploads\/2026\/05\/RSS-Hintergrund.jpg?w=150&resize=150,150&ssl=1",150,150,true],"medium":["https:\/\/mleexelnfod5.i.optimole.com\/w:auto\/h:auto\/q:mauto\/f:best\/https:\/\/i2.wp.com\/meiser-tv.de\/wp-content\/uploads\/2026\/05\/RSS-Hintergrund.jpg?w=300&fit=300,300&ssl=1",300,300,true],"medium_large":["https:\/\/mleexelnfod5.i.optimole.com\/w:auto\/h:auto\/q:mauto\/f:best\/https:\/\/i2.wp.com\/meiser-tv.de\/wp-content\/uploads\/2026\/05\/RSS-Hintergrund.jpg?w=768&resize=768,0&ssl=1",768,0,true],"large":["https:\/\/mleexelnfod5.i.optimole.com\/w:auto\/h:auto\/q:mauto\/f:best\/https:\/\/i2.wp.com\/meiser-tv.de\/wp-content\/uploads\/2026\/05\/RSS-Hintergrund.jpg?w=1024&fit=1024,1024&ssl=1",1024,1024,true],"1536x1536":["https:\/\/mleexelnfod5.i.optimole.com\/w:auto\/h:auto\/q:mauto\/f:best\/https:\/\/i2.wp.com\/meiser-tv.de\/wp-content\/uploads\/2026\/05\/RSS-Hintergrund.jpg?w=1536&fit=1536,1536&ssl=1",1536,1536,true],"2048x2048":["https:\/\/mleexelnfod5.i.optimole.com\/w:auto\/h:auto\/q:mauto\/f:best\/https:\/\/i2.wp.com\/meiser-tv.de\/wp-content\/uploads\/2026\/05\/RSS-Hintergrund.jpg?w=2048&fit=2048,2048&ssl=1",2048,2048,true],"trp-custom-language-flag":["https:\/\/mleexelnfod5.i.optimole.com\/w:auto\/h:auto\/q:mauto\/f:best\/https:\/\/i2.wp.com\/meiser-tv.de\/wp-content\/uploads\/2026\/05\/RSS-Hintergrund.jpg?w=18&fit=18,12&ssl=1",18,12,true]},"uagb_author_info":{"display_name":"admin","author_link":"https:\/\/meiser-tv.de\/en\/author\/admin\/"},"uagb_comment_info":0,"uagb_excerpt":"Der Rat der Europ\u00e4ischen Union hat befristete Handelsma\u00dfnahmen zur Unterst\u00fctzung der armenischen Wirtschaft gebilligt. Dies geht aus einer Mitteilung vom Mittwoch hervor. Wie es hei\u00dft, will die Gemeinschaft damit Jerewan vor dem Hintergrund der j\u00fcngst von Russland eingef\u00fchrten Beschr\u00e4nkungen helfen. Ziel sei es auch, die Handelsbeziehungen zwischen der EU und Armenien im Einklang mit dem&hellip;","_links":{"self":[{"href":"https:\/\/meiser-tv.de\/en\/wp-json\/wp\/v2\/posts\/20668","targetHints":{"allow":["GET"]}}],"collection":[{"href":"https:\/\/meiser-tv.de\/en\/wp-json\/wp\/v2\/posts"}],"about":[{"href":"https:\/\/meiser-tv.de\/en\/wp-json\/wp\/v2\/types\/post"}],"author":[{"embeddable":true,"href":"https:\/\/meiser-tv.de\/en\/wp-json\/wp\/v2\/users\/1"}],"replies":[{"embeddable":true,"href":"https:\/\/meiser-tv.de\/en\/wp-json\/wp\/v2\/comments?post=20668"}],"version-history":[{"count":0,"href":"https:\/\/meiser-tv.de\/en\/wp-json\/wp\/v2\/posts\/20668\/revisions"}],"wp:featuredmedia":[{"embeddable":true,"href":"https:\/\/meiser-tv.de\/en\/wp-json\/wp\/v2\/media\/4846"}],"wp:attachment":[{"href":"https:\/\/meiser-tv.de\/en\/wp-json\/wp\/v2\/media?parent=20668"}],"wp:term":[{"taxonomy":"category","embeddable":true,"href":"https:\/\/meiser-tv.de\/en\/wp-json\/wp\/v2\/categories?post=20668"},{"taxonomy":"post_tag","embeddable":true,"href":"https:\/\/meiser-tv.de\/en\/wp-json\/wp\/v2\/tags?post=20668"}],"curies":[{"name":"wp","href":"https:\/\/api.w.org\/{rel}","templated":true}]}}