{"id":20671,"date":"2026-09-02T21:02:37","date_gmt":"2026-09-02T19:02:37","guid":{"rendered":"https:\/\/meiser-tv.de\/politik\/nach-regierungsvorwuerfen-aus-berlin-an-moskau-koalition-der-willigen-2-0\/"},"modified":"2026-09-02T21:02:37","modified_gmt":"2026-09-02T19:02:37","slug":"nach-regierungsvorwuerfen-aus-berlin-an-moskau-koalition-der-willigen-2-0","status":"publish","type":"post","link":"https:\/\/meiser-tv.de\/en\/politik\/nach-regierungsvorwuerfen-aus-berlin-an-moskau-koalition-der-willigen-2-0\/","title":{"rendered":"Nach Regierungsvorw\u00fcrfen aus Berlin an Moskau \u2013 Koalition der Willigen 2.0?"},"content":{"rendered":"<div>\n<p>Das politische Berlin forciert die eskalierende Strategie zum Thema des finalen Bruchs mit Moskau. Die deutschen Mainstreammedien \u00fcberschlagen sich in den Kommentaren, hinsichtlich der gestrigen Erkl\u00e4rungen zweier Regierungsminister. So k\u00f6nne laut dem <em>Handelsblatt<\/em> &#8222;Berlins Antwort auf die Drohnenattacke <a href=\"https:\/\/www.handelsblatt.com\/meinung\/kommentare\/kommentar-berlins-antwort-auf-die-drohnenattacke-kann-nur-der-anfang-sein\/100251291.html\" target=\"_blank\" rel=\"noopener noreferrer\">nur der Anfang<\/a> sein.&#8220; Diverse Regierungschefs, wie auch EU-Kommissionspr\u00e4sidentin von der Leyen, \u00e4u\u00dferten sich paralell in einer ann\u00e4hernd wortgleichen Reaktion auf X, bei der sich die EU- und NATO-Mitglieder &#8222;voll und ganz solidarisch mit Deutschland&#8220; pr\u00e4sentieren.<\/p>\n<p>Nach Betrachtung diverser X-Beitr\u00e4ge von den K\u00f6pfen der Kiew-unterst\u00fctzenden &#8222;Koalition der Willigen&#8220; ergibt sich ein soweit mehr als auff\u00e4lliges Bild, aus dem sich \u2013 rein mutma\u00dfend\u00a0\u2013 schlussfolgern l\u00e4sst, dass vor dem <a href=\"https:\/\/www.auswaertiges-amt.de\/de\/newsroom\/2800598-2800598?utm_source\" target=\"_blank\" rel=\"noopener noreferrer\">gestrigen Auftritt<\/a> von Bundesau\u00dfenminister Johann Wadephul und\u00a0Bundesinnenminister Alexander Dobrindt in Berlin eine informierende (Telefon-)R\u00fccksprache des Kanzleramts mit den Kollegen erfolgt sein k\u00f6nnte.<\/p>\n<p>So hei\u00dft es aus Br\u00fcssel seitens der \u2013 mutma\u00dflich \u2013 deutschen Anf\u00fchrerin einer &#8222;Koalition der Willigen 2.0&#8220;:<\/p>\n<p><em>&#8222;Heute Vormittag habe ich mit Bundeskanzler Merz gesprochen, um den hybriden Angriff auf den Flughafen Leipzig zu er\u00f6rtern. Ich habe ihm versichert, dass die EU angesichts dieses Angriffs Russlands voll und ganz solidarisch mit Deutschland steht.&#8220;<\/em><\/p>\n<div class=\"EmbedBlock-root EmbedBlock-all\">\n<div class=\"AllEmbed\">\n<blockquote class=\"twitter-tweet\">\n<p lang=\"en\" dir=\"ltr\">This morning I spoke with Chancellor Merz to discuss the hybrid attack at Leipzig airport.<\/p>\n<p>I assured him that the EU stands in full solidarity with Germany in the face of this attack by Russia.<\/p>\n<p>We will keep the EU united despite these escalating and serious acts. The German\u2026<\/p>\n<p>\u2014 Ursula von der Leyen (@vonderleyen) <a target=\"_blank\" rel=\"noopener noreferrer\" href=\"https:\/\/x.com\/vonderleyen\/status\/2094814604358533554?ref_src=twsrc%5Etfw\">September 1, 2026<\/a><\/p><\/blockquote>\n<p> <script async src=\"https:\/\/platform.x.com\/widgets.js\" charset=\"utf-8\"><\/script>\n                    <\/div>\n<\/p><\/div>\n<p>Aus Paris hei\u00dft es wenige Stunden sp\u00e4ter:<\/p>\n<p><em>&#8222;Diese hybriden Angriffe nehmen in Europa zu. Sie d\u00fcrfen nicht unbeantwortet bleiben. Frankreich steht voll und ganz an der Seite Deutschlands und unterst\u00fctzt die Verh\u00e4ngung neuer europ\u00e4ischer Sanktionen gegen Russland.&#8220;<\/em><\/p>\n<div class=\"EmbedBlock-root EmbedBlock-all\">\n<div class=\"AllEmbed\">\n<blockquote class=\"twitter-tweet\">\n<p lang=\"fr\" dir=\"ltr\">L\u2019Allemagne a \u00e9tabli la responsabilit\u00e9 de la Russie dans les graves incidents survenus \u00e0 Leipzig d\u00e9but ao\u00fbt.<\/p>\n<p>Ces attaques hybrides se multiplient en Europe. Elles ne peuvent rester sans r\u00e9ponse.<\/p>\n<p>La France est pleinement solidaire de l\u2019Allemagne et soutient l\u2019adoption de\u2026<\/p>\n<p>\u2014 Emmanuel Macron (@EmmanuelMacron) <a target=\"_blank\" rel=\"noopener noreferrer\" href=\"https:\/\/x.com\/EmmanuelMacron\/status\/2094848157251170670?ref_src=twsrc%5Etfw\">September 1, 2026<\/a><\/p><\/blockquote>\n<p> <script async src=\"https:\/\/platform.x.com\/widgets.js\" charset=\"utf-8\"><\/script>\n                    <\/div>\n<\/p><\/div>\n<p>Am fr\u00fchen Abend meldete sich bereits das Social-Media-Team aus dem italienischen Regierungssitz in Rom:<\/p>\n<p><em>&#8222;Italien bekundet nach dem russischen Hybridangriff in Leipzig seine uneingeschr\u00e4nkte Solidarit\u00e4t mit Deutschland.&#8220;<\/em><\/p>\n<div class=\"EmbedBlock-root EmbedBlock-all\">\n<div class=\"AllEmbed\">\n<blockquote class=\"twitter-tweet\">\n<p lang=\"en\" dir=\"ltr\">Italy stands in full solidarity with Germany after the Russian hybrid attack in Leipzig.<\/p>\n<p>The security of our Allies is the security of us all. Attempts to intimidate us or to drive a wedge between Allies will not succeed: hybrid actions against any one of us are a matter of\u2026<\/p>\n<p>\u2014 Giorgia Meloni (@GiorgiaMeloni) <a target=\"_blank\" rel=\"noopener noreferrer\" href=\"https:\/\/x.com\/GiorgiaMeloni\/status\/2094828992368939415?ref_src=twsrc%5Etfw\">September 1, 2026<\/a><\/p><\/blockquote>\n<p> <script async src=\"https:\/\/platform.x.com\/widgets.js\" charset=\"utf-8\"><\/script>\n                    <\/div>\n<\/p><\/div>\n<p>Und wenig \u00fcberraschend: Auch NATO-Generalssekret\u00e4r Mark Rutte m\u00f6chte sich der &#8222;Koalition&#8220; einer russophoben Gemeinschaft anschlie\u00dfen, um mitzuteilen:<\/p>\n<p><em>&#8222;Ich habe gerade mit Bundeskanzler Friedrich Merz gesprochen. Die NATO bekundet ihre uneingeschr\u00e4nkte Solidarit\u00e4t mit Deutschland nach dem russischen Hybridangriff in Leipzig am 4. August.&#8220;<\/em><\/p>\n<div class=\"EmbedBlock-root EmbedBlock-all\">\n<div class=\"AllEmbed\">\n<blockquote class=\"twitter-tweet\">\n<p lang=\"en\" dir=\"ltr\">I just spoke with <a target=\"_blank\" rel=\"noopener noreferrer\" href=\"https:\/\/x.com\/bundeskanzler?ref_src=twsrc%5Etfw\">@Bundeskanzler<\/a> Friedrich Merz. NATO stands in full solidarity with Germany after the Russian hybrid attack in Leipzig on 4 August.<\/p>\n<p>The evidence is clear. And I welcome the measures announced by Germany in response. NATO will continue to strengthen our ability\u2026<\/p>\n<p>\u2014 Mark Rutte (@SecGenNATO) <a target=\"_blank\" rel=\"noopener noreferrer\" href=\"https:\/\/x.com\/SecGenNATO\/status\/2094818411066904731?ref_src=twsrc%5Etfw\">September 1, 2026<\/a><\/p><\/blockquote>\n<p> <script async src=\"https:\/\/platform.x.com\/widgets.js\" charset=\"utf-8\"><\/script>\n                    <\/div>\n<\/p><\/div>\n<p>Aus dem Nachbarland lautet die Wiener Variante der ausgesprochenen Solidarit\u00e4t:<\/p>\n<p><em>&#8222;\u00d6sterreich bekundet nach dem russischen Hybridangriff auf den Flughafen Leipzig seine uneingeschr\u00e4nkte Solidarit\u00e4t mit den Freunden und Partnern in Deutschland.&#8220;<\/em><\/p>\n<div class=\"EmbedBlock-root EmbedBlock-all\">\n<div class=\"AllEmbed\">\n<blockquote class=\"twitter-tweet\">\n<p lang=\"en\" dir=\"ltr\">Austria stands in full solidarity with friends and partners in Germany following the Russian hybrid attack at Leipzig airport. Attempts to destabilize or intimidate any member of the European Union will not succeed and will be met with a united response. We will jointly work to\u2026<\/p>\n<p>\u2014 Christian Stocker (@_CStocker) <a target=\"_blank\" rel=\"noopener noreferrer\" href=\"https:\/\/x.com\/_CStocker\/status\/2094853141934330209?ref_src=twsrc%5Etfw\">September 1, 2026<\/a><\/p><\/blockquote>\n<p> <script async src=\"https:\/\/platform.x.com\/widgets.js\" charset=\"utf-8\"><\/script>\n                    <\/div>\n<\/p><\/div>\n<p>Der polnische Regierungschef Karol Nawrocki\u00a0wollte sich\u00a0indessen nicht der auff\u00e4lligen X-Koalition anschlie\u00dfen,\u00a0und ebensowenig Tschechiens Ministerpr\u00e4sident\u00a0Andrej Babi\u0161, der belgische\u00a0Premierminister\u00a0Bart De Wever oder der britische Regierungschef Andy Burnham. Eher \u00fcberraschend beteiligte sich jedoch der zuletzt seitens Washingtons stark attackierte spanische Ministerpr\u00e4sident\u00a0Pedro S\u00e1nchez:<\/p>\n<p><em>&#8222;Der russische Hybridangriff auf den Flughafen Leipzig im August ist inakzeptabel, und Spanien steht uneingeschr\u00e4nkt hinter Deutschland.&#8220;<\/em><\/p>\n<div class=\"EmbedBlock-root EmbedBlock-all\">\n<div class=\"AllEmbed\">\n<blockquote class=\"twitter-tweet\">\n<p lang=\"es\" dir=\"ltr\">El ataque h\u00edbrido ruso contra el aeropuerto de Leipzig de agosto es inaceptable y Espa\u00f1a apoya a Alemania de manera rotunda.<\/p>\n<p>No nos dejaremos disuadir por amenazas h\u00edbridas, nuestro compromiso con Ucrania es inquebrantable.<\/p>\n<p>\u2014 Pedro S\u00e1nchez (@sanchezcastejon) <a target=\"_blank\" rel=\"noopener noreferrer\" href=\"https:\/\/x.com\/sanchezcastejon\/status\/2094862525556744414?ref_src=twsrc%5Etfw\">September 1, 2026<\/a><\/p><\/blockquote>\n<p> <script async src=\"https:\/\/platform.x.com\/widgets.js\" charset=\"utf-8\"><\/script>\n                    <\/div>\n<\/p><\/div>\n<p>Final erkl\u00e4rte exemplarisch der finnische Kollege von Friedrich Merz,\u00a0Alexander Stubb, wie auch die Kollegen aus Lettland, Schweden und Kanada, dass das Land &#8222;voll und ganz hinter seinem Verb\u00fcndeten Deutschland steht&#8220;, um erweitert <a href=\"https:\/\/x.com\/alexstubb\/status\/2094815535913427354\" target=\"_blank\" rel=\"noopener noreferrer\">mitzuteilen<\/a>:<\/p>\n<p><em>&#8222;Wir kennen die russische Strategie. Sie zielt darauf ab, uns einzusch\u00fcchtern und unsere Entschlossenheit sowie unsere Bereitschaft zu untergraben, die Ukraine bei ihrer Verteidigung gegen die russische Invasion zu unterst\u00fctzen. Das wird nicht gelingen.&#8220;<\/em><\/p>\n<p>Die<em> n-tv<\/em>-Redaktion erkl\u00e4rte nach den gestrigen Mitteilungen aus dem BMI in Berlin, dass die Bundesregierung sich &#8222;<a href=\"https:\/\/www.n-tv.de\/politik\/politik_kommentare\/Merz-schickt-Minister-vor-Regierung-haelt-Ball-flach-id31258437.html\" target=\"_blank\" rel=\"noopener noreferrer\">auf sachliche<\/a> und fast schon zur\u00fcckhaltende Weise&#8220; pr\u00e4sentiert h\u00e4tte.\u00a0<\/p>\n<p>Die <em>Spiegel<\/em>-Kollegen fragen hinter der Bezahlschranke: &#8222;Berlin schl\u00e4gt zur\u00fcck \u2013 aber hart genug?&#8220;, um den Lesern zu erkl\u00e4ren, dass\u00a0Friedrich Merz &#8222;droht, vollstrecken m\u00fcssen andere&#8220;, damit gemeint die beiden Bundesminister, die sich &#8222;dabei nicht so richtig wohl f\u00fchl[t]en.&#8220;<\/p>\n<p>Die <em>ARD<\/em>-Tagesschau <a href=\"https:\/\/www.tagesschau.de\/kommentar\/kommentar-anschlag-russland-100.html\" target=\"_blank\" rel=\"noopener noreferrer\">erkl\u00e4rt<\/a>, dass\u00a0Deutschland Russland &#8222;als Drahtzieher des Anschlagsversuchs benennt, ohne sich provozieren zu lassen.&#8220; Die Bundesregierung h\u00e4tte damit &#8222;einen Balanceakt geschafft&#8220;, da laut Wahrnehmung der Redaktion &#8222;eine Demokratie andere Waffen nutzt.&#8220;<\/p>\n<p><strong>Mehr zum Thema <\/strong>\u2013\u00a0<a href=\"https:\/\/de-rtnews.com\/inland\/290392-alexander-von-bismarck-petition-russisches\/\" target=\"_blank\" rel=\"noopener noreferrer\">Alexander von Bismarck-Petition: Russisches Haus ist eine Br\u00fccke zwischen Deutschland und Russland <\/a><\/p>\n<div class=\"EmbedBlock-root EmbedBlock-externalVideo EmbedBlock-rumble\">\n<div class=\"VkEmbed\"><iframe class=\"lazyload\" data-src=\"https:\/\/rumble.com\/embed\/v7crizk\" frameborder=\"0\" width=\"853\" height=\"480\" allowfullscreen><\/iframe><\/div>\n<\/p><\/div>\n<\/p>\n<\/div>\n","protected":false},"excerpt":{"rendered":"<p>Das politische Berlin forciert die eskalierende Strategie zum Thema des finalen Bruchs mit Moskau. Die deutschen Mainstreammedien \u00fcberschlagen sich in den Kommentaren, hinsichtlich der gestrigen Erkl\u00e4rungen zweier Regierungsminister. So k\u00f6nne laut dem Handelsblatt &#8222;Berlins Antwort auf die Drohnenattacke nur der Anfang sein.&#8220; Diverse Regierungschefs, wie auch EU-Kommissionspr\u00e4sidentin von der Leyen, \u00e4u\u00dferten sich paralell in einer [&hellip;]<\/p>\n","protected":false},"author":1,"featured_media":4846,"comment_status":"closed","ping_status":"closed","sticky":false,"template":"","format":"standard","meta":{"_gspb_post_css":"","_uag_custom_page_level_css":"","fifu_image_url":"","fifu_image_alt":"","footnotes":""},"categories":[5],"tags":[],"class_list":["post-20671","post","type-post","status-publish","format-standard","has-post-thumbnail","hentry","category-politik"],"blocksy_meta":{"styles_descriptor":{"styles":{"desktop":"","tablet":"","mobile":""},"google_fonts":[],"version":7}},"uagb_featured_image_src":{"full":["https:\/\/mleexelnfod5.i.optimole.com\/w:auto\/h:auto\/q:mauto\/f:best\/https:\/\/i2.wp.com\/meiser-tv.de\/wp-content\/uploads\/2026\/05\/RSS-Hintergrund.jpg?w=1920&fit=1920,1080&ssl=1",1920,1080,true],"thumbnail":["https:\/\/mleexelnfod5.i.optimole.com\/w:auto\/h:auto\/q:mauto\/f:best\/https:\/\/i2.wp.com\/meiser-tv.de\/wp-content\/uploads\/2026\/05\/RSS-Hintergrund.jpg?w=150&resize=150,150&ssl=1",150,150,true],"medium":["https:\/\/mleexelnfod5.i.optimole.com\/w:auto\/h:auto\/q:mauto\/f:best\/https:\/\/i2.wp.com\/meiser-tv.de\/wp-content\/uploads\/2026\/05\/RSS-Hintergrund.jpg?w=300&fit=300,300&ssl=1",300,300,true],"medium_large":["https:\/\/mleexelnfod5.i.optimole.com\/w:auto\/h:auto\/q:mauto\/f:best\/https:\/\/i2.wp.com\/meiser-tv.de\/wp-content\/uploads\/2026\/05\/RSS-Hintergrund.jpg?w=768&resize=768,0&ssl=1",768,0,true],"large":["https:\/\/mleexelnfod5.i.optimole.com\/w:auto\/h:auto\/q:mauto\/f:best\/https:\/\/i2.wp.com\/meiser-tv.de\/wp-content\/uploads\/2026\/05\/RSS-Hintergrund.jpg?w=1024&fit=1024,1024&ssl=1",1024,1024,true],"1536x1536":["https:\/\/mleexelnfod5.i.optimole.com\/w:auto\/h:auto\/q:mauto\/f:best\/https:\/\/i2.wp.com\/meiser-tv.de\/wp-content\/uploads\/2026\/05\/RSS-Hintergrund.jpg?w=1536&fit=1536,1536&ssl=1",1536,1536,true],"2048x2048":["https:\/\/mleexelnfod5.i.optimole.com\/w:auto\/h:auto\/q:mauto\/f:best\/https:\/\/i2.wp.com\/meiser-tv.de\/wp-content\/uploads\/2026\/05\/RSS-Hintergrund.jpg?w=2048&fit=2048,2048&ssl=1",2048,2048,true],"trp-custom-language-flag":["https:\/\/mleexelnfod5.i.optimole.com\/w:auto\/h:auto\/q:mauto\/f:best\/https:\/\/i2.wp.com\/meiser-tv.de\/wp-content\/uploads\/2026\/05\/RSS-Hintergrund.jpg?w=18&fit=18,12&ssl=1",18,12,true]},"uagb_author_info":{"display_name":"admin","author_link":"https:\/\/meiser-tv.de\/en\/author\/admin\/"},"uagb_comment_info":0,"uagb_excerpt":"Das politische Berlin forciert die eskalierende Strategie zum Thema des finalen Bruchs mit Moskau. Die deutschen Mainstreammedien \u00fcberschlagen sich in den Kommentaren, hinsichtlich der gestrigen Erkl\u00e4rungen zweier Regierungsminister. So k\u00f6nne laut dem Handelsblatt &#8222;Berlins Antwort auf die Drohnenattacke nur der Anfang sein.&#8220; Diverse Regierungschefs, wie auch EU-Kommissionspr\u00e4sidentin von der Leyen, \u00e4u\u00dferten sich paralell in einer&hellip;","_links":{"self":[{"href":"https:\/\/meiser-tv.de\/en\/wp-json\/wp\/v2\/posts\/20671","targetHints":{"allow":["GET"]}}],"collection":[{"href":"https:\/\/meiser-tv.de\/en\/wp-json\/wp\/v2\/posts"}],"about":[{"href":"https:\/\/meiser-tv.de\/en\/wp-json\/wp\/v2\/types\/post"}],"author":[{"embeddable":true,"href":"https:\/\/meiser-tv.de\/en\/wp-json\/wp\/v2\/users\/1"}],"replies":[{"embeddable":true,"href":"https:\/\/meiser-tv.de\/en\/wp-json\/wp\/v2\/comments?post=20671"}],"version-history":[{"count":0,"href":"https:\/\/meiser-tv.de\/en\/wp-json\/wp\/v2\/posts\/20671\/revisions"}],"wp:featuredmedia":[{"embeddable":true,"href":"https:\/\/meiser-tv.de\/en\/wp-json\/wp\/v2\/media\/4846"}],"wp:attachment":[{"href":"https:\/\/meiser-tv.de\/en\/wp-json\/wp\/v2\/media?parent=20671"}],"wp:term":[{"taxonomy":"category","embeddable":true,"href":"https:\/\/meiser-tv.de\/en\/wp-json\/wp\/v2\/categories?post=20671"},{"taxonomy":"post_tag","embeddable":true,"href":"https:\/\/meiser-tv.de\/en\/wp-json\/wp\/v2\/tags?post=20671"}],"curies":[{"name":"wp","href":"https:\/\/api.w.org\/{rel}","templated":true}]}}