{"id":20676,"date":"2026-09-02T21:02:41","date_gmt":"2026-09-02T19:02:41","guid":{"rendered":"https:\/\/meiser-tv.de\/politik\/nach-oel-deal-zwischen-usa-und-venezuela-china-pocht-auf-schutz-seiner-interessen\/"},"modified":"2026-09-02T21:02:41","modified_gmt":"2026-09-02T19:02:41","slug":"nach-oel-deal-zwischen-usa-und-venezuela-china-pocht-auf-schutz-seiner-interessen","status":"publish","type":"post","link":"https:\/\/meiser-tv.de\/en\/politik\/nach-oel-deal-zwischen-usa-und-venezuela-china-pocht-auf-schutz-seiner-interessen\/","title":{"rendered":"Nach \u00d6l-Deal zwischen USA und Venezuela: China pocht auf Schutz seiner Interessen"},"content":{"rendered":"<div>\n<p>Unter den linken venezolanischen Pr\u00e4sidenten Hugo Ch\u00e1vez und Nicol\u00e1s Maduro hatte das s\u00fcdamerikanische Land in den letzten 25 Jahren zahlreiche langfristige Vertr\u00e4ge mit China geschlossen. Die Festnahme von Maduro Anfang dieses Jahres durch die USA setzte jedoch eine Z\u00e4sur in der Au\u00dfenpolitik des \u00f6lreichsten Landes der Welt. Am vergangenen Freitag verk\u00fcndete US-Pr\u00e4sident Donald Trump einen beispiellosen \u00d6l-Deal zwischen Washington und Caracas. Eine solche Entwicklung brachte nun die Regierung in Peking auf den Plan.<\/p>\n<p>An diesem Dienstag rief das chinesische Au\u00dfenministerium im Zusammenhang mit der Abmachung die Regierung der venezolanischen \u00dcbergangspr\u00e4sidentin Delcy Rodr\u00edguez dazu auf, das V\u00f6lkerrecht zu achten und die Interessen des asiatischen Landes zu respektieren. Die Nachrichtenagentur <em>Xinhua<\/em>\u00a0<a href=\"https:\/\/english.news.cn\/20260901\/11840545d15446c59f6a71dc8d074623\/c.html\" target=\"_blank\" rel=\"noopener noreferrer\">zitierte<\/a> den Sprecher der diplomatischen Beh\u00f6rde, Guo Jiakun, mit den Worten:<\/p>\n<blockquote>\n<p><em>&#8222;China hat immer die These verfochten, dass sich die Beziehungen zwischen den L\u00e4ndern nach den Zielen\u00a0und Grunds\u00e4tzen der Charta der Vereinten Nationen richten m\u00fcssen.&#8220;<\/em><\/p>\n<\/blockquote>\n<p>Auf die Frage, ob der \u00d6l-Deal zwischen den USA und Venezuela die chinesischen Investitionen in das s\u00fcdamerikanische Land beeintr\u00e4chtigen k\u00f6nnte, antwortete Guo, dass die handelswirtschaftliche Kooperation zwischen Peking und Caracas f\u00fcr beide Seiten von Vorteil sein sollte. Ihre bilaterale Zusammenarbeit werde sowohl vom V\u00f6lkerrecht als auch von den nationalen Gesetzgebungen gesch\u00fctzt.<\/p>\n<blockquote>\n<p><em>&#8222;Deswegen m\u00fcssen die legitimen Rechte und Interessen Chinas in Venezuela gew\u00e4hrleistet werden.&#8220;<\/em><\/p>\n<\/blockquote>\n<p>Obwohl Peking und Caracas in den vergangenen 25 Jahren zahlreiche langfristige Abkommen, darunter auch im \u00d6lbereich, signiert hatten, gab US-Pr\u00e4sident Trump nach der Milit\u00e4roperation gegen Venezuela und der Festnahme von Maduro in diesem Januar zu verstehen, dass die Handelsaktivit\u00e4ten Chinas und Russlands in dem s\u00fcdamerikanischen Land unerw\u00fcnscht seien.<\/p>\n<p>Am Freitagabend verk\u00fcndete der Republikaner, dass die USA sich die Kontrolle \u00fcber gro\u00dfe \u00d6lvorkommen in Venezuela gesichert h\u00e4tten. Den Deal bezeichnete er als &#8222;den gr\u00f6\u00dften in der Weltgeschichte&#8220;. Venezuelas \u00dcbergangschef Rodr\u00edguez versprach anschlie\u00dfend, dass ihr Land im Gegenzug langfristig profitieren werde \u2013 in Form von entstehenden Arbeitspl\u00e4tzen, Investitionen in die Infrastruktur und h\u00f6heren Staatseinnahmen.<\/p>\n<p><strong>Mehr zum Thema<\/strong>\u00a0\u2013 <a target=\"_blank\" rel=\"noopener noreferrer\" href=\"https:\/\/de-rtnews.com\/international\/290089-washington-zwingt-venezuela-zur-erstattung-seiner-kosten-fuer-die-invasion\/\">Washington zwingt Venezuela zur Erstattung seiner Kosten f\u00fcr die Invasion<\/a><\/p>\n<div class=\"EmbedBlock-root EmbedBlock-externalVideo EmbedBlock-rumble\">\n<div class=\"VkEmbed\"><iframe class=\"lazyload\" data-src=\"https:\/\/rumble.com\/embed\/v7ck84i\" frameborder=\"0\" width=\"853\" height=\"480\" allowfullscreen><\/iframe><\/div>\n<\/p><\/div>\n<\/div>","protected":false},"excerpt":{"rendered":"<p>Unter den linken venezolanischen Pr\u00e4sidenten Hugo Ch\u00e1vez und Nicol\u00e1s Maduro hatte das s\u00fcdamerikanische Land in den letzten 25 Jahren zahlreiche langfristige Vertr\u00e4ge mit China geschlossen. Die Festnahme von Maduro Anfang dieses Jahres durch die USA setzte jedoch eine Z\u00e4sur in der Au\u00dfenpolitik des \u00f6lreichsten Landes der Welt. Am vergangenen Freitag verk\u00fcndete US-Pr\u00e4sident Donald Trump einen [&hellip;]<\/p>\n","protected":false},"author":1,"featured_media":4846,"comment_status":"closed","ping_status":"closed","sticky":false,"template":"","format":"standard","meta":{"_gspb_post_css":"","_uag_custom_page_level_css":"","fifu_image_url":"","fifu_image_alt":"","footnotes":""},"categories":[5],"tags":[],"class_list":["post-20676","post","type-post","status-publish","format-standard","has-post-thumbnail","hentry","category-politik"],"blocksy_meta":{"styles_descriptor":{"styles":{"desktop":"","tablet":"","mobile":""},"google_fonts":[],"version":7}},"uagb_featured_image_src":{"full":["https:\/\/mleexelnfod5.i.optimole.com\/w:auto\/h:auto\/q:mauto\/f:best\/https:\/\/i2.wp.com\/meiser-tv.de\/wp-content\/uploads\/2026\/05\/RSS-Hintergrund.jpg?w=1920&fit=1920,1080&ssl=1",1920,1080,true],"thumbnail":["https:\/\/mleexelnfod5.i.optimole.com\/w:auto\/h:auto\/q:mauto\/f:best\/https:\/\/i2.wp.com\/meiser-tv.de\/wp-content\/uploads\/2026\/05\/RSS-Hintergrund.jpg?w=150&resize=150,150&ssl=1",150,150,true],"medium":["https:\/\/mleexelnfod5.i.optimole.com\/w:auto\/h:auto\/q:mauto\/f:best\/https:\/\/i2.wp.com\/meiser-tv.de\/wp-content\/uploads\/2026\/05\/RSS-Hintergrund.jpg?w=300&fit=300,300&ssl=1",300,300,true],"medium_large":["https:\/\/mleexelnfod5.i.optimole.com\/w:auto\/h:auto\/q:mauto\/f:best\/https:\/\/i2.wp.com\/meiser-tv.de\/wp-content\/uploads\/2026\/05\/RSS-Hintergrund.jpg?w=768&resize=768,0&ssl=1",768,0,true],"large":["https:\/\/mleexelnfod5.i.optimole.com\/w:auto\/h:auto\/q:mauto\/f:best\/https:\/\/i2.wp.com\/meiser-tv.de\/wp-content\/uploads\/2026\/05\/RSS-Hintergrund.jpg?w=1024&fit=1024,1024&ssl=1",1024,1024,true],"1536x1536":["https:\/\/mleexelnfod5.i.optimole.com\/w:auto\/h:auto\/q:mauto\/f:best\/https:\/\/i2.wp.com\/meiser-tv.de\/wp-content\/uploads\/2026\/05\/RSS-Hintergrund.jpg?w=1536&fit=1536,1536&ssl=1",1536,1536,true],"2048x2048":["https:\/\/mleexelnfod5.i.optimole.com\/w:auto\/h:auto\/q:mauto\/f:best\/https:\/\/i2.wp.com\/meiser-tv.de\/wp-content\/uploads\/2026\/05\/RSS-Hintergrund.jpg?w=2048&fit=2048,2048&ssl=1",2048,2048,true],"trp-custom-language-flag":["https:\/\/mleexelnfod5.i.optimole.com\/w:auto\/h:auto\/q:mauto\/f:best\/https:\/\/i2.wp.com\/meiser-tv.de\/wp-content\/uploads\/2026\/05\/RSS-Hintergrund.jpg?w=18&fit=18,12&ssl=1",18,12,true]},"uagb_author_info":{"display_name":"admin","author_link":"https:\/\/meiser-tv.de\/en\/author\/admin\/"},"uagb_comment_info":0,"uagb_excerpt":"Unter den linken venezolanischen Pr\u00e4sidenten Hugo Ch\u00e1vez und Nicol\u00e1s Maduro hatte das s\u00fcdamerikanische Land in den letzten 25 Jahren zahlreiche langfristige Vertr\u00e4ge mit China geschlossen. Die Festnahme von Maduro Anfang dieses Jahres durch die USA setzte jedoch eine Z\u00e4sur in der Au\u00dfenpolitik des \u00f6lreichsten Landes der Welt. Am vergangenen Freitag verk\u00fcndete US-Pr\u00e4sident Donald Trump einen&hellip;","_links":{"self":[{"href":"https:\/\/meiser-tv.de\/en\/wp-json\/wp\/v2\/posts\/20676","targetHints":{"allow":["GET"]}}],"collection":[{"href":"https:\/\/meiser-tv.de\/en\/wp-json\/wp\/v2\/posts"}],"about":[{"href":"https:\/\/meiser-tv.de\/en\/wp-json\/wp\/v2\/types\/post"}],"author":[{"embeddable":true,"href":"https:\/\/meiser-tv.de\/en\/wp-json\/wp\/v2\/users\/1"}],"replies":[{"embeddable":true,"href":"https:\/\/meiser-tv.de\/en\/wp-json\/wp\/v2\/comments?post=20676"}],"version-history":[{"count":0,"href":"https:\/\/meiser-tv.de\/en\/wp-json\/wp\/v2\/posts\/20676\/revisions"}],"wp:featuredmedia":[{"embeddable":true,"href":"https:\/\/meiser-tv.de\/en\/wp-json\/wp\/v2\/media\/4846"}],"wp:attachment":[{"href":"https:\/\/meiser-tv.de\/en\/wp-json\/wp\/v2\/media?parent=20676"}],"wp:term":[{"taxonomy":"category","embeddable":true,"href":"https:\/\/meiser-tv.de\/en\/wp-json\/wp\/v2\/categories?post=20676"},{"taxonomy":"post_tag","embeddable":true,"href":"https:\/\/meiser-tv.de\/en\/wp-json\/wp\/v2\/tags?post=20676"}],"curies":[{"name":"wp","href":"https:\/\/api.w.org\/{rel}","templated":true}]}}