{"id":20681,"date":"2026-09-02T22:03:38","date_gmt":"2026-09-02T20:03:38","guid":{"rendered":"https:\/\/meiser-tv.de\/politik\/vw-standort-in-zwickau-droht-2031-das-aus\/"},"modified":"2026-09-02T22:03:38","modified_gmt":"2026-09-02T20:03:38","slug":"vw-standort-in-zwickau-droht-2031-das-aus","status":"publish","type":"post","link":"https:\/\/meiser-tv.de\/en\/politik\/vw-standort-in-zwickau-droht-2031-das-aus\/","title":{"rendered":"VW-Standort in Zwickau droht 2031 das Aus"},"content":{"rendered":"<div>\n<p>F\u00fcr das Volkswagen-Werk in Zwickau zeichnet sich ein Produktionsende im Jahr 2031 ab. Nach einem Bericht der <em>Wirtschaftswoche<\/em> hat der VW-Vorstand einstimmig beschlossen, die Produktion in Zwickau zu diesem Zeitpunkt auslaufen zu lassen. Auch in Emden sollen demnach ab 2031 keine neuen Fahrzeuge mehr vom Band laufen.\u00a0F\u00fcr Hannover ist das Produktionsende dem Bericht zufolge f\u00fcr 2032 vorgesehen, f\u00fcr das Audi-Werk in Neckarsulm 2034.<\/p>\n<p>Die <em>Wirtschaftswoche<\/em> beruft sich auf ein Papier, mit dem die Entscheidung des Aufsichtsrats vorbereitet werden soll. Darin hei\u00dft es dem Magazin zufolge, die bisherigen Gesch\u00e4ftsmodelle und Strukturen reichten nicht mehr aus, &#8222;um die Wettbewerbsf\u00e4higkeit und Profitabilit\u00e4t des Volkswagen-Konzerns langfristig sicherzustellen&#8220;. Der Vorstand habe demnach das Konzept f\u00fcr die umfassende Transformation des Konzerns einstimmig beschlossen.<\/p>\n<p>Sachsens Ministerpr\u00e4sident Michael Kretschmer sieht das Aus f\u00fcr das Werk in Zwickau allerdings noch nicht besiegelt. Der CDU-Politiker sprach von bedr\u00fcckenden Ger\u00fcchten. Auch am Freitag werde es dazu im Aufsichtsrat keine Entscheidung geben. Wirtschaftsminister Dirk Panter erkl\u00e4rte, Sachsen stehe fest an der Seite der Besch\u00e4ftigten und werde f\u00fcr jeden Arbeitsplatz k\u00e4mpfen.<\/p>\n<p>Volkswagen selbst wollte den Bericht auf Anfrage der Nachrichtenagentur <em>AFP<\/em> nicht kommentieren. Ein Konzernsprecher sagte, man bitte um Verst\u00e4ndnis, &#8222;dass wir interne Unterlagen nicht kommentieren&#8220;. Diese w\u00fcrden in den zust\u00e4ndigen Gremien beraten und verabschiedet. &#8222;Diesem Prozess greifen wir nicht vor.&#8220;<\/p>\n<p><strong>Mehr zum Thema<\/strong>\u00a0\u2012 <a target=\"_blank\" rel=\"noopener noreferrer\" href=\"https:\/\/de-rtnews.com\/inland\/288891-chinesische-autos-erobern-europa-vw\/\">Chinesische Autos erobern Europa \u2013 VW ruft nach Sonderz\u00f6llen<\/a><\/p>\n<div class=\"EmbedBlock-root EmbedBlock-all\">\n<div class=\"AllEmbed\">\n                                                <script>!function(r,u,m,b,l,e){r._Rumble=b,r[b]||(r[b]=function(){(r[b]._=r[b]._||[]).push(arguments);if(r[b]._.length==1){l=u.createElement(m),e=u.getElementsByTagName(m)[0],l.async=1,l.src=\"https:\/\/rumble.com\/embedJS\/u4\"+(arguments[1].video?'.'+arguments[1].video:'')+\"\/?url=\"+encodeURIComponent(location.href)+\"&args=\"+encodeURIComponent(JSON.stringify([].slice.apply(arguments))),e.parentNode.insertBefore(l,e)}})}(window, document, \"script\", \"Rumble\");<\/script><\/p>\n<div id=\"rumble_v7cruyi\"><\/div>\n<p><script>\nRumble(\"play\", {\"video\":\"v7cruyi\",\"div\":\"rumble_v7cruyi\"});<\/script>\n                    <\/div>\n<\/p><\/div>\n<\/p>\n<\/div>\n","protected":false},"excerpt":{"rendered":"<p>F\u00fcr das Volkswagen-Werk in Zwickau zeichnet sich ein Produktionsende im Jahr 2031 ab. Nach einem Bericht der Wirtschaftswoche hat der VW-Vorstand einstimmig beschlossen, die Produktion in Zwickau zu diesem Zeitpunkt auslaufen zu lassen. Auch in Emden sollen demnach ab 2031 keine neuen Fahrzeuge mehr vom Band laufen.\u00a0F\u00fcr Hannover ist das Produktionsende dem Bericht zufolge f\u00fcr [&hellip;]<\/p>\n","protected":false},"author":1,"featured_media":4846,"comment_status":"closed","ping_status":"closed","sticky":false,"template":"","format":"standard","meta":{"_gspb_post_css":"","_uag_custom_page_level_css":"","fifu_image_url":"","fifu_image_alt":"","footnotes":""},"categories":[5],"tags":[],"class_list":["post-20681","post","type-post","status-publish","format-standard","has-post-thumbnail","hentry","category-politik"],"blocksy_meta":{"styles_descriptor":{"styles":{"desktop":"","tablet":"","mobile":""},"google_fonts":[],"version":7}},"uagb_featured_image_src":{"full":["https:\/\/mleexelnfod5.i.optimole.com\/w:auto\/h:auto\/q:mauto\/f:best\/https:\/\/i2.wp.com\/meiser-tv.de\/wp-content\/uploads\/2026\/05\/RSS-Hintergrund.jpg?w=1920&fit=1920,1080&ssl=1",1920,1080,true],"thumbnail":["https:\/\/mleexelnfod5.i.optimole.com\/w:auto\/h:auto\/q:mauto\/f:best\/https:\/\/i2.wp.com\/meiser-tv.de\/wp-content\/uploads\/2026\/05\/RSS-Hintergrund.jpg?w=150&resize=150,150&ssl=1",150,150,true],"medium":["https:\/\/mleexelnfod5.i.optimole.com\/w:auto\/h:auto\/q:mauto\/f:best\/https:\/\/i2.wp.com\/meiser-tv.de\/wp-content\/uploads\/2026\/05\/RSS-Hintergrund.jpg?w=300&fit=300,300&ssl=1",300,300,true],"medium_large":["https:\/\/mleexelnfod5.i.optimole.com\/w:auto\/h:auto\/q:mauto\/f:best\/https:\/\/i2.wp.com\/meiser-tv.de\/wp-content\/uploads\/2026\/05\/RSS-Hintergrund.jpg?w=768&resize=768,0&ssl=1",768,0,true],"large":["https:\/\/mleexelnfod5.i.optimole.com\/w:auto\/h:auto\/q:mauto\/f:best\/https:\/\/i2.wp.com\/meiser-tv.de\/wp-content\/uploads\/2026\/05\/RSS-Hintergrund.jpg?w=1024&fit=1024,1024&ssl=1",1024,1024,true],"1536x1536":["https:\/\/mleexelnfod5.i.optimole.com\/w:auto\/h:auto\/q:mauto\/f:best\/https:\/\/i2.wp.com\/meiser-tv.de\/wp-content\/uploads\/2026\/05\/RSS-Hintergrund.jpg?w=1536&fit=1536,1536&ssl=1",1536,1536,true],"2048x2048":["https:\/\/mleexelnfod5.i.optimole.com\/w:auto\/h:auto\/q:mauto\/f:best\/https:\/\/i2.wp.com\/meiser-tv.de\/wp-content\/uploads\/2026\/05\/RSS-Hintergrund.jpg?w=2048&fit=2048,2048&ssl=1",2048,2048,true],"trp-custom-language-flag":["https:\/\/mleexelnfod5.i.optimole.com\/w:auto\/h:auto\/q:mauto\/f:best\/https:\/\/i2.wp.com\/meiser-tv.de\/wp-content\/uploads\/2026\/05\/RSS-Hintergrund.jpg?w=18&fit=18,12&ssl=1",18,12,true]},"uagb_author_info":{"display_name":"admin","author_link":"https:\/\/meiser-tv.de\/en\/author\/admin\/"},"uagb_comment_info":0,"uagb_excerpt":"F\u00fcr das Volkswagen-Werk in Zwickau zeichnet sich ein Produktionsende im Jahr 2031 ab. Nach einem Bericht der Wirtschaftswoche hat der VW-Vorstand einstimmig beschlossen, die Produktion in Zwickau zu diesem Zeitpunkt auslaufen zu lassen. Auch in Emden sollen demnach ab 2031 keine neuen Fahrzeuge mehr vom Band laufen.\u00a0F\u00fcr Hannover ist das Produktionsende dem Bericht zufolge f\u00fcr&hellip;","_links":{"self":[{"href":"https:\/\/meiser-tv.de\/en\/wp-json\/wp\/v2\/posts\/20681","targetHints":{"allow":["GET"]}}],"collection":[{"href":"https:\/\/meiser-tv.de\/en\/wp-json\/wp\/v2\/posts"}],"about":[{"href":"https:\/\/meiser-tv.de\/en\/wp-json\/wp\/v2\/types\/post"}],"author":[{"embeddable":true,"href":"https:\/\/meiser-tv.de\/en\/wp-json\/wp\/v2\/users\/1"}],"replies":[{"embeddable":true,"href":"https:\/\/meiser-tv.de\/en\/wp-json\/wp\/v2\/comments?post=20681"}],"version-history":[{"count":0,"href":"https:\/\/meiser-tv.de\/en\/wp-json\/wp\/v2\/posts\/20681\/revisions"}],"wp:featuredmedia":[{"embeddable":true,"href":"https:\/\/meiser-tv.de\/en\/wp-json\/wp\/v2\/media\/4846"}],"wp:attachment":[{"href":"https:\/\/meiser-tv.de\/en\/wp-json\/wp\/v2\/media?parent=20681"}],"wp:term":[{"taxonomy":"category","embeddable":true,"href":"https:\/\/meiser-tv.de\/en\/wp-json\/wp\/v2\/categories?post=20681"},{"taxonomy":"post_tag","embeddable":true,"href":"https:\/\/meiser-tv.de\/en\/wp-json\/wp\/v2\/tags?post=20681"}],"curies":[{"name":"wp","href":"https:\/\/api.w.org\/{rel}","templated":true}]}}