{"id":20683,"date":"2026-09-02T22:03:39","date_gmt":"2026-09-02T20:03:39","guid":{"rendered":"https:\/\/meiser-tv.de\/politik\/so-viel-interesse-an-rt-de-schweizer-medien-machen-daraus-eine-podiumsdiskussion\/"},"modified":"2026-09-02T22:03:39","modified_gmt":"2026-09-02T20:03:39","slug":"so-viel-interesse-an-rt-de-schweizer-medien-machen-daraus-eine-podiumsdiskussion","status":"publish","type":"post","link":"https:\/\/meiser-tv.de\/en\/politik\/so-viel-interesse-an-rt-de-schweizer-medien-machen-daraus-eine-podiumsdiskussion\/","title":{"rendered":"So viel Interesse an &#8222;RT DE&#8220;: Schweizer Medien machen daraus eine Podiumsdiskussion"},"content":{"rendered":"<div>\n<p><em>Von Hans-Ueli L\u00e4ppli<\/em><\/p>\n<p><strong><\/strong>Es gibt Themen, die lassen die Schweizer Medien einfach nicht los. <em>RT DE<\/em> geh\u00f6rt offenbar inzwischen dazu. Am 14. September l\u00e4dt das links-progressive Online-Magazin <em>Republik<\/em> in Z\u00fcrich zu einer Podiumsdiskussion \u00fcber &#8222;<a target=\"_blank\" rel=\"noopener noreferrer\" href=\"https:\/\/www.republik.ch\/veranstaltungen\/russische-desinformation-und-die-schweizer-neutralitat\">Russische Desinformation und die Schweizer Neutralit\u00e4t<\/a>&#8222;.<\/p>\n<p>Unter der Moderation von Bundeshausredakteurin Priscilla Imboden sollen ausgew\u00e4hlte &#8222;Russland-ExpertInnen&#8220; dar\u00fcber diskutieren, wie Russland angeblich versucht, die politische Debatte in der Schweiz zu beeinflussen \u2013 und welche Rolle Medien wie <em>RT DE<\/em> dabei spielen.<\/p>\n<p>Die politische Richtung des Abends ist dabei bereits in der Ank\u00fcndigung erkennbar. Russland wird als Akteur dargestellt, der demokratische Gesellschaften schw\u00e4chen wolle und sich in den Abstimmungskampf \u00fcber die Neutralit\u00e4tsinitiative einmische. Kritische Stimmen gegen\u00fcber der vorherrschenden Schweizer Russland- und Ukraine-Politik d\u00fcrften es auf diesem Podium entsprechend schwer haben.<\/p>\n<p><strong>Go Woke, Go Broke<\/strong><\/p>\n<p>Auff\u00e4llig ist allerdings, dass ausgerechnet die <em>Republik<\/em>\u00a0<em>RT DE<\/em> eine solche Aufmerksamkeit schenkt.<\/p>\n<p>Denn die <em>Republik<\/em> steht beispielhaft f\u00fcr ein progressives, woke-gepr\u00e4gtes Medienmodell, das zunehmend um seine gesellschaftliche und wirtschaftliche Relevanz k\u00e4mpfen muss. Umwelt- und Klimathemen, Wokeness, moralische Deutungshoheit sowie ein starkes Dauerfeuer gegen AfD und SVP geh\u00f6ren zum festen politischen Deutungsrahmen solcher Medien. Die Botschaft lautet dabei nicht selten: Wir kennen die richtige Haltung \u2013 und wer informiert sein will, sollte uns lesen.<\/p>\n<p>Doch dieses Gesch\u00e4ftsmodell scheint an Grenzen zu sto\u00dfen. Sinkende Abonnentenzahlen, hohe Verluste und negatives Eigenkapital zeigen, dass politische Haltung allein noch kein tragf\u00e4higes Medienmodell ergibt. Zwar konnte die <em>Republik<\/em> 2024\/25 wieder einen Gewinn ausweisen, gleichzeitig blieb das Eigenkapital mit rund 1,7 Millionen Franken negativ.<\/p>\n<p>Kurz gesagt: Progressive Medien k\u00e4mpfen zunehmend um Aufmerksamkeit und Relevanz, w\u00e4hrend sie gleichzeitig anderen Medien wie <em>RT DE<\/em> erkl\u00e4ren, was &#8222;Desinformation&#8220; ist. Eine kritische Analyse der eigenen Medienblase w\u00e4re dabei mindestens ebenso interessant. Wer analysiert eigentlich wen?<\/p>\n<p>Nat\u00fcrlich ist es legitim, <em>RT DE<\/em> kritisch zu untersuchen, doch eine ernsthafte Debatte \u00fcber Desinformation sollte in beide Richtungen schauen.<\/p>\n<p>Die Arbeit des Senders ist inzwischen so gro\u00df, dass die <em>Republik<\/em>\u00a0ihm gleich einen eigenen Podiumsabend widmet.<\/p>\n<p>Dabei wird <em>RT DE<\/em> erneut als Teil einer russischen Desinformationskampagne dargestellt. Was dabei gerne ausgeblendet wird, ist die Tatsache, dass <em>RT DE<\/em> eine alternative Perspektive auf internationale Politik bietet und Themen aufgreift, die in westlichen Medien h\u00e4ufig anders oder gar nicht dargestellt werden.<\/p>\n<p>Gerade deshalb ist die Aufmerksamkeit der <em>Republik<\/em> interessant. Wer <em>RT DE<\/em> kritisieren will, sollte sich mit seinen tats\u00e4chlichen Inhalten auseinandersetzen und nicht jede vom westlichen Mainstream abweichende Sichtweise automatisch als Propaganda abstempeln.<\/p>\n<figure class=\"RTImage-root\">\n<div class=\"RTImage-image RTImage-original\"><picture class=\"Picture-root Picture-original\"><!--[if IE 9]><video style=\"display: none;\"><![endif]--><source media=\"(-webkit-min-device-pixel-ratio: 2) and (min-resolution: 120dpi)\" data-srcset=\" \nhttps:\/\/meiser-tv.de\/wp-content\/uploads\/2026\/09\/6a98045d48fbef22811b84e7.png 850w,\n                https:\/\/mleexelnfod5.i.optimole.com\/cb:jw7W.d1a\/w:auto\/h:auto\/q:mauto\/f:best\/https:\/\/meiser-tv.de\/wp-content\/uploads\/2026\/09\/6a98045d48fbef22811b84e7.png 1960w,            \" srcset=\"data:image\/png;base64,iVBORw0KGgoAAAANSUhEUgAAABAAAAAJCAQAAACRI2S5AAAAEElEQVR42mNkIAAYRxWAAQAG9gAKqv6+AwAAAABJRU5ErkJggg==\"><source data-srcset=\" \nhttps:\/\/meiser-tv.de\/wp-content\/uploads\/2026\/09\/6a98045d48fbef22811b84e7.png 460w,\n              https:\/\/mleexelnfod5.i.optimole.com\/cb:jw7W.d1a\/w:auto\/h:auto\/q:mauto\/f:best\/https:\/\/meiser-tv.de\/wp-content\/uploads\/2026\/09\/6a98045d48fbef22811b84e7.png 980w,\n            \" srcset=\"data:image\/png;base64,iVBORw0KGgoAAAANSUhEUgAAABAAAAAJCAQAAACRI2S5AAAAEElEQVR42mNkIAAYRxWAAQAG9gAKqv6+AwAAAABJRU5ErkJggg==\"><!--[if IE 9]><\/video><![endif]--><\/picture><!-- noscript pattern --><noscript><\/noscript><\/div><figcaption class=\"RTImage-footer\"><span class=\"RTImage-caption\"><\/span><span class=\"RTImage-source\"><a class=\"RTImage-captionItem Link-root\" target=\"_blank\" rel=\"noopener noreferrer\" href=\"https:\/\/www.republik.ch\/veranstaltungen\/russische-desinformation-und-die-schweizer-neutralitat\">Printscreen Republik<\/a><\/span><\/figcaption><\/figure>\n<p><em>RT DE<\/em> entfaltet jedenfalls gen\u00fcgend Wirkung, um selbst bei seinen sch\u00e4rfsten Kritikern <a href=\"https:\/\/www.republik.ch\/veranstaltungen\/russische-desinformation-und-die-schweizer-neutralitat\" target=\"_blank\" rel=\"noopener noreferrer\">einen eigenen Abend zu bekommen<\/a> \u2013 nat\u00fcrlich in stilgerechter woker Atmosph\u00e4re: Meditationsmatten statt Redaktionsst\u00fchle, Klangschalen statt Argumente und sanfte Atem\u00fcbungen zur gemeinsamen Verarbeitung der n\u00e4chsten <em>RT<\/em>-Schlagzeile.<\/p>\n<p><strong>Mehr zum Thema<\/strong>\u00a0\u2013 <a target=\"_blank\" rel=\"noopener noreferrer\" href=\"https:\/\/de-rtnews.com\/schweiz\/290222-anti-tagi-putin-derangement-syndrom\/\">Anti-Tagi: Medien-Watchdog mit Biss \u2013 heute: NZZ-Russland-L\u00fcgen, Blick-Hysterie, SRF-AfD-Bashing<\/a><\/p>\n<div class=\"EmbedBlock-root EmbedBlock-externalVideo EmbedBlock-rumble\">\n<div class=\"VkEmbed\"><iframe class=\"lazyload\" data-src=\"https:\/\/rumble.com\/embed\/v740oci\" frameborder=\"0\" width=\"853\" height=\"480\" allowfullscreen><\/iframe><\/div>\n<\/p><\/div>\n<\/p>\n<\/div>\n","protected":false},"excerpt":{"rendered":"<p>Von Hans-Ueli L\u00e4ppli Es gibt Themen, die lassen die Schweizer Medien einfach nicht los. RT DE geh\u00f6rt offenbar inzwischen dazu. Am 14. September l\u00e4dt das links-progressive Online-Magazin Republik in Z\u00fcrich zu einer Podiumsdiskussion \u00fcber &#8222;Russische Desinformation und die Schweizer Neutralit\u00e4t&#8222;. Unter der Moderation von Bundeshausredakteurin Priscilla Imboden sollen ausgew\u00e4hlte &#8222;Russland-ExpertInnen&#8220; dar\u00fcber diskutieren, wie Russland angeblich [&hellip;]<\/p>\n","protected":false},"author":1,"featured_media":20684,"comment_status":"closed","ping_status":"closed","sticky":false,"template":"","format":"standard","meta":{"_gspb_post_css":"","_uag_custom_page_level_css":"","fifu_image_url":"","fifu_image_alt":"","footnotes":""},"categories":[5],"tags":[],"class_list":["post-20683","post","type-post","status-publish","format-standard","has-post-thumbnail","hentry","category-politik"],"blocksy_meta":{"styles_descriptor":{"styles":{"desktop":"","tablet":"","mobile":""},"google_fonts":[],"version":7}},"uagb_featured_image_src":{"full":["https:\/\/mleexelnfod5.i.optimole.com\/cb:jw7W.d1a\/w:auto\/h:auto\/q:mauto\/f:best\/https:\/\/meiser-tv.de\/wp-content\/uploads\/2026\/09\/6a98045d48fbef22811b84e7.png",1678,398,false],"thumbnail":["https:\/\/mleexelnfod5.i.optimole.com\/cb:jw7W.d1a\/w:150\/h:150\/q:mauto\/rt:fill\/g:ce\/f:best\/https:\/\/meiser-tv.de\/wp-content\/uploads\/2026\/09\/6a98045d48fbef22811b84e7.png",150,150,true],"medium":["https:\/\/mleexelnfod5.i.optimole.com\/cb:jw7W.d1a\/w:300\/h:71\/q:mauto\/f:best\/https:\/\/meiser-tv.de\/wp-content\/uploads\/2026\/09\/6a98045d48fbef22811b84e7.png",300,71,true],"medium_large":["https:\/\/mleexelnfod5.i.optimole.com\/cb:jw7W.d1a\/w:768\/h:182\/q:mauto\/f:best\/https:\/\/meiser-tv.de\/wp-content\/uploads\/2026\/09\/6a98045d48fbef22811b84e7.png",768,182,true],"large":["https:\/\/mleexelnfod5.i.optimole.com\/cb:jw7W.d1a\/w:1024\/h:243\/q:mauto\/f:best\/https:\/\/meiser-tv.de\/wp-content\/uploads\/2026\/09\/6a98045d48fbef22811b84e7.png",1024,243,true],"1536x1536":["https:\/\/mleexelnfod5.i.optimole.com\/cb:jw7W.d1a\/w:1536\/h:364\/q:mauto\/f:best\/https:\/\/meiser-tv.de\/wp-content\/uploads\/2026\/09\/6a98045d48fbef22811b84e7.png",1536,364,true],"2048x2048":["https:\/\/mleexelnfod5.i.optimole.com\/cb:jw7W.d1a\/w:auto\/h:auto\/q:mauto\/f:best\/https:\/\/meiser-tv.de\/wp-content\/uploads\/2026\/09\/6a98045d48fbef22811b84e7.png",1678,398,false],"trp-custom-language-flag":["https:\/\/mleexelnfod5.i.optimole.com\/cb:jw7W.d1a\/w:18\/h:4\/q:mauto\/f:best\/dpr:2\/https:\/\/meiser-tv.de\/wp-content\/uploads\/2026\/09\/6a98045d48fbef22811b84e7.png",18,4,true]},"uagb_author_info":{"display_name":"admin","author_link":"https:\/\/meiser-tv.de\/en\/author\/admin\/"},"uagb_comment_info":0,"uagb_excerpt":"Von Hans-Ueli L\u00e4ppli Es gibt Themen, die lassen die Schweizer Medien einfach nicht los. RT DE geh\u00f6rt offenbar inzwischen dazu. Am 14. September l\u00e4dt das links-progressive Online-Magazin Republik in Z\u00fcrich zu einer Podiumsdiskussion \u00fcber &#8222;Russische Desinformation und die Schweizer Neutralit\u00e4t&#8222;. Unter der Moderation von Bundeshausredakteurin Priscilla Imboden sollen ausgew\u00e4hlte &#8222;Russland-ExpertInnen&#8220; dar\u00fcber diskutieren, wie Russland angeblich&hellip;","_links":{"self":[{"href":"https:\/\/meiser-tv.de\/en\/wp-json\/wp\/v2\/posts\/20683","targetHints":{"allow":["GET"]}}],"collection":[{"href":"https:\/\/meiser-tv.de\/en\/wp-json\/wp\/v2\/posts"}],"about":[{"href":"https:\/\/meiser-tv.de\/en\/wp-json\/wp\/v2\/types\/post"}],"author":[{"embeddable":true,"href":"https:\/\/meiser-tv.de\/en\/wp-json\/wp\/v2\/users\/1"}],"replies":[{"embeddable":true,"href":"https:\/\/meiser-tv.de\/en\/wp-json\/wp\/v2\/comments?post=20683"}],"version-history":[{"count":0,"href":"https:\/\/meiser-tv.de\/en\/wp-json\/wp\/v2\/posts\/20683\/revisions"}],"wp:featuredmedia":[{"embeddable":true,"href":"https:\/\/meiser-tv.de\/en\/wp-json\/wp\/v2\/media\/20684"}],"wp:attachment":[{"href":"https:\/\/meiser-tv.de\/en\/wp-json\/wp\/v2\/media?parent=20683"}],"wp:term":[{"taxonomy":"category","embeddable":true,"href":"https:\/\/meiser-tv.de\/en\/wp-json\/wp\/v2\/categories?post=20683"},{"taxonomy":"post_tag","embeddable":true,"href":"https:\/\/meiser-tv.de\/en\/wp-json\/wp\/v2\/tags?post=20683"}],"curies":[{"name":"wp","href":"https:\/\/api.w.org\/{rel}","templated":true}]}}