{"id":20687,"date":"2026-09-02T23:03:03","date_gmt":"2026-09-02T21:03:03","guid":{"rendered":"https:\/\/meiser-tv.de\/politik\/ukraine-hilfe-eu-prueft-antrag-auf-finanzierung-von-patriot-raketen\/"},"modified":"2026-09-02T23:03:03","modified_gmt":"2026-09-02T21:03:03","slug":"ukraine-hilfe-eu-prueft-antrag-auf-finanzierung-von-patriot-raketen","status":"publish","type":"post","link":"https:\/\/meiser-tv.de\/en\/politik\/ukraine-hilfe-eu-prueft-antrag-auf-finanzierung-von-patriot-raketen\/","title":{"rendered":"Ukraine-Hilfe: EU pr\u00fcft Antrag auf Finanzierung von Patriot-Raketen"},"content":{"rendered":"<div>\n<p>Die Pr\u00e4sidentin der Europ\u00e4ischen Kommission, Ursula von der Leyen, erkl\u00e4rte, die Ukraine habe einen Antrag auf &#8222;mehrere Milliarden Euro&#8220; f\u00fcr Ausgaben zur Luftverteidigung gestellt. Nach einem Treffen mit NATO-Generalsekret\u00e4r Mark Rutte am Mittwoch in Br\u00fcssel <a href=\"https:\/\/germany.representation.ec.europa.eu\/nachrichten-und-veranstaltungen\/pressemitteilungen\/kommissionsprasidentin-von-der-leyen-trifft-nato-generalsekretar-rutte-2026-09-02_de#:~:text=Unterst%C3%BCtzung%20f%C3%BCr%20die,richtige%20Richtung%20geht.%E2%80%9C\" target=\"_blank\" rel=\"noopener noreferrer\">sagte<\/a> die Kommissionschefin:<\/p>\n<blockquote>\n<p><em>&#8222;Ich kann heute best\u00e4tigen, dass wir einen neuen Zahlungsantrag erhalten haben. Er bel\u00e4uft sich auf mehrere Milliarden Euro und w\u00fcrde die Luftabwehr der Ukraine abdecken, einschlie\u00dflich der hochmodernen PAC-3-Patriot-Luftabwehrsysteme.&#8220;<\/em><\/p>\n<\/blockquote>\n<p>Von der Leyen f\u00fcgte hinzu, dass die EU-Mitgliedstaaten den Antrag derzeit pr\u00fcften und dass er in die richtige Richtung gehe.<\/p>\n<p>Sie teilte zudem mit, dass in Europa jetzt gemeinsam mit der Ukraine am Projekt FREYA gearbeitet werde, das darauf abzielt, ein eigenes europ\u00e4isches Raketenabwehrsystem aufzubauen.<\/p>\n<p>Von der Leyen erg\u00e4nzte, all dies komme zus\u00e4tzlich zu dem bereits laufenden Unterst\u00fctzungskredit f\u00fcr die Ukraine in H\u00f6he von 90 Milliarden Euro hinzu, aus dem die EU der Ukraine seit Juni bereits rund 8,5 Milliarden Euro f\u00fcr den Kauf von Drohnen und Raketen ausgezahlt hat. Die Mittel sollten k\u00fcnftig auch f\u00fcr den Erwerb von Kampfjets europ\u00e4ischer Produktion verwendet werden.<\/p>\n<p>Zuvor hatte die Europ\u00e4ische Kommission anl\u00e4sslich des 35. Jahrestags der ukrainischen Unabh\u00e4ngigkeit betont, der Ukraine und ihrer Bev\u00f6lkerung sei seit Kriegsbeginn eine beispiellose humanit\u00e4re, finanzielle und milit\u00e4rische Hilfe zuteilgeworden. Auf der offiziellen Webseite der Kommission <a href=\"https:\/\/commission.europa.eu\/news-and-media\/news\/eu-reaffirms-solidarity-ukraine-35th-anniversary-regained-independence-2026-08-24_en\" target=\"_blank\" rel=\"noopener noreferrer\">hie\u00df<\/a> es, dass sich der Gesamtumfang dieser Unterst\u00fctzung mittlerweile auf 220,2 Milliarden Euro belaufe.<\/p>\n<p><strong>Mehr zum Thema\u00a0<\/strong>\u2013 <a target=\"_blank\" rel=\"noopener noreferrer\" href=\"https:\/\/de-rtnews.com\/europa\/289366-wegen-mangel-an-patriot-raketen\/\">Wegen Mangel an Patriot-Raketen: Ukraine ersucht Musk um Freigabe von Starlink-Drohne<\/a><\/p>\n<div class=\"EmbedBlock-root EmbedBlock-externalVideo EmbedBlock-rumble\">\n<div class=\"VkEmbed\"><iframe class=\"lazyload\" data-src=\"https:\/\/rumble.com\/embed\/v7crg38\" frameborder=\"0\" width=\"853\" height=\"480\" allowfullscreen><\/iframe><\/div>\n<\/p><\/div>\n<\/div>","protected":false},"excerpt":{"rendered":"<p>Die Pr\u00e4sidentin der Europ\u00e4ischen Kommission, Ursula von der Leyen, erkl\u00e4rte, die Ukraine habe einen Antrag auf &#8222;mehrere Milliarden Euro&#8220; f\u00fcr Ausgaben zur Luftverteidigung gestellt. Nach einem Treffen mit NATO-Generalsekret\u00e4r Mark Rutte am Mittwoch in Br\u00fcssel sagte die Kommissionschefin: &#8222;Ich kann heute best\u00e4tigen, dass wir einen neuen Zahlungsantrag erhalten haben. Er bel\u00e4uft sich auf mehrere Milliarden [&hellip;]<\/p>\n","protected":false},"author":1,"featured_media":4846,"comment_status":"closed","ping_status":"closed","sticky":false,"template":"","format":"standard","meta":{"_gspb_post_css":"","_uag_custom_page_level_css":"","fifu_image_url":"","fifu_image_alt":"","footnotes":""},"categories":[5],"tags":[],"class_list":["post-20687","post","type-post","status-publish","format-standard","has-post-thumbnail","hentry","category-politik"],"blocksy_meta":{"styles_descriptor":{"styles":{"desktop":"","tablet":"","mobile":""},"google_fonts":[],"version":7}},"uagb_featured_image_src":{"full":["https:\/\/mleexelnfod5.i.optimole.com\/w:auto\/h:auto\/q:mauto\/f:best\/https:\/\/i2.wp.com\/meiser-tv.de\/wp-content\/uploads\/2026\/05\/RSS-Hintergrund.jpg?w=1920&fit=1920,1080&ssl=1",1920,1080,true],"thumbnail":["https:\/\/mleexelnfod5.i.optimole.com\/w:auto\/h:auto\/q:mauto\/f:best\/https:\/\/i2.wp.com\/meiser-tv.de\/wp-content\/uploads\/2026\/05\/RSS-Hintergrund.jpg?w=150&resize=150,150&ssl=1",150,150,true],"medium":["https:\/\/mleexelnfod5.i.optimole.com\/w:auto\/h:auto\/q:mauto\/f:best\/https:\/\/i2.wp.com\/meiser-tv.de\/wp-content\/uploads\/2026\/05\/RSS-Hintergrund.jpg?w=300&fit=300,300&ssl=1",300,300,true],"medium_large":["https:\/\/mleexelnfod5.i.optimole.com\/w:auto\/h:auto\/q:mauto\/f:best\/https:\/\/i2.wp.com\/meiser-tv.de\/wp-content\/uploads\/2026\/05\/RSS-Hintergrund.jpg?w=768&resize=768,0&ssl=1",768,0,true],"large":["https:\/\/mleexelnfod5.i.optimole.com\/w:auto\/h:auto\/q:mauto\/f:best\/https:\/\/i2.wp.com\/meiser-tv.de\/wp-content\/uploads\/2026\/05\/RSS-Hintergrund.jpg?w=1024&fit=1024,1024&ssl=1",1024,1024,true],"1536x1536":["https:\/\/mleexelnfod5.i.optimole.com\/w:auto\/h:auto\/q:mauto\/f:best\/https:\/\/i2.wp.com\/meiser-tv.de\/wp-content\/uploads\/2026\/05\/RSS-Hintergrund.jpg?w=1536&fit=1536,1536&ssl=1",1536,1536,true],"2048x2048":["https:\/\/mleexelnfod5.i.optimole.com\/w:auto\/h:auto\/q:mauto\/f:best\/https:\/\/i2.wp.com\/meiser-tv.de\/wp-content\/uploads\/2026\/05\/RSS-Hintergrund.jpg?w=2048&fit=2048,2048&ssl=1",2048,2048,true],"trp-custom-language-flag":["https:\/\/mleexelnfod5.i.optimole.com\/w:auto\/h:auto\/q:mauto\/f:best\/https:\/\/i2.wp.com\/meiser-tv.de\/wp-content\/uploads\/2026\/05\/RSS-Hintergrund.jpg?w=18&fit=18,12&ssl=1",18,12,true]},"uagb_author_info":{"display_name":"admin","author_link":"https:\/\/meiser-tv.de\/en\/author\/admin\/"},"uagb_comment_info":0,"uagb_excerpt":"Die Pr\u00e4sidentin der Europ\u00e4ischen Kommission, Ursula von der Leyen, erkl\u00e4rte, die Ukraine habe einen Antrag auf &#8222;mehrere Milliarden Euro&#8220; f\u00fcr Ausgaben zur Luftverteidigung gestellt. Nach einem Treffen mit NATO-Generalsekret\u00e4r Mark Rutte am Mittwoch in Br\u00fcssel sagte die Kommissionschefin: &#8222;Ich kann heute best\u00e4tigen, dass wir einen neuen Zahlungsantrag erhalten haben. Er bel\u00e4uft sich auf mehrere Milliarden&hellip;","_links":{"self":[{"href":"https:\/\/meiser-tv.de\/en\/wp-json\/wp\/v2\/posts\/20687","targetHints":{"allow":["GET"]}}],"collection":[{"href":"https:\/\/meiser-tv.de\/en\/wp-json\/wp\/v2\/posts"}],"about":[{"href":"https:\/\/meiser-tv.de\/en\/wp-json\/wp\/v2\/types\/post"}],"author":[{"embeddable":true,"href":"https:\/\/meiser-tv.de\/en\/wp-json\/wp\/v2\/users\/1"}],"replies":[{"embeddable":true,"href":"https:\/\/meiser-tv.de\/en\/wp-json\/wp\/v2\/comments?post=20687"}],"version-history":[{"count":0,"href":"https:\/\/meiser-tv.de\/en\/wp-json\/wp\/v2\/posts\/20687\/revisions"}],"wp:featuredmedia":[{"embeddable":true,"href":"https:\/\/meiser-tv.de\/en\/wp-json\/wp\/v2\/media\/4846"}],"wp:attachment":[{"href":"https:\/\/meiser-tv.de\/en\/wp-json\/wp\/v2\/media?parent=20687"}],"wp:term":[{"taxonomy":"category","embeddable":true,"href":"https:\/\/meiser-tv.de\/en\/wp-json\/wp\/v2\/categories?post=20687"},{"taxonomy":"post_tag","embeddable":true,"href":"https:\/\/meiser-tv.de\/en\/wp-json\/wp\/v2\/tags?post=20687"}],"curies":[{"name":"wp","href":"https:\/\/api.w.org\/{rel}","templated":true}]}}