{"id":20691,"date":"2026-09-03T02:02:03","date_gmt":"2026-09-03T00:02:03","guid":{"rendered":"https:\/\/meiser-tv.de\/wirtschaft\/vw-aktie-fliegt-aus-euro-stoxx-50-was-anleger-jetzt-wissen-muessen-38195550-html-2\/"},"modified":"2026-09-03T02:02:03","modified_gmt":"2026-09-03T00:02:03","slug":"vw-aktie-fliegt-aus-euro-stoxx-50-was-anleger-jetzt-wissen-muessen-38195550-html-2","status":"publish","type":"post","link":"https:\/\/meiser-tv.de\/en\/wirtschaft\/vw-aktie-fliegt-aus-euro-stoxx-50-was-anleger-jetzt-wissen-muessen-38195550-html-2\/","title":{"rendered":"Autokrise: VW-Aktie fliegt aus dem Euro Stoxx 50"},"content":{"rendered":"<div>\n<div>\n<div class=\"rtf-content-wrapper\">\n<p>Weiterer Tiefschlag f\u00fcr den Autokonzern VW: Die Aktie fliegt aus dem wichtigen Euro Stoxx 50-Index. Nachr\u00fccker ist ein Unternehmen, das eigentlich schon am Ende war<\/p>\n<\/div>\n<div class=\"rtf-content-wrapper\">\n<p>Als die Herren-Fu\u00dfballmannschaft des VfL Wolfsburg Ende Mai ihr Relegationsspiel gegen den SC Paderborn verlor, schien der daraus folgende Abstieg aus der Bundesliga wie ein Menetekel f\u00fcr den Volkswagen-Konzern. Dieser beherrscht den Fu\u00dfball-Club &#8211; und k\u00e4mpft nun selbst mit dem Abstieg an der B\u00f6rse.\u00a0<\/p>\n<p>Die Aktie des Wolfsburger Konzerns fliegt mit Wirkung zum 21. September aus dem Euro Stoxx 50-Index, wie der im Schweizer Zug beheimatete Indexanbieter ISS Stoxx mitteilte in der Nacht zu Mittwoch mitteilte. Der Euro Stoxx 50 ist das wichtigste B\u00f6rsenbarometer der Eurozone. ISS Stoxx ist ein Tochterunternehmen der Deutschen B\u00f6rse und betreut vom Schweizer Steuerparadies aus neben den Stoxx-Indizes unter anderem auch die Dax-Familie.<\/p>\n<h2>Auswirkungen auf ETFs<\/h2>\n<p>Volkswagen, das den Anspruch hat, einer der weltgr\u00f6\u00dften Autohersteller zu sein, wird somit nicht mehr zu den 50 gr\u00f6\u00dften b\u00f6rsennotierten Konzernen der Eurozone gez\u00e4hlt. Die Mitgliedschaft in dem Leitindex, auf den viele ETFs aufgelegt sind, richtet sich nach der Marktkapitalisierung des Streubesitzes. Hier bringt VW gerade noch 18 Milliarden Euro auf die Waage, insbesondere durch die stimmrechtslosen Vorzugsaktien.\u00a0<\/p>\n<\/p>\n<p>Die mit Stimmrechten ausgestatteten Stammaktien gehen gr\u00f6\u00dftenteils nicht in den Streubesitz ein, weil sie von den Familien Porsche\/Piech (\u00fcber die Porsche Automobilholding), dem Land Niedersachsen und Katar kontrolliert werden.\u00a0<\/p>\n<h2><strong>Drastischer Kurssturz bei VW-Aktie<\/strong><\/h2>\n<p>Aktuell kostet die auch im Dax enthaltene VW-Vorzugsaktie knapp 75 Euro und hat allein im laufenden Jahr fast 30 Prozent an Wert eingeb\u00fc\u00dft. Vor f\u00fcnf Jahren kostete die Aktie noch rund 280 Euro, dementsprechend betrug der Streubesitz grob gesch\u00e4tzt rund 65 Milliarden Euro. Ein Abstieg aus dem Dax droht Volkswagen aktuell nicht, aber hier rangiert die Aktie auch nur noch im Mittelfeld.<\/p>\n<p>Im Euro Stoxx 50 r\u00fcckt die Aktie von Nokia f\u00fcr VW nach, was den Wolfsburgern Fu\u00dfballern wie auch dem dort beheimateten Autokonzern etwas Hoffnung machen kann. Die Finnen waren nach dem Aus ihres Handygesch\u00e4fts fast am Ende, haben den Konzern jedoch umgemodelt und sich erholt. Ein Wiederaufstieg ist also m\u00f6glich.<\/p>\n<\/div>\n<\/div>\n<\/div>","protected":false},"excerpt":{"rendered":"<div>Weiterer Tiefschlag f\u00fcr den Autokonzern VW: Die Aktie fliegt aus dem wichtigen Euro Stoxx 50-Index. Nachr\u00fccker ist ein Unternehmen, das eigentlich schon am Ende war<\/div>","protected":false},"author":1,"featured_media":4846,"comment_status":"closed","ping_status":"closed","sticky":false,"template":"","format":"standard","meta":{"_gspb_post_css":"","_uag_custom_page_level_css":"","fifu_image_url":"","fifu_image_alt":"","footnotes":""},"categories":[15],"tags":[],"class_list":["post-20691","post","type-post","status-publish","format-standard","has-post-thumbnail","hentry","category-wirtschaft"],"blocksy_meta":{"styles_descriptor":{"styles":{"desktop":"","tablet":"","mobile":""},"google_fonts":[],"version":7}},"uagb_featured_image_src":{"full":["https:\/\/mleexelnfod5.i.optimole.com\/w:auto\/h:auto\/q:mauto\/f:best\/https:\/\/i2.wp.com\/meiser-tv.de\/wp-content\/uploads\/2026\/05\/RSS-Hintergrund.jpg?w=1920&fit=1920,1080&ssl=1",1920,1080,true],"thumbnail":["https:\/\/mleexelnfod5.i.optimole.com\/w:auto\/h:auto\/q:mauto\/f:best\/https:\/\/i2.wp.com\/meiser-tv.de\/wp-content\/uploads\/2026\/05\/RSS-Hintergrund.jpg?w=150&resize=150,150&ssl=1",150,150,true],"medium":["https:\/\/mleexelnfod5.i.optimole.com\/w:auto\/h:auto\/q:mauto\/f:best\/https:\/\/i2.wp.com\/meiser-tv.de\/wp-content\/uploads\/2026\/05\/RSS-Hintergrund.jpg?w=300&fit=300,300&ssl=1",300,300,true],"medium_large":["https:\/\/mleexelnfod5.i.optimole.com\/w:auto\/h:auto\/q:mauto\/f:best\/https:\/\/i2.wp.com\/meiser-tv.de\/wp-content\/uploads\/2026\/05\/RSS-Hintergrund.jpg?w=768&resize=768,0&ssl=1",768,0,true],"large":["https:\/\/mleexelnfod5.i.optimole.com\/w:auto\/h:auto\/q:mauto\/f:best\/https:\/\/i2.wp.com\/meiser-tv.de\/wp-content\/uploads\/2026\/05\/RSS-Hintergrund.jpg?w=1024&fit=1024,1024&ssl=1",1024,1024,true],"1536x1536":["https:\/\/mleexelnfod5.i.optimole.com\/w:auto\/h:auto\/q:mauto\/f:best\/https:\/\/i2.wp.com\/meiser-tv.de\/wp-content\/uploads\/2026\/05\/RSS-Hintergrund.jpg?w=1536&fit=1536,1536&ssl=1",1536,1536,true],"2048x2048":["https:\/\/mleexelnfod5.i.optimole.com\/w:auto\/h:auto\/q:mauto\/f:best\/https:\/\/i2.wp.com\/meiser-tv.de\/wp-content\/uploads\/2026\/05\/RSS-Hintergrund.jpg?w=2048&fit=2048,2048&ssl=1",2048,2048,true],"trp-custom-language-flag":["https:\/\/mleexelnfod5.i.optimole.com\/w:auto\/h:auto\/q:mauto\/f:best\/https:\/\/i2.wp.com\/meiser-tv.de\/wp-content\/uploads\/2026\/05\/RSS-Hintergrund.jpg?w=18&fit=18,12&ssl=1",18,12,true]},"uagb_author_info":{"display_name":"admin","author_link":"https:\/\/meiser-tv.de\/en\/author\/admin\/"},"uagb_comment_info":0,"uagb_excerpt":"Weiterer Tiefschlag f\u00fcr den Autokonzern VW: Die Aktie fliegt aus dem wichtigen Euro Stoxx 50-Index. Nachr\u00fccker ist ein Unternehmen, das eigentlich schon am Ende war","_links":{"self":[{"href":"https:\/\/meiser-tv.de\/en\/wp-json\/wp\/v2\/posts\/20691","targetHints":{"allow":["GET"]}}],"collection":[{"href":"https:\/\/meiser-tv.de\/en\/wp-json\/wp\/v2\/posts"}],"about":[{"href":"https:\/\/meiser-tv.de\/en\/wp-json\/wp\/v2\/types\/post"}],"author":[{"embeddable":true,"href":"https:\/\/meiser-tv.de\/en\/wp-json\/wp\/v2\/users\/1"}],"replies":[{"embeddable":true,"href":"https:\/\/meiser-tv.de\/en\/wp-json\/wp\/v2\/comments?post=20691"}],"version-history":[{"count":0,"href":"https:\/\/meiser-tv.de\/en\/wp-json\/wp\/v2\/posts\/20691\/revisions"}],"wp:featuredmedia":[{"embeddable":true,"href":"https:\/\/meiser-tv.de\/en\/wp-json\/wp\/v2\/media\/4846"}],"wp:attachment":[{"href":"https:\/\/meiser-tv.de\/en\/wp-json\/wp\/v2\/media?parent=20691"}],"wp:term":[{"taxonomy":"category","embeddable":true,"href":"https:\/\/meiser-tv.de\/en\/wp-json\/wp\/v2\/categories?post=20691"},{"taxonomy":"post_tag","embeddable":true,"href":"https:\/\/meiser-tv.de\/en\/wp-json\/wp\/v2\/tags?post=20691"}],"curies":[{"name":"wp","href":"https:\/\/api.w.org\/{rel}","templated":true}]}}