{"id":20694,"date":"2026-09-03T07:03:10","date_gmt":"2026-09-03T05:03:10","guid":{"rendered":"https:\/\/meiser-tv.de\/politik\/nrw-koelner-asylskandal-spitze-des-eisbergs-nun-12-000-strafverfahren-gegen-migranten-anhaengig\/"},"modified":"2026-09-03T07:03:10","modified_gmt":"2026-09-03T05:03:10","slug":"nrw-koelner-asylskandal-spitze-des-eisbergs-nun-12-000-strafverfahren-gegen-migranten-anhaengig","status":"publish","type":"post","link":"https:\/\/meiser-tv.de\/en\/politik\/nrw-koelner-asylskandal-spitze-des-eisbergs-nun-12-000-strafverfahren-gegen-migranten-anhaengig\/","title":{"rendered":"NRW: K\u00f6lner Asylskandal Spitze des Eisbergs \u2013 Nun 12.000 Strafverfahren gegen Migranten anh\u00e4ngig"},"content":{"rendered":"<div>\n<p>Wie vor kurzem <a target=\"_blank\" rel=\"noopener noreferrer\" href=\"https:\/\/de-rtnews.com\/inland\/287947-vorsaetzliches-staatsversagen-koeln-sabotierte-abschiebungen\/\">bekannt\u00a0wurde<\/a>, hat die Stadt K\u00f6ln laut internen Beh\u00f6rdenunterlagen die Abschiebung von mehreren ausreisepflichtigen Asylbewerbern torpediert. Nun zeigt sich, dass die Zahlen viel gr\u00f6\u00dfer sind als urspr\u00fcnglich angenommen \u2013 und K\u00f6ln stellvertretend f\u00fcr NRW nur die Spitze des Eisberg zu sein scheint.<\/p>\n<p>So berichtet der <em>K\u00f6lner Stadt-Anzeiger<\/em> am Mittwoch, dass gegen ausreisepflichtige Migranten aus den Westbalkan-Staaten allein 1.600 Ermittlungsverfahren laufen, die nun erneut gepr\u00fcft werden. Nach Bekanntwerden der &#8222;Coesfelder Liste&#8220; wertete das Landeskriminalamt im Auftrag der Landesregierung weitere Abschiebelisten aus.<\/p>\n<p>Darauf fanden sich rund 6.800 ausreisepflichtige Menschen aus den Westbalkan-Staaten und dem Irak. Gegen rund 2.100 von ihnen laufen oder liefen Ermittlungen. Sie sollen in etwa 12.000 Strafverfahren als Beschuldigte gef\u00fchrt worden sein, wie die <em>Welt<\/em> berichtet. Die Ergebnisse sind am Mittwoch Thema einer Sondersitzung des Integrationsausschusses im nordrhein-westf\u00e4lischen Landtag.<\/p>\n<p>Der Vorsitzende der Bundespolizeigewerkschaft, Manuel Ostermann, sieht die Probleme jedoch nicht nur auf Nordrhein-Westfalen beschr\u00e4nkt. Die Vorg\u00e4nge um die &#8222;Coesfelder Liste&#8220; seien vielmehr Ausdruck eines bundesweiten Fehlers im Umgang mit ausreisepflichtigen Migranten. Er meint:<\/p>\n<blockquote>\n<p><em>&#8222;Es ist ein strukturelles Problem. Und es ist vor allem und in allererster Linie ein politisches Versagen. [&#8230;] Wir haben weit \u00fcber 41.000 vollziehbar ausreisepflichtige Menschen.&#8220;<\/em><\/p>\n<\/blockquote>\n<p>Dennoch finde &#8222;eine Abschiebeoffensive gar nicht statt.&#8220; Stattdessen herrsche &#8222;nicht nur eine politische Lethargie, sondern eine politische Tatenlosigkeit&#8220;, kritisierte Ostermann, da die bekannten Pullfaktoren weiterhin nicht abgeschafft w\u00fcrden. Die &#8222;Coesfelder Liste&#8220; sei f\u00fcr ihn deshalb &#8222;ein politischer Skandal und kein Skandal einer einzelnen Beh\u00f6rde&#8220;, sagte Ostermann und rief Kanzler Merz auf, endlich bundesweit zu handeln.<\/p>\n<p>Die <em>Bild<\/em> berichtete zudem, dass in den Unterlagen wiederholt Angeh\u00f6rige derselben Familien auftauchen. Besonders h\u00e4ufig genannt werde eine Familie aus Serbien und Montenegro, deren Mitglieder laut der Zeitung mit insgesamt 279 Straftaten in Verbindung gebracht werden.<\/p>\n<p>Zuvor war bekannt geworden, dass jeder Dritte der auf der Liste gef\u00fchrten Ausreisepflichtigen nach der \u00dcbermittlung der Liste im Jahr 2024 erneut straff\u00e4llig geworden ist. Diesen Personen w\u00fcrden insgesamt 568 neue Straftaten zugerechnet.\u00a0Ausl\u00f6ser der Aff\u00e4re um die &#8222;Liste Coesfeld&#8220; ist ein Vorgang aus dem November 2024. Demnach hatte die Zentrale Ausl\u00e4nderbeh\u00f6rde (ZAB) des Landes Nordrhein-Westfalen, die in Coesfeld sitzt, der Stadt K\u00f6ln angeboten, f\u00fcr 471 ausreisepflichtige Migranten aus Westbalkan-Staaten Passersatzpapiere zu beschaffen. Diese Dokumente gelten als wichtige Voraussetzung f\u00fcr R\u00fcckf\u00fchrungen.<\/p>\n<p>Die Reaktion aus der Politik ist beh\u00e4big: SPD-Bundesarbeitsministerin B\u00e4rbel Bas k\u00fcndigte bereits im Vorjahr an, st\u00e4rker gegen organisierten Sozialleistungsmissbrauch vorzugehen. Der Koalitionspartner CDU wartet nun auf den weiterhin fehlenden Aktionsplan. Die Kritik lautet aktuell, dass unter anderem weiterhin per Haftbefehl gesuchte Menschen in Deutschland Grundsicherung erhalten.<\/p>\n<p>Unionsfraktionsvize G\u00fcnter Krings erkl\u00e4rte\u00a0j\u00fcngst gegen\u00fcber der <em>Rheinischen Post \u00a0<\/em>seinen Unmut gegen\u00fcber der Koalitionskollegin, da es Bas demnach weiterhin unterl\u00e4sst, &#8222;den von der Koalition bereits beschlossenen Aktionsplan gegen Sozialleistungsmissbrauch rasch vorzulegen.&#8220; Als daraus resultierendes Fallbeispiel f\u00fcr fatale Realit\u00e4ten im Land erkl\u00e4rt Krings:<\/p>\n<p><em>&#8222;Menschen, die per Haftbefehl gesucht werden, k\u00f6nnen derzeit weiterhin die soziale Grundsicherung beziehen.&#8220;<\/em><\/p>\n<p>Das Arbeitsministerium teilte mit, man arbeite gemeinsam mit dem Bundesinnenministerium an dem &#8222;Aktionsplan&#8220;, k\u00f6nne aber noch kein Kabinettstermin nennen. Die Umsetzung der neuen Gesetzgebung &#8222;wird weiterhin bis Ende 2026 angestrebt&#8220;, sagte ein Sprecher des Arbeitsministeriums.<\/p>\n<p>Teil des Plans soll\u00a0eine st\u00e4rkere Einbeziehung der Jobcenter sein: Die f\u00fcr die Auszahlung der Grundsicherung zust\u00e4ndigen Jobcenter verf\u00fcgen n\u00e4mlich oft nicht \u00fcber die Information, dass\u00a0gegen einen Antragsteller ein Haftbefehl vorliegt. Deshalb sollen die Beh\u00f6rden nun solche Daten untereinander austauschen k\u00f6nnen.<\/p>\n<p><strong>Mehr zum Thema<\/strong>\u00a0\u2013\u00a0<a target=\"_blank\" rel=\"noopener noreferrer\" href=\"https:\/\/de-rtnews.com\/der-nahe-osten\/124138-nach-spektakulaerem-gefaengnisausbruch-palaestinensischer-haeftlinge\/\">Nach spektakul\u00e4rem Gef\u00e4ngnisausbruch: Pal\u00e4stinensische H\u00e4ftlinge treten in Hungerstreik<\/a><\/p>\n<div class=\"EmbedBlock-root EmbedBlock-all\">\n<div class=\"AllEmbed\">\n                                                <script>!function(r,u,m,b,l,e){r._Rumble=b,r[b]||(r[b]=function(){(r[b]._=r[b]._||[]).push(arguments);if(r[b]._.length==1){l=u.createElement(m),e=u.getElementsByTagName(m)[0],l.async=1,l.src=\"https:\/\/rumble.com\/embedJS\/u4\"+(arguments[1].video?'.'+arguments[1].video:'')+\"\/?url=\"+encodeURIComponent(location.href)+\"&args=\"+encodeURIComponent(JSON.stringify([].slice.apply(arguments))),e.parentNode.insertBefore(l,e)}})}(window, document, \"script\", \"Rumble\");<\/script><\/p>\n<div id=\"rumble_v6xgxt0\"><\/div>\n<p><script>\nRumble(\"play\", {\"video\":\"v6xgxt0\",\"div\":\"rumble_v6xgxt0\"});<\/script>\n                    <\/div>\n<\/p><\/div>\n<\/p>\n<\/div>\n","protected":false},"excerpt":{"rendered":"<p>Wie vor kurzem bekannt\u00a0wurde, hat die Stadt K\u00f6ln laut internen Beh\u00f6rdenunterlagen die Abschiebung von mehreren ausreisepflichtigen Asylbewerbern torpediert. Nun zeigt sich, dass die Zahlen viel gr\u00f6\u00dfer sind als urspr\u00fcnglich angenommen \u2013 und K\u00f6ln stellvertretend f\u00fcr NRW nur die Spitze des Eisberg zu sein scheint. So berichtet der K\u00f6lner Stadt-Anzeiger am Mittwoch, dass gegen ausreisepflichtige Migranten [&hellip;]<\/p>\n","protected":false},"author":1,"featured_media":4846,"comment_status":"closed","ping_status":"closed","sticky":false,"template":"","format":"standard","meta":{"_gspb_post_css":"","_uag_custom_page_level_css":"","fifu_image_url":"","fifu_image_alt":"","footnotes":""},"categories":[5],"tags":[],"class_list":["post-20694","post","type-post","status-publish","format-standard","has-post-thumbnail","hentry","category-politik"],"blocksy_meta":{"styles_descriptor":{"styles":{"desktop":"","tablet":"","mobile":""},"google_fonts":[],"version":7}},"uagb_featured_image_src":{"full":["https:\/\/mleexelnfod5.i.optimole.com\/w:auto\/h:auto\/q:mauto\/f:best\/https:\/\/i2.wp.com\/meiser-tv.de\/wp-content\/uploads\/2026\/05\/RSS-Hintergrund.jpg?w=1920&fit=1920,1080&ssl=1",1920,1080,true],"thumbnail":["https:\/\/mleexelnfod5.i.optimole.com\/w:auto\/h:auto\/q:mauto\/f:best\/https:\/\/i2.wp.com\/meiser-tv.de\/wp-content\/uploads\/2026\/05\/RSS-Hintergrund.jpg?w=150&resize=150,150&ssl=1",150,150,true],"medium":["https:\/\/mleexelnfod5.i.optimole.com\/w:auto\/h:auto\/q:mauto\/f:best\/https:\/\/i2.wp.com\/meiser-tv.de\/wp-content\/uploads\/2026\/05\/RSS-Hintergrund.jpg?w=300&fit=300,300&ssl=1",300,300,true],"medium_large":["https:\/\/mleexelnfod5.i.optimole.com\/w:auto\/h:auto\/q:mauto\/f:best\/https:\/\/i2.wp.com\/meiser-tv.de\/wp-content\/uploads\/2026\/05\/RSS-Hintergrund.jpg?w=768&resize=768,0&ssl=1",768,0,true],"large":["https:\/\/mleexelnfod5.i.optimole.com\/w:auto\/h:auto\/q:mauto\/f:best\/https:\/\/i2.wp.com\/meiser-tv.de\/wp-content\/uploads\/2026\/05\/RSS-Hintergrund.jpg?w=1024&fit=1024,1024&ssl=1",1024,1024,true],"1536x1536":["https:\/\/mleexelnfod5.i.optimole.com\/w:auto\/h:auto\/q:mauto\/f:best\/https:\/\/i2.wp.com\/meiser-tv.de\/wp-content\/uploads\/2026\/05\/RSS-Hintergrund.jpg?w=1536&fit=1536,1536&ssl=1",1536,1536,true],"2048x2048":["https:\/\/mleexelnfod5.i.optimole.com\/w:auto\/h:auto\/q:mauto\/f:best\/https:\/\/i2.wp.com\/meiser-tv.de\/wp-content\/uploads\/2026\/05\/RSS-Hintergrund.jpg?w=2048&fit=2048,2048&ssl=1",2048,2048,true],"trp-custom-language-flag":["https:\/\/mleexelnfod5.i.optimole.com\/w:auto\/h:auto\/q:mauto\/f:best\/https:\/\/i2.wp.com\/meiser-tv.de\/wp-content\/uploads\/2026\/05\/RSS-Hintergrund.jpg?w=18&fit=18,12&ssl=1",18,12,true]},"uagb_author_info":{"display_name":"admin","author_link":"https:\/\/meiser-tv.de\/en\/author\/admin\/"},"uagb_comment_info":0,"uagb_excerpt":"Wie vor kurzem bekannt\u00a0wurde, hat die Stadt K\u00f6ln laut internen Beh\u00f6rdenunterlagen die Abschiebung von mehreren ausreisepflichtigen Asylbewerbern torpediert. Nun zeigt sich, dass die Zahlen viel gr\u00f6\u00dfer sind als urspr\u00fcnglich angenommen \u2013 und K\u00f6ln stellvertretend f\u00fcr NRW nur die Spitze des Eisberg zu sein scheint. So berichtet der K\u00f6lner Stadt-Anzeiger am Mittwoch, dass gegen ausreisepflichtige Migranten&hellip;","_links":{"self":[{"href":"https:\/\/meiser-tv.de\/en\/wp-json\/wp\/v2\/posts\/20694","targetHints":{"allow":["GET"]}}],"collection":[{"href":"https:\/\/meiser-tv.de\/en\/wp-json\/wp\/v2\/posts"}],"about":[{"href":"https:\/\/meiser-tv.de\/en\/wp-json\/wp\/v2\/types\/post"}],"author":[{"embeddable":true,"href":"https:\/\/meiser-tv.de\/en\/wp-json\/wp\/v2\/users\/1"}],"replies":[{"embeddable":true,"href":"https:\/\/meiser-tv.de\/en\/wp-json\/wp\/v2\/comments?post=20694"}],"version-history":[{"count":0,"href":"https:\/\/meiser-tv.de\/en\/wp-json\/wp\/v2\/posts\/20694\/revisions"}],"wp:featuredmedia":[{"embeddable":true,"href":"https:\/\/meiser-tv.de\/en\/wp-json\/wp\/v2\/media\/4846"}],"wp:attachment":[{"href":"https:\/\/meiser-tv.de\/en\/wp-json\/wp\/v2\/media?parent=20694"}],"wp:term":[{"taxonomy":"category","embeddable":true,"href":"https:\/\/meiser-tv.de\/en\/wp-json\/wp\/v2\/categories?post=20694"},{"taxonomy":"post_tag","embeddable":true,"href":"https:\/\/meiser-tv.de\/en\/wp-json\/wp\/v2\/tags?post=20694"}],"curies":[{"name":"wp","href":"https:\/\/api.w.org\/{rel}","templated":true}]}}