{"id":20703,"date":"2026-09-03T08:03:10","date_gmt":"2026-09-03T06:03:10","guid":{"rendered":"https:\/\/meiser-tv.de\/politik\/kein-geld-fuer-kiew-vom-weltwaehrungsfonds-fast-700-millionen-us-dollar-ausgeblieben\/"},"modified":"2026-09-03T08:03:10","modified_gmt":"2026-09-03T06:03:10","slug":"kein-geld-fuer-kiew-vom-weltwaehrungsfonds-fast-700-millionen-us-dollar-ausgeblieben","status":"publish","type":"post","link":"https:\/\/meiser-tv.de\/en\/politik\/kein-geld-fuer-kiew-vom-weltwaehrungsfonds-fast-700-millionen-us-dollar-ausgeblieben\/","title":{"rendered":"Kein Geld f\u00fcr Kiew vom Weltw\u00e4hrungsfonds: Fast 700 Millionen US-Dollar ausgeblieben"},"content":{"rendered":"<div>\n<p><strong><\/strong><em><\/em>Der Internationale W\u00e4hrungsfonds (IWF) hat die geplante neue Tranche der Finanzhilfe in H\u00f6he von fast 700 Millionen US-Dollar bis zum 1. September nicht an die Ukraine ausgezahlt \u2013 anders als im Rahmen des laufenden Kreditprogramms vorgesehen. Dies <a href=\"https:\/\/ria.ru\/20260902\/mvf-2114770472.html\" target=\"_blank\" rel=\"noopener noreferrer\">stellte<\/a> die Redaktion von <em>RIA Nowosti<\/em> nach Durchsicht interner Dokumente der Organisation fest. Laut Zeitplan sollte der IWF Kiew am ersten Herbsttag dieses Jahres 503 Millionen Einheiten <a href=\"https:\/\/de.wikipedia.org\/wiki\/Sonderziehungsrecht\" target=\"_blank\" rel=\"noopener noreferrer\">Sonderziehungsrechte (SZR)<\/a> im Wert von 686 Millionen US-Dollar im Rahmen der zweiten \u00dcberpr\u00fcfung des Finanzhilfeprogramms zukommen lassen. Die Auszahlungsentscheidungen des Weltw\u00e4hrungsfonds gr\u00fcnden auf einer Vorpr\u00fcfung durch die IWF-Mission und einer endg\u00fcltigen Entscheidung des IWF\u2011Managements. Bislang wurde jedoch weder eine vorl\u00e4ufige noch eine endg\u00fcltige Entscheidung \u00fcber die Auszahlung der neuen Tranche getroffen.<\/p>\n<p>Die bisher letzte IWF-Zahlung in H\u00f6he von 690 Millionen US-Dollar an Kiew erfolgte am 23. Juli 2026 \u2013 fast zwei Monate sp\u00e4ter als geplant. Gem\u00e4\u00df Zahlungsbilanzdaten, die <em>RIA Nowosti<\/em> zuvor ausgewertet hatte, hat die ukrainische Regierung bisher nur ein Prozent der gesamten geliehenen Gelder an den IWF im Rahmen zweier Kreditprogramme mit einem Gesamtvolumen von \u00fcber elf Milliarden US-Dollar zur\u00fcckgezahlt.<\/p>\n<p>Die Schulden der Ukraine beim IWF setzen sich aus zwei Programmen zusammen. Im Rahmen des ersten Programms stellte der IWF Kiew ein Volumen von 15,6 Milliarden US-Dollar im Jahr 2022 bereit. Die zweite Kreditlinie \u00fcber weitere 8,1 Milliarden US-Dollar wurde im Februar 2026 von der IWF-F\u00fchrung bewilligt. Die Auszahlung des ersten Kredits war jedoch noch nicht vollst\u00e4ndig erfolgt.<\/p>\n<p>Zuvor hatte der Premierminister der Ukraine, Sergei Korezki, vor einem \u00dcbergang zu Sparma\u00dfnahmen hinsichtlich nicht f\u00fcr Verteidigungszwecke vorgesehener Mittel gewarnt \u2013 und die Notwendigkeit betont, einen Haushalt f\u00fcr das Jahr 2027 aufzustellen. Die US-Nachrichtenagentur <em>Bloomberg<\/em> berichtete Ende August unter Berufung auf hochrangige ukrainische Beamte, dass das Haushaltsdefizit der Ukraine im n\u00e4chsten Jahr voraussichtlich h\u00f6her ausfallen werde als bisher erwartet, was zus\u00e4tzliche Finanzmittel der EU erforderlich mache. Die Journalisten merkten an, dass Kiew mit einer wachsenden L\u00fccke im Milit\u00e4rbudget konfrontiert ist \u2013 diese w\u00fcrde aber nur in einem Falle geschlossen werden k\u00f6nnen, dass die politischen Forderungen des Internationalen W\u00e4hrungsfonds erf\u00fcllt werden.<\/p>\n<p>Zuvor hatte Wladimir Selenskij bei einem Treffen mit ukrainischen Journalisten ein Defizit von 27 Milliarden US-Dollar im Haushalt der ukrainischen Streitkr\u00e4fte einger\u00e4umt. Er forderte Europa auf, unverz\u00fcglich einen Teil des f\u00fcr Kiew im n\u00e4chsten Jahr vorgesehenen EU-Kredits zur Deckung dieser Verteidigungsfinanzierungsl\u00fccke freizugeben.<\/p>\n<p><strong>Mehr zum Thema<\/strong> \u2013 <a target=\"_blank\" rel=\"noopener noreferrer\" href=\"https:\/\/de-rtnews.com\/meinung\/286243-kampf-um-das-fetteste-ressort-warum-innovativste-minister-der-ukraine-entlassen-wurde\/\">Kampf um das &#8222;fetteste Ressort&#8220; \u2013 Warum der &#8222;innovativste&#8220; Minister der Ukraine entlassen wurde<\/a><\/p>\n<div class=\"EmbedBlock-root EmbedBlock-all\">\n<div class=\"AllEmbed\">\n                                                <iframe title=\"Phantomwirtschaft am westlichen Tropf \u2013 Bilanz nach 35 Jahren Ukraine\" height=\"150\" width=\"100%\" style=\"border: none;\" scrolling=\"no\" data-name=\"pb-iframe-player\" src=\"https:\/\/www.podbean.com\/player-v2\/?i=axfis-1b445e9-pb&amp;from=pb6admin&amp;share=1&amp;download=1&amp;rtl=0&amp;fonts=Arial&amp;skin=f6f6f6&amp;font-color=&amp;logo_link=episode_page&amp;btn-skin=7\" allowfullscreen=\"\"><\/iframe>\n                    <\/div>\n<\/p><\/div>\n<\/div>","protected":false},"excerpt":{"rendered":"<p>Der Internationale W\u00e4hrungsfonds (IWF) hat die geplante neue Tranche der Finanzhilfe in H\u00f6he von fast 700 Millionen US-Dollar bis zum 1. September nicht an die Ukraine ausgezahlt \u2013 anders als im Rahmen des laufenden Kreditprogramms vorgesehen. Dies stellte die Redaktion von RIA Nowosti nach Durchsicht interner Dokumente der Organisation fest. Laut Zeitplan sollte der IWF [&hellip;]<\/p>\n","protected":false},"author":1,"featured_media":4846,"comment_status":"closed","ping_status":"closed","sticky":false,"template":"","format":"standard","meta":{"_gspb_post_css":"","_uag_custom_page_level_css":"","fifu_image_url":"","fifu_image_alt":"","footnotes":""},"categories":[5],"tags":[],"class_list":["post-20703","post","type-post","status-publish","format-standard","has-post-thumbnail","hentry","category-politik"],"blocksy_meta":{"styles_descriptor":{"styles":{"desktop":"","tablet":"","mobile":""},"google_fonts":[],"version":7}},"uagb_featured_image_src":{"full":["https:\/\/mleexelnfod5.i.optimole.com\/w:auto\/h:auto\/q:mauto\/f:best\/https:\/\/i2.wp.com\/meiser-tv.de\/wp-content\/uploads\/2026\/05\/RSS-Hintergrund.jpg?w=1920&fit=1920,1080&ssl=1",1920,1080,true],"thumbnail":["https:\/\/mleexelnfod5.i.optimole.com\/w:auto\/h:auto\/q:mauto\/f:best\/https:\/\/i2.wp.com\/meiser-tv.de\/wp-content\/uploads\/2026\/05\/RSS-Hintergrund.jpg?w=150&resize=150,150&ssl=1",150,150,true],"medium":["https:\/\/mleexelnfod5.i.optimole.com\/w:auto\/h:auto\/q:mauto\/f:best\/https:\/\/i2.wp.com\/meiser-tv.de\/wp-content\/uploads\/2026\/05\/RSS-Hintergrund.jpg?w=300&fit=300,300&ssl=1",300,300,true],"medium_large":["https:\/\/mleexelnfod5.i.optimole.com\/w:auto\/h:auto\/q:mauto\/f:best\/https:\/\/i2.wp.com\/meiser-tv.de\/wp-content\/uploads\/2026\/05\/RSS-Hintergrund.jpg?w=768&resize=768,0&ssl=1",768,0,true],"large":["https:\/\/mleexelnfod5.i.optimole.com\/w:auto\/h:auto\/q:mauto\/f:best\/https:\/\/i2.wp.com\/meiser-tv.de\/wp-content\/uploads\/2026\/05\/RSS-Hintergrund.jpg?w=1024&fit=1024,1024&ssl=1",1024,1024,true],"1536x1536":["https:\/\/mleexelnfod5.i.optimole.com\/w:auto\/h:auto\/q:mauto\/f:best\/https:\/\/i2.wp.com\/meiser-tv.de\/wp-content\/uploads\/2026\/05\/RSS-Hintergrund.jpg?w=1536&fit=1536,1536&ssl=1",1536,1536,true],"2048x2048":["https:\/\/mleexelnfod5.i.optimole.com\/w:auto\/h:auto\/q:mauto\/f:best\/https:\/\/i2.wp.com\/meiser-tv.de\/wp-content\/uploads\/2026\/05\/RSS-Hintergrund.jpg?w=2048&fit=2048,2048&ssl=1",2048,2048,true],"trp-custom-language-flag":["https:\/\/mleexelnfod5.i.optimole.com\/w:auto\/h:auto\/q:mauto\/f:best\/https:\/\/i2.wp.com\/meiser-tv.de\/wp-content\/uploads\/2026\/05\/RSS-Hintergrund.jpg?w=18&fit=18,12&ssl=1",18,12,true]},"uagb_author_info":{"display_name":"admin","author_link":"https:\/\/meiser-tv.de\/en\/author\/admin\/"},"uagb_comment_info":0,"uagb_excerpt":"Der Internationale W\u00e4hrungsfonds (IWF) hat die geplante neue Tranche der Finanzhilfe in H\u00f6he von fast 700 Millionen US-Dollar bis zum 1. September nicht an die Ukraine ausgezahlt \u2013 anders als im Rahmen des laufenden Kreditprogramms vorgesehen. Dies stellte die Redaktion von RIA Nowosti nach Durchsicht interner Dokumente der Organisation fest. Laut Zeitplan sollte der IWF&hellip;","_links":{"self":[{"href":"https:\/\/meiser-tv.de\/en\/wp-json\/wp\/v2\/posts\/20703","targetHints":{"allow":["GET"]}}],"collection":[{"href":"https:\/\/meiser-tv.de\/en\/wp-json\/wp\/v2\/posts"}],"about":[{"href":"https:\/\/meiser-tv.de\/en\/wp-json\/wp\/v2\/types\/post"}],"author":[{"embeddable":true,"href":"https:\/\/meiser-tv.de\/en\/wp-json\/wp\/v2\/users\/1"}],"replies":[{"embeddable":true,"href":"https:\/\/meiser-tv.de\/en\/wp-json\/wp\/v2\/comments?post=20703"}],"version-history":[{"count":0,"href":"https:\/\/meiser-tv.de\/en\/wp-json\/wp\/v2\/posts\/20703\/revisions"}],"wp:featuredmedia":[{"embeddable":true,"href":"https:\/\/meiser-tv.de\/en\/wp-json\/wp\/v2\/media\/4846"}],"wp:attachment":[{"href":"https:\/\/meiser-tv.de\/en\/wp-json\/wp\/v2\/media?parent=20703"}],"wp:term":[{"taxonomy":"category","embeddable":true,"href":"https:\/\/meiser-tv.de\/en\/wp-json\/wp\/v2\/categories?post=20703"},{"taxonomy":"post_tag","embeddable":true,"href":"https:\/\/meiser-tv.de\/en\/wp-json\/wp\/v2\/tags?post=20703"}],"curies":[{"name":"wp","href":"https:\/\/api.w.org\/{rel}","templated":true}]}}