{"id":20705,"date":"2026-09-03T08:03:18","date_gmt":"2026-09-03T06:03:18","guid":{"rendered":"https:\/\/meiser-tv.de\/uncategorized\/die-zahl-der-todesfaelle-im-zusammenhang-mit-der-mmr-impfung-uebersteigt-2026-die-zahl-der-todesfaelle-durch-masern\/"},"modified":"2026-09-03T08:03:18","modified_gmt":"2026-09-03T06:03:18","slug":"die-zahl-der-todesfaelle-im-zusammenhang-mit-der-mmr-impfung-uebersteigt-2026-die-zahl-der-todesfaelle-durch-masern","status":"publish","type":"post","link":"https:\/\/meiser-tv.de\/en\/uncategorized\/die-zahl-der-todesfaelle-im-zusammenhang-mit-der-mmr-impfung-uebersteigt-2026-die-zahl-der-todesfaelle-durch-masern\/","title":{"rendered":"Die Zahl der Todesf\u00e4lle im Zusammenhang mit der MMR-Impfung \u00fcbersteigt 2026 die Zahl der Todesf\u00e4lle durch Masern"},"content":{"rendered":"<div>\n<p class=\"wp-block-paragraph\"><em>Von Nicolas Hulscher, MPH<\/em><\/p>\n<p class=\"has-medium-font-size wp-block-paragraph\"><strong>Ein 1-J\u00e4hriger starb einen Tag nach der MMR-Impfung an einem Herzstillstand, ein weiterer 1-J\u00e4hriger starb an einer durch die Impfung ausgel\u00f6sten R\u00f6telninfektion mit systemischer Ausbreitung, und ein 76-J\u00e4hriger starb an einer impfassoziierten Masernpneumonie.<\/strong><\/p>\n<p class=\"wp-block-paragraph\">Bislang gab es im Jahr 2026 in den Vereinigten Staaten <strong><a href=\"https:\/\/sayerji.substack.com\/cp\/213227961\" target=\"_blank\" rel=\"noopener\">NULL best\u00e4tigte Todesf\u00e4lle durch Masern<\/a><\/strong> und mindestens <strong><a href=\"https:\/\/www.openvaers.com\/vaersapp\/reports.php\" target=\"_blank\" rel=\"noopener\">DREI Todesf\u00e4lle im Zusammenhang mit der MMR-Impfung<\/a><\/strong>.<\/p>\n<p class=\"wp-block-paragraph\">Dennoch erfahren die Amerikaner so gut wie nichts \u00fcber Todesf\u00e4lle nach einer MMR-Impfung. Stattdessen verbreiteten die unter Kontrolle stehenden Massenmedien Schlagzeilen, in denen behauptet wurde, zwei Kinder in Pennsylvania seien an Masern gestorben \u2013 Behauptungen, die sich bei genauerer Betrachtung inzwischen als falsch erwiesen haben. Unterdessen sind in diesem Jahr bereits drei \u00e4u\u00dferst besorgniserregende Todesf\u00e4lle im Zusammenhang mit der MMR-Impfung im VAERS aufgetaucht:<\/p>\n<figure class=\"wp-block-image aligncenter size-large\"><img data-opt-id=1592125211  fetchpriority=\"high\" decoding=\"async\" src=\"https:\/\/mleexelnfod5.i.optimole.com\/cb:z1dt.d1b\/w:auto\/h:auto\/q:mauto\/f:best\/https:\/\/meiser-tv.de\/wp-content\/uploads\/2026\/09\/25b84050-025f-43c8-98cd-3940308bad86_1254x1254.png\" alt=\"\"><\/figure>\n<h2 class=\"wp-block-heading has-medium-font-size\"><strong>MELDUNGEN \u00dcBER TODESF\u00c4LLE NACH MMR-IMPFUNG IN DEN USA IM JAHR 2026 (VAERS): 3<\/strong><\/h2>\n<h3 class=\"wp-block-heading has-medium-font-size\"><a href=\"https:\/\/www.openvaers.com\/vaersapp\/report.php?vaers_id=2886001\" target=\"_blank\" rel=\"noopener\"><strong>1-j\u00e4hriger Junge: t\u00f6dlicher Herzstillstand nur EINEN TAG nach der MMR-Impfung<\/strong><\/a><\/h3>\n<p class=\"wp-block-paragraph\">Der <strong><a href=\"https:\/\/www.openvaers.com\/vaersapp\/report.php?vaers_id=2886001\" target=\"_blank\" rel=\"noopener\">erste Fall<\/a><\/strong> betrifft einen <strong>1-j\u00e4hrigen Jungen, der nur einen Tag nach Erhalt der MMR-Impfung einen t\u00f6dlichen Herzstillstand erlitt<\/strong>. Aufgrund des au\u00dfergew\u00f6hnlich kurzen Zeitraums l\u00e4sst sich dieser Bericht nicht einfach als ein weit zur\u00fcckliegendes Ereignis abtun, das lange nach der Impfung stattfand. Neben der MMR-Impfung erhielt er bei demselben Arztbesuch noch vier weitere Impfstoffe \u2013 Varivax, Havrix, Vaxelis und Prevnar 20 \u2013, insgesamt also f\u00fcnf Impfungen. Das Kind wurde \u00fcberimpft und starb am folgenden Tag.<\/p>\n<h3 class=\"wp-block-heading has-medium-font-size\"><a href=\"https:\/\/www.openvaers.com\/vaersapp\/report.php?vaers_id=2905393\" target=\"_blank\" rel=\"noopener\"><strong>1-j\u00e4hriges M\u00e4dchen: starb an einer disseminierten R\u00f6telninfektion nach der MMR-Impfung<\/strong><\/a><\/h3>\n<p class=\"wp-block-paragraph\">Der <strong><a href=\"https:\/\/www.openvaers.com\/vaersapp\/report.php?vaers_id=2905393\" target=\"_blank\" rel=\"noopener\">zweite Fall<\/a><\/strong> ist aus biologischer Sicht noch besorgniserregender. Ein <strong>1-j\u00e4hriges M\u00e4dchen starb an einer generalisierten R\u00f6telninfektion nach der MMR-Impfung<\/strong>. Berichten zufolge litt sie zum Zeitpunkt der Impfung an einer nicht diagnostizierten prim\u00e4ren Immundefizienz.<\/p>\n<p class=\"wp-block-paragraph\">Dies ist von Bedeutung, da der MMR-Impfstoff kein inertes R\u00f6telnantigen enth\u00e4lt. Er enth\u00e4lt ein lebendes, abgeschw\u00e4chtes R\u00f6telnvirus, das sich auf kontrollierte Weise vermehren und Immunit\u00e4t erzeugen soll. Bei einer Person mit schwerer Immunschw\u00e4che kann das Immunsystem jedoch m\u00f6glicherweise nicht in der Lage sein, das abgeschw\u00e4chte Virus angemessen einzud\u00e4mmen oder zu eliminieren. Anstatt auf einen begrenzten Bereich beschr\u00e4nkt zu bleiben, kann das Virus des Impfstamms fortbestehen und sich in Gewebe im gesamten K\u00f6rper ausbreiten, was zu einem Multiorganversagen f\u00fchrt.<\/p>\n<h3 class=\"wp-block-heading has-medium-font-size\"><a href=\"https:\/\/www.openvaers.com\/vaersapp\/report.php?vaers_id=2898570\" target=\"_blank\" rel=\"noopener\"><strong>76-j\u00e4hrige Frau: Masernvirus des Impfstamms bei t\u00f6dlicher Lungenentz\u00fcndung nachgewiesen<\/strong><\/a><\/h3>\n<p class=\"wp-block-paragraph\">Der <strong><a href=\"https:\/\/www.openvaers.com\/vaersapp\/report.php?vaers_id=2898570\" target=\"_blank\" rel=\"noopener\">dritte Fall<\/a><\/strong> ist m\u00f6glicherweise der bemerkenswerteste von allen. Eine <strong>76-j\u00e4hrige Frau entwickelte nach Erhalt der MMR-Impfung eine mit der Masernimpfung assoziierte Lungenentz\u00fcndung<\/strong>, die zu schwerem Atemversagen f\u00fchrte, und starb nach einem 16-t\u00e4gigen Krankenhausaufenthalt.<\/p>\n<p class=\"wp-block-paragraph\">Entscheidend ist, dass <strong>der Masern-Impfstamm in ihren Atemwegen, einschlie\u00dflich der Lungenproben, nachgewiesen wurde<\/strong>. Mit anderen Worten: Es handelte sich nicht einfach um eine Patientin, die nach der Impfung zuf\u00e4llig positiv auf Masern getestet wurde. Molekulare Tests identifizierten den Impfstamm selbst.<\/p>\n<p class=\"wp-block-paragraph\">Die Masernkomponente des MMR-Impfstoffs ist ebenfalls ein abgeschw\u00e4chtes Lebendvirus. Bei immungeschw\u00e4chten Personen kann das abgeschw\u00e4chte Virus der normalen Immunabwehr entkommen, sich weiter vermehren und eine schwere systemische Erkrankung ausl\u00f6sen. Wenn dieser Prozess die Lunge betrifft, kann dies zu einer Masernpneumonitis oder Lungenentz\u00fcndung f\u00fchren, den Sauerstoffaustausch beeintr\u00e4chtigen und zu Atemversagen fortschreiten.<\/p>\n<h2 class=\"wp-block-heading has-medium-font-size\"><strong>2026 TOTE DURCH MASERN IN DEN USA: 0<\/strong><\/h2>\n<p class=\"wp-block-paragraph\">Vergleichen Sie nun diese drei Berichte mit <strong><a href=\"https:\/\/sayerji.substack.com\/cp\/213227961\" target=\"_blank\" rel=\"noopener\">dem, was in Pennsylvania geschah<\/a><\/strong>.<\/p>\n<figure class=\"wp-block-image aligncenter size-large\"><img data-opt-id=939393727  fetchpriority=\"high\" decoding=\"async\" src=\"https:\/\/mleexelnfod5.i.optimole.com\/cb:z1dt.d1b\/w:auto\/h:auto\/q:mauto\/f:best\/https:\/\/meiser-tv.de\/wp-content\/uploads\/2026\/09\/8e8535a1-91f6-4532-8781-1de40789f034_680x383.jpeg\" alt=\"\"><\/figure>\n<p class=\"wp-block-paragraph\">Beh\u00f6rden in Pennsylvania meldeten zwei \u201emit Masern in Zusammenhang stehende Todesf\u00e4lle\u201c, doch die <strong><a href=\"https:\/\/www.cdc.gov\/measles\/data-research\/index.html\" target=\"_blank\" rel=\"noopener\">CDC weigerte sich, diese in die nationale Zahl der Masern-Todesf\u00e4lle aufzunehmen<\/a><\/strong>, und erkl\u00e4rte, dass die verf\u00fcgbaren Informationen \u201ekeinen Beweis daf\u00fcr liefern, ob Masern die Todesf\u00e4lle verursacht oder dazu beigetragen haben oder ob die Betroffenen an anderen Ursachen starben, w\u00e4hrend sie mit Masern infiziert waren\u201c.<\/p>\n<p class=\"wp-block-paragraph\">Das erste Kleinkind starb laut der Einsch\u00e4tzung des Gerichtsmediziners hinsichtlich der prim\u00e4ren Todesursache nicht an Masern. Das Kind erlitt einen Milzriss oder eine Milzverletzung mit katastrophalen inneren Blutungen. Trotzdem wurde der Todesfall \u00f6ffentlich als \u201emit Masern in Zusammenhang stehend\u201c dargestellt.<\/p>\n<p class=\"wp-block-paragraph\">Der zweite Fall aus Pennsylvania ist noch unklarer. Es wurden keine Details zum Fall ver\u00f6ffentlicht, keine Todesursache angegeben und es gibt keine Best\u00e4tigung f\u00fcr eine Beteiligung von Masern. Bis zur Ver\u00f6ffentlichung solcher Informationen k\u00f6nnte es sich um einen vollst\u00e4ndig erfundenen \u201eMasern-Todesfall\u201c handeln.<\/p>\n<h2 class=\"wp-block-heading has-medium-font-size\"><strong>FAZIT<\/strong><\/h2>\n<p class=\"wp-block-paragraph\">Das ergibt f\u00fcr das Jahr 2026 einen au\u00dfergew\u00f6hnlichen Kontrast: <strong>NULL best\u00e4tigte Masern-Todesf\u00e4lle in den USA<\/strong>, w\u00e4hrend bereits mindestens <strong>DREI Todesf\u00e4lle nach einer MMR-Impfung gemeldet wurden<\/strong>.<\/p>\n<p class=\"wp-block-paragraph\">In einem Fall kam es am Tag nach der Impfung zu einem t\u00f6dlichen Herzstillstand.<\/p>\n<p class=\"wp-block-paragraph\">In einem Fall trat nach der Verabreichung eines Lebendimpfstoffs mit R\u00f6telnvirus eine t\u00f6dliche generalisierte R\u00f6telninfektion auf.<\/p>\n<p class=\"wp-block-paragraph\">Und in einem Fall handelte es sich um eine t\u00f6dliche, mit der Masernimpfung in Zusammenhang stehende Lungenentz\u00fcndung, bei der im Atemtrakt Masernviren des Impfstamms nachgewiesen wurden.<\/p>\n<p class=\"wp-block-paragraph\">Es ist allgemein anerkannt, dass VAERS <strong>erheblich untererfasst<\/strong> ist. Eine von der Bundesregierung finanzierte Untersuchung unter der Leitung von <strong><a href=\"https:\/\/digital.ahrq.gov\/sites\/default\/files\/docs\/publication\/r18hs017045-lazarus-final-report-2011.pdf\" target=\"_blank\" rel=\"noopener\">Lazarus et al.<\/a><\/strong> ergab, dass m\u00f6glicherweise weniger als 1 % der unerw\u00fcnschten Impfereignisse an nationale \u00dcberwachungssysteme gemeldet werden. Mit anderen Worten: Es gibt wahrscheinlich weitaus mehr Todesf\u00e4lle im Zusammenhang mit der MMR-Impfung im Jahr 2026.<\/p>\n<p class=\"wp-block-paragraph\">Diese drei Berichte aus dem Jahr 2026 stehen zudem vor dem Hintergrund unserer <strong><a href=\"https:\/\/zenodo.org\/records\/18671462\" target=\"_blank\" rel=\"noopener\">j\u00fcngsten landesweiten Studie zur MMR\/MMRV-assoziierten Mortalit\u00e4t<\/a><\/strong> in VAERS, in der wir Hunderte von pl\u00f6tzlichen Todesf\u00e4llen bei S\u00e4uglingen und Kleinkindern innerhalb weniger Tage nach der MMR-Impfung feststellten \u2013 2.657 % mehr Todesf\u00e4lle als durch Masern selbst. Zu den t\u00f6dlichen Verl\u00e4ufen z\u00e4hlten das pl\u00f6tzliche Kindstod-Syndrom und unerkl\u00e4rlicher pl\u00f6tzlicher Tod, Herzstillstand, Krampfanf\u00e4lle, Atemnot, Enzephalitis und schwere fieberhafte Erkrankungen.<\/p>\n<figure class=\"wp-block-image aligncenter size-large\"><img data-opt-id=978479413  data-opt-src=\"https:\/\/mleexelnfod5.i.optimole.com\/cb:z1dt.d1b\/w:auto\/h:auto\/q:mauto\/f:best\/https:\/\/meiser-tv.de\/wp-content\/uploads\/2026\/09\/8df65dae-9e37-4786-b773-ed872767fbb8_2525x2866.png\"  decoding=\"async\" src=\"data:image/svg+xml,%3Csvg%20viewBox%3D%220%200%20100%%20100%%22%20width%3D%22100%%22%20height%3D%22100%%22%20xmlns%3D%22http%3A%2F%2Fwww.w3.org%2F2000%2Fsvg%22%3E%3Crect%20width%3D%22100%%22%20height%3D%22100%%22%20fill%3D%22transparent%22%2F%3E%3C%2Fsvg%3E\" alt=\"\"><\/figure>\n<p class=\"wp-block-paragraph\">Die unter Kontrolle stehenden Massenmedien werden einen angeblichen Todesfall durch Masern landesweit gro\u00df aufbauschen, noch bevor die zugrunde liegenden Fakten \u00fcberhaupt bekannt sind. Wenn jedoch ein Kleinkind einen Tag nach einer MMR-Impfung stirbt oder wenn das Impfvirus selbst mit einer t\u00f6dlichen Erkrankung in Verbindung gebracht wird, herrscht ohrenbet\u00e4ubendes Schweigen.<\/p>\n<p class=\"wp-block-paragraph\">\n<\/div>","protected":false},"excerpt":{"rendered":"<p>Von Nicolas Hulscher, MPH Ein 1-J\u00e4hriger starb einen Tag nach der MMR-Impfung an einem Herzstillstand, ein weiterer 1-J\u00e4hriger starb an einer durch die Impfung ausgel\u00f6sten R\u00f6telninfektion mit systemischer Ausbreitung, und ein 76-J\u00e4hriger starb an einer impfassoziierten Masernpneumonie. Bislang gab es im Jahr 2026 in den Vereinigten Staaten NULL best\u00e4tigte Todesf\u00e4lle durch Masern und mindestens DREI [&hellip;]<\/p>\n","protected":false},"author":1,"featured_media":20706,"comment_status":"closed","ping_status":"closed","sticky":false,"template":"","format":"standard","meta":{"_gspb_post_css":"","_uag_custom_page_level_css":"","fifu_image_url":"","fifu_image_alt":"","footnotes":""},"categories":[1],"tags":[],"class_list":["post-20705","post","type-post","status-publish","format-standard","has-post-thumbnail","hentry","category-uncategorized"],"blocksy_meta":{"styles_descriptor":{"styles":{"desktop":"","tablet":"","mobile":""},"google_fonts":[],"version":7}},"uagb_featured_image_src":{"full":["https:\/\/mleexelnfod5.i.optimole.com\/cb:z1dt.d1b\/w:auto\/h:auto\/q:mauto\/f:best\/https:\/\/meiser-tv.de\/wp-content\/uploads\/2026\/09\/25b84050-025f-43c8-98cd-3940308bad86_1254x1254.png",1254,1254,false],"thumbnail":["https:\/\/mleexelnfod5.i.optimole.com\/cb:z1dt.d1b\/w:150\/h:150\/q:mauto\/rt:fill\/g:ce\/f:best\/https:\/\/meiser-tv.de\/wp-content\/uploads\/2026\/09\/25b84050-025f-43c8-98cd-3940308bad86_1254x1254.png",150,150,true],"medium":["https:\/\/mleexelnfod5.i.optimole.com\/cb:z1dt.d1b\/w:300\/h:300\/q:mauto\/f:best\/https:\/\/meiser-tv.de\/wp-content\/uploads\/2026\/09\/25b84050-025f-43c8-98cd-3940308bad86_1254x1254.png",300,300,true],"medium_large":["https:\/\/mleexelnfod5.i.optimole.com\/cb:z1dt.d1b\/w:768\/h:768\/q:mauto\/f:best\/https:\/\/meiser-tv.de\/wp-content\/uploads\/2026\/09\/25b84050-025f-43c8-98cd-3940308bad86_1254x1254.png",768,768,true],"large":["https:\/\/mleexelnfod5.i.optimole.com\/cb:z1dt.d1b\/w:1024\/h:1024\/q:mauto\/f:best\/https:\/\/meiser-tv.de\/wp-content\/uploads\/2026\/09\/25b84050-025f-43c8-98cd-3940308bad86_1254x1254.png",1024,1024,true],"1536x1536":["https:\/\/mleexelnfod5.i.optimole.com\/cb:z1dt.d1b\/w:auto\/h:auto\/q:mauto\/f:best\/https:\/\/meiser-tv.de\/wp-content\/uploads\/2026\/09\/25b84050-025f-43c8-98cd-3940308bad86_1254x1254.png",1254,1254,false],"2048x2048":["https:\/\/mleexelnfod5.i.optimole.com\/cb:z1dt.d1b\/w:auto\/h:auto\/q:mauto\/f:best\/https:\/\/meiser-tv.de\/wp-content\/uploads\/2026\/09\/25b84050-025f-43c8-98cd-3940308bad86_1254x1254.png",1254,1254,false],"trp-custom-language-flag":["https:\/\/mleexelnfod5.i.optimole.com\/cb:z1dt.d1b\/w:12\/h:12\/q:mauto\/f:best\/dpr:2\/https:\/\/meiser-tv.de\/wp-content\/uploads\/2026\/09\/25b84050-025f-43c8-98cd-3940308bad86_1254x1254.png",12,12,true]},"uagb_author_info":{"display_name":"admin","author_link":"https:\/\/meiser-tv.de\/en\/author\/admin\/"},"uagb_comment_info":0,"uagb_excerpt":"Von Nicolas Hulscher, MPH Ein 1-J\u00e4hriger starb einen Tag nach der MMR-Impfung an einem Herzstillstand, ein weiterer 1-J\u00e4hriger starb an einer durch die Impfung ausgel\u00f6sten R\u00f6telninfektion mit systemischer Ausbreitung, und ein 76-J\u00e4hriger starb an einer impfassoziierten Masernpneumonie. Bislang gab es im Jahr 2026 in den Vereinigten Staaten NULL best\u00e4tigte Todesf\u00e4lle durch Masern und mindestens DREI&hellip;","_links":{"self":[{"href":"https:\/\/meiser-tv.de\/en\/wp-json\/wp\/v2\/posts\/20705","targetHints":{"allow":["GET"]}}],"collection":[{"href":"https:\/\/meiser-tv.de\/en\/wp-json\/wp\/v2\/posts"}],"about":[{"href":"https:\/\/meiser-tv.de\/en\/wp-json\/wp\/v2\/types\/post"}],"author":[{"embeddable":true,"href":"https:\/\/meiser-tv.de\/en\/wp-json\/wp\/v2\/users\/1"}],"replies":[{"embeddable":true,"href":"https:\/\/meiser-tv.de\/en\/wp-json\/wp\/v2\/comments?post=20705"}],"version-history":[{"count":0,"href":"https:\/\/meiser-tv.de\/en\/wp-json\/wp\/v2\/posts\/20705\/revisions"}],"wp:featuredmedia":[{"embeddable":true,"href":"https:\/\/meiser-tv.de\/en\/wp-json\/wp\/v2\/media\/20706"}],"wp:attachment":[{"href":"https:\/\/meiser-tv.de\/en\/wp-json\/wp\/v2\/media?parent=20705"}],"wp:term":[{"taxonomy":"category","embeddable":true,"href":"https:\/\/meiser-tv.de\/en\/wp-json\/wp\/v2\/categories?post=20705"},{"taxonomy":"post_tag","embeddable":true,"href":"https:\/\/meiser-tv.de\/en\/wp-json\/wp\/v2\/tags?post=20705"}],"curies":[{"name":"wp","href":"https:\/\/api.w.org\/{rel}","templated":true}]}}