{"id":20722,"date":"2026-09-03T09:03:55","date_gmt":"2026-09-03T07:03:55","guid":{"rendered":"https:\/\/meiser-tv.de\/uncategorized\/agenda-2030-auf-dem-teller-der-bund-foerdert-insekten-und-will-mit-dem-detailhandel-unser-essverhalten-veraendern\/"},"modified":"2026-09-03T09:03:55","modified_gmt":"2026-09-03T07:03:55","slug":"agenda-2030-auf-dem-teller-der-bund-foerdert-insekten-und-will-mit-dem-detailhandel-unser-essverhalten-veraendern","status":"publish","type":"post","link":"https:\/\/meiser-tv.de\/en\/uncategorized\/agenda-2030-auf-dem-teller-der-bund-foerdert-insekten-und-will-mit-dem-detailhandel-unser-essverhalten-veraendern\/","title":{"rendered":"Agenda 2030 auf dem Teller: Der Bund f\u00f6rdert Insekten \u2013 und will mit dem Detailhandel unser Essverhalten ver\u00e4ndern"},"content":{"rendered":"<div>\n<p class=\"wp-block-paragraph\">Was hat der Staat damit zu tun, was die Schweizer Bev\u00f6lkerung isst? Offenbar immer mehr. Mit der neuen <a href=\"https:\/\/www.admin.ch\/de\/newnsb\/sdaNUZ7YNr9j\" data-type=\"link\" data-id=\"https:\/\/www.admin.ch\/de\/newnsb\/sdaNUZ7YNr9j\" target=\"_blank\" rel=\"noopener\">Agrarpolitik AP30+<\/a> will der Bundesrat nicht nur Landwirtschaft und Lebensmittelproduktion umbauen. Sein erkl\u00e4rter \u201eParadigmenwechsel\u201c reicht \u00fcber Migros, Coop und andere Detailh\u00e4ndler bis zum Konsumenten \u2013 und damit letztlich bis auf unseren Teller.<\/p>\n<p class=\"wp-block-paragraph\">Die Richtung kommt nicht aus dem Nichts. In der Schweizer Umsetzung der Agenda 2030 geh\u00f6rt die \u201eTransformation hin zu nachhaltigen Ern\u00e4hrungssystemen\u201c ausdr\u00fccklich zu den politischen Zielen. Im L\u00e4nderbericht 2026 schreibt der Bund selbst, die zuk\u00fcnftige Agrarpolitik ab 2030 solle einen \u201eganzheitlichen Ern\u00e4hrungssystemansatz\u201c \u00fcber die gesamte Lebensmittelwertsch\u00f6pfungskette verfolgen. Dabei wird ausdr\u00fccklich auch der Konsum einbezogen.<\/p>\n<p class=\"wp-block-paragraph\">Und genau das findet sich nun in <a href=\"https:\/\/www.admin.ch\/de\/newnsb\/sdaNUZ7YNr9j\" data-type=\"link\" data-id=\"https:\/\/www.admin.ch\/de\/newnsb\/sdaNUZ7YNr9j\" target=\"_blank\" rel=\"noopener\">AP30+<\/a> wieder.<\/p>\n<p class=\"wp-block-paragraph\">Der Bundesrat will pflanzliche Kulturen f\u00fcr die direkte menschliche Ern\u00e4hrung zus\u00e4tzlich f\u00f6rdern. Gleichzeitig sollen \u201eN\u00fctzlinge und Insekten st\u00e4rker gef\u00f6rdert\u201c werden. In AP30+ bezieht sich dieser Punkt konkret auf Insekten im Landwirtschaftsgebiet \u2013 etwa durch N\u00fctzlings- und R\u00fcckzugsstreifen. Doch Insekten als Lebensmittel sind dem Bund keineswegs fremd: Mehlw\u00fcrmer, Heimchen und Wanderheuschrecken sind in der Schweiz bereits seit 2017 als Lebensmittel zugelassen. Das Bundesamt f\u00fcr Landwirtschaft bezeichnet die Insektenproduktion ausdr\u00fccklich als m\u00f6gliche \u201eDiversifizierungsm\u00f6glichkeit f\u00fcr landwirtschaftliche Betriebe\u201c; unter bestimmten Voraussetzungen k\u00f6nnen daf\u00fcr sogar Investitionskredite gew\u00e4hrt werden.<\/p>\n<p class=\"wp-block-paragraph\">Beim Konsumenten wird die Vorlage jedoch tats\u00e4chlich politisch brisant. Der Bundesrat plant <strong>Zielvereinbarungen mit dem Detailhandel<\/strong> und will gleichzeitig die Konsumentinnen und Konsumenten f\u00fcr eine von ihm als ausgewogen und nachhaltig verstandene Ern\u00e4hrung \u201esensibilisieren\u201c.<\/p>\n<p class=\"wp-block-paragraph\">Damit verl\u00e4sst die Agrarpolitik den Bauernhof.<\/p>\n<p class=\"wp-block-paragraph\">Der Staat beschr\u00e4nkt sich nicht mehr darauf, daf\u00fcr zu sorgen, dass gen\u00fcgend sichere Lebensmittel produziert werden. Er nimmt zunehmend das gesamte Ern\u00e4hrungssystem ins Visier \u2013 Produktion, Verarbeitung, Handel und Konsum.<\/p>\n<p class=\"wp-block-paragraph\">Man kann das \u201eSensibilisierung\u201c nennen. Man kann es aber auch als staatliche Lenkung des Konsumverhaltens bezeichnen.<\/p>\n<p class=\"wp-block-paragraph\">Denn wenn der Staat gemeinsam mit den marktbeherrschenden Lebensmittelh\u00e4ndlern Zielvereinbarungen abschlie\u00dft und gleichzeitig bestimmte Lebensmittel st\u00e4rker f\u00f6rdert als andere, entsteht zwangsl\u00e4ufig Einfluss darauf, was angeboten, beworben, produziert und letztlich gekauft wird.<\/p>\n<p class=\"wp-block-paragraph\">Und hier sollte eine liberale Gesellschaft eine einfache Frage stellen: <strong>Was geht den Bundesrat eigentlich an, was ein erwachsener B\u00fcrger auf seinen Teller legt?<\/strong><\/p>\n<p class=\"wp-block-paragraph\">Wer Fleisch essen m\u00f6chte, soll Fleisch essen. Wer sich vegan ern\u00e4hren m\u00f6chte, soll das tun. Wer Milch, K\u00e4se, Gem\u00fcse oder pflanzliche Proteine bevorzugt, braucht daf\u00fcr keine staatliche Anleitung.<\/p>\n<p class=\"wp-block-paragraph\">Der Staat kann \u00fcber Ern\u00e4hrung informieren. Er darf Gesundheitsrisiken benennen und Lebensmittelstandards festlegen. Aber zwischen Information und politischer Verhaltenslenkung verl\u00e4uft eine Grenze.<\/p>\n<p class=\"wp-block-paragraph\">AP30+ zeigt, wie weit sich diese Grenze inzwischen verschiebt. Der Bundesrat spricht selbst von einem \u201eParadigmenwechsel\u201c. Die <a href=\"https:\/\/www.agenda-2030.eda.admin.ch\/dam\/de\/sd-web\/tujrA7CfhwEe\" data-type=\"link\" data-id=\"https:\/\/www.agenda-2030.eda.admin.ch\/dam\/de\/sd-web\/tujrA7CfhwEe\" target=\"_blank\" rel=\"noopener\">Agenda-2030-Politik<\/a> spricht von der \u201eTransformation\u201c des Ern\u00e4hrungssystems.<\/p>\n<p class=\"wp-block-paragraph\">Das sind bemerkenswert deutliche Worte. Denn transformiert werden soll offenbar nicht mehr nur die Landwirtschaft. <strong>Am Ende soll sich auch der Konsument ver\u00e4ndern.<\/strong><\/p>\n<p class=\"wp-block-paragraph\">Und sp\u00e4testens dort wird aus Agrarpolitik eine gesellschaftspolitische Frage: <strong>Mein Teller geh\u00f6rt nicht dem Staat.<\/strong><\/p>\n<\/div>","protected":false},"excerpt":{"rendered":"<p>Was hat der Staat damit zu tun, was die Schweizer Bev\u00f6lkerung isst? Offenbar immer mehr. Mit der neuen Agrarpolitik AP30+ will der Bundesrat nicht nur Landwirtschaft und Lebensmittelproduktion umbauen. Sein erkl\u00e4rter \u201eParadigmenwechsel\u201c reicht \u00fcber Migros, Coop und andere Detailh\u00e4ndler bis zum Konsumenten \u2013 und damit letztlich bis auf unseren Teller. Die Richtung kommt nicht aus [&hellip;]<\/p>\n","protected":false},"author":1,"featured_media":4846,"comment_status":"closed","ping_status":"closed","sticky":false,"template":"","format":"standard","meta":{"_gspb_post_css":"","_uag_custom_page_level_css":"","fifu_image_url":"","fifu_image_alt":"","footnotes":""},"categories":[1],"tags":[],"class_list":["post-20722","post","type-post","status-publish","format-standard","has-post-thumbnail","hentry","category-uncategorized"],"blocksy_meta":{"styles_descriptor":{"styles":{"desktop":"","tablet":"","mobile":""},"google_fonts":[],"version":7}},"uagb_featured_image_src":{"full":["https:\/\/mleexelnfod5.i.optimole.com\/w:auto\/h:auto\/q:mauto\/f:best\/https:\/\/i2.wp.com\/meiser-tv.de\/wp-content\/uploads\/2026\/05\/RSS-Hintergrund.jpg?w=1920&fit=1920,1080&ssl=1",1920,1080,true],"thumbnail":["https:\/\/mleexelnfod5.i.optimole.com\/w:auto\/h:auto\/q:mauto\/f:best\/https:\/\/i2.wp.com\/meiser-tv.de\/wp-content\/uploads\/2026\/05\/RSS-Hintergrund.jpg?w=150&resize=150,150&ssl=1",150,150,true],"medium":["https:\/\/mleexelnfod5.i.optimole.com\/w:auto\/h:auto\/q:mauto\/f:best\/https:\/\/i2.wp.com\/meiser-tv.de\/wp-content\/uploads\/2026\/05\/RSS-Hintergrund.jpg?w=300&fit=300,300&ssl=1",300,300,true],"medium_large":["https:\/\/mleexelnfod5.i.optimole.com\/w:auto\/h:auto\/q:mauto\/f:best\/https:\/\/i2.wp.com\/meiser-tv.de\/wp-content\/uploads\/2026\/05\/RSS-Hintergrund.jpg?w=768&resize=768,0&ssl=1",768,0,true],"large":["https:\/\/mleexelnfod5.i.optimole.com\/w:auto\/h:auto\/q:mauto\/f:best\/https:\/\/i2.wp.com\/meiser-tv.de\/wp-content\/uploads\/2026\/05\/RSS-Hintergrund.jpg?w=1024&fit=1024,1024&ssl=1",1024,1024,true],"1536x1536":["https:\/\/mleexelnfod5.i.optimole.com\/w:auto\/h:auto\/q:mauto\/f:best\/https:\/\/i2.wp.com\/meiser-tv.de\/wp-content\/uploads\/2026\/05\/RSS-Hintergrund.jpg?w=1536&fit=1536,1536&ssl=1",1536,1536,true],"2048x2048":["https:\/\/mleexelnfod5.i.optimole.com\/w:auto\/h:auto\/q:mauto\/f:best\/https:\/\/i2.wp.com\/meiser-tv.de\/wp-content\/uploads\/2026\/05\/RSS-Hintergrund.jpg?w=2048&fit=2048,2048&ssl=1",2048,2048,true],"trp-custom-language-flag":["https:\/\/mleexelnfod5.i.optimole.com\/w:auto\/h:auto\/q:mauto\/f:best\/https:\/\/i2.wp.com\/meiser-tv.de\/wp-content\/uploads\/2026\/05\/RSS-Hintergrund.jpg?w=18&fit=18,12&ssl=1",18,12,true]},"uagb_author_info":{"display_name":"admin","author_link":"https:\/\/meiser-tv.de\/en\/author\/admin\/"},"uagb_comment_info":0,"uagb_excerpt":"Was hat der Staat damit zu tun, was die Schweizer Bev\u00f6lkerung isst? Offenbar immer mehr. Mit der neuen Agrarpolitik AP30+ will der Bundesrat nicht nur Landwirtschaft und Lebensmittelproduktion umbauen. Sein erkl\u00e4rter \u201eParadigmenwechsel\u201c reicht \u00fcber Migros, Coop und andere Detailh\u00e4ndler bis zum Konsumenten \u2013 und damit letztlich bis auf unseren Teller. Die Richtung kommt nicht aus&hellip;","_links":{"self":[{"href":"https:\/\/meiser-tv.de\/en\/wp-json\/wp\/v2\/posts\/20722","targetHints":{"allow":["GET"]}}],"collection":[{"href":"https:\/\/meiser-tv.de\/en\/wp-json\/wp\/v2\/posts"}],"about":[{"href":"https:\/\/meiser-tv.de\/en\/wp-json\/wp\/v2\/types\/post"}],"author":[{"embeddable":true,"href":"https:\/\/meiser-tv.de\/en\/wp-json\/wp\/v2\/users\/1"}],"replies":[{"embeddable":true,"href":"https:\/\/meiser-tv.de\/en\/wp-json\/wp\/v2\/comments?post=20722"}],"version-history":[{"count":0,"href":"https:\/\/meiser-tv.de\/en\/wp-json\/wp\/v2\/posts\/20722\/revisions"}],"wp:featuredmedia":[{"embeddable":true,"href":"https:\/\/meiser-tv.de\/en\/wp-json\/wp\/v2\/media\/4846"}],"wp:attachment":[{"href":"https:\/\/meiser-tv.de\/en\/wp-json\/wp\/v2\/media?parent=20722"}],"wp:term":[{"taxonomy":"category","embeddable":true,"href":"https:\/\/meiser-tv.de\/en\/wp-json\/wp\/v2\/categories?post=20722"},{"taxonomy":"post_tag","embeddable":true,"href":"https:\/\/meiser-tv.de\/en\/wp-json\/wp\/v2\/tags?post=20722"}],"curies":[{"name":"wp","href":"https:\/\/api.w.org\/{rel}","templated":true}]}}