{"id":20736,"date":"2026-09-03T10:03:18","date_gmt":"2026-09-03T08:03:18","guid":{"rendered":"https:\/\/meiser-tv.de\/politik\/moskau-schliesst-alle-drei-goethe-institute-in-russland\/"},"modified":"2026-09-03T10:03:18","modified_gmt":"2026-09-03T08:03:18","slug":"moskau-schliesst-alle-drei-goethe-institute-in-russland","status":"publish","type":"post","link":"https:\/\/meiser-tv.de\/en\/politik\/moskau-schliesst-alle-drei-goethe-institute-in-russland\/","title":{"rendered":"Moskau schlie\u00dft alle drei Goethe-Institute in Russland"},"content":{"rendered":"<div>\n<p>Der russische Au\u00dfenminister Sergei Lawrow k\u00fcndigte auf dem 11. \u00d6stlichen Wirtschaftsforum (EEF) in Wladiwostok an, dass das provokative Agieren im Berliner Regierungsviertel nicht nur Folgen f\u00fcr den deutsch-russischen Kulturaustausch in Berlin hat. So erkl\u00e4rte der Diplomat, dass die Aufk\u00fcndigung der Existenz des Russischen Hauses in Berlin Moskau dazu veranlasst habe, die Goethe-Institute in Moskau, Sankt Petersburg und Jekaterinburg zu schlie\u00dfen.<\/p>\n<p>&#8222;Russland schlie\u00dft Goethe-Institut als Vergeltungsma\u00dfnahme&#8220;,\u00a0<a href=\"https:\/\/www.spiegel.de\/ausland\/russland-schliesst-offenbar-goethe-institut-als-vergeltungsmassnahme-im-streit-ueber-drohnen-a-33c4d647-12b4-472e-a019-ca60bcd8789a\" target=\"_blank\" rel=\"noopener noreferrer\">kommentiert<\/a>\u00a0der <em>Spiegel<\/em> die Mitteilung \u00fcber das vorl\u00e4ufige Ende der drei Goethe-Institute auf russischem Boden. Moskau w\u00fcrde damit &#8222;im Drohnendisput mit Berlin nachlegen&#8220;.<\/p>\n<p>Au\u00dfenminister Lawrow wies in seiner Rede laut der <em>TASS<\/em>-Agentur mit Blick auf die Wahrnehmung in Deutschland darauf hin, dass das politische Berlin zuerst beschlossen habe, das Russische Haus in Berlin sowie das Generalkonsulat der Russischen F\u00f6deration in Bonn aus fraglichen Gr\u00fcnden zu schlie\u00dfen und somit &#8222;den Mitarbeitern dieser Einrichtungen unter dem erfundenen Vorwand einer angeblich in Leipzig abgest\u00fcrzten russischen Drohne angeordnet habe, die Bundesrepublik zu verlassen&#8220;.<\/p>\n<p>Der Diplomat <a href=\"https:\/\/tass.ru\/politika\/28073175\" target=\"_blank\" rel=\"noopener noreferrer\">erkl\u00e4rte<\/a> in seiner Rede zu den j\u00fcngsten Spekulationen Berlins und den politischen Entwicklungen seit Wochenbeginn:<\/p>\n<p><em>&#8222;Man hat in Deutschland, in Leipzig, eine abgest\u00fcrzte Drohne am Flughafen gefunden und beschlossen, dass diese Drohne denen \u00e4hnelt \u2013 sie k\u00f6nnen nicht best\u00e4tigen, dass dies eine eindeutige Schlussfolgerung ist \u2013 wie jene, die die Russische F\u00f6deration einsetzt.<\/em><\/p>\n<p><em>Auf dieser Grundlage einer Annahme, Vermutung, der Spekulation haben sie nun beschlossen, das letzte verbliebene Generalkonsulat in Bonn und unser Russisches Haus in Berlin zu schlie\u00dfen.&#8220;<\/em><\/p>\n<p>Die russische Botschaft in Berlin bezeichnete zuvor die Ank\u00fcndigung des Endes der Kulturbegegnungsst\u00e4tte in der Hauptstadt als &#8222;hastig inszenierte Provokation&#8220; und merkte an, dass der erzwungene Vorgang &#8222;ausschlie\u00dflich den Zielen Kiews und des militaristischen Fl\u00fcgels der europ\u00e4ischen politischen Klasse diene&#8220;.<\/p>\n<p>Die T\u00e4tigkeit des Russischen Hauses ist durch zwei zwischenstaatliche Abkommen geregelt. Ein Abkommen aus dem Jahr 2013 regelt die Nutzung des Grundst\u00fccks an der Friedrichstra\u00dfe und hat eine Laufzeit von 99 Jahren. Laut dem Dokument geh\u00f6rt das Grundst\u00fcck der Bundesrepublik Deutschland und die darauf befindlichen Bauten der Russischen F\u00f6deration. Ein zweites Abkommen aus dem Jahr 2011 betrifft die &#8222;T\u00e4tigkeit von Kultur- und Informationszentren&#8220; und kann alle f\u00fcnf Jahre einseitig gek\u00fcndigt werden. Dieser Vertrag ist am 7. Juni 2012 in Kraft getreten.<\/p>\n<p>Das <em>ZDF<\/em>\u00a0<a href=\"https:\/\/www.zdfheute.de\/politik\/ausland\/russland-deutschland-goethe-institut-leipzig-drohne-100.html\" target=\"_blank\" rel=\"noopener noreferrer\">zitiert<\/a> den russischen Au\u00dfenminister mit folgender Erkl\u00e4rung auf dem Forum in Wladiwostok:<\/p>\n<p><em>&#8222;Nat\u00fcrlich werden sie [die Goethe-Institute] geschlossen, nachdem unser Kulturzentrum von dort (Berlin) vertrieben wurde.&#8220;<\/em><\/p>\n<p>Deutschland nehme laut Lawrow &#8222;bewusst in Kauf, dass der Schritt gegen das Russische Haus &#8218;eindeutig das Ende seiner kulturellen Pr\u00e4senz in der Russischen F\u00f6deration bedeutet'&#8220;, so das <em>ZDF<\/em>. Trotz &#8222;aller Spannungen mit dem Westen&#8220; habe das Institut zuvor ungest\u00f6rt weiterarbeiten k\u00f6nnen, so Lawrow.<\/p>\n<p>Das Goethe-Institut geh\u00f6rte dabei zu den letzten in Russland noch t\u00e4tigen deutschen Einrichtungen. Die <em>ARD-Tagesschau\u00a0<\/em><a href=\"https:\/\/www.tagesschau.de\/ausland\/goethe-institut-russland-schliessung-100.html\" target=\"_blank\" rel=\"noopener noreferrer\">kommentierte<\/a>\u00a0die Ank\u00fcndigung aus Moskau mit dem Hinweis, dass in Russland &#8222;in der Vergangenheit bereits massenhaft Stiftungen und Organisationen f\u00fcr unerw\u00fcnscht erkl\u00e4rt und dadurch mit T\u00e4tigkeitsverboten belegt wurden&#8220;.<\/p>\n<p>Am Vortag hatte das russische Au\u00dfenministerium bereits den Gesch\u00e4ftstr\u00e4ger der Deutschen Botschaft in Moskau einbestellt.<\/p>\n<p><strong>Mehr zum Thema\u00a0\u2012 <\/strong><a href=\"https:\/\/freedert.online\/inland\/290445-als-42-jahre-betrieb-gekuendigt-weiter-mit-dem-russischen-haus\/\" target=\"_blank\" rel=\"noopener noreferrer\">Nach 42 Jahren Betrieb gek\u00fcndigt \u2013 Wie geht es weiter mit dem Russischen Haus?<\/a><\/p>\n<div class=\"EmbedBlock-root EmbedBlock-externalVideo EmbedBlock-rumble\">\n<div class=\"VkEmbed\"><iframe class=\"lazyload\" data-src=\"https:\/\/rumble.com\/embed\/v7ct56i\" frameborder=\"0\" width=\"853\" height=\"480\" allowfullscreen><\/iframe><\/div>\n<\/p><\/div>\n<\/p>\n<\/div>\n","protected":false},"excerpt":{"rendered":"<p>Der russische Au\u00dfenminister Sergei Lawrow k\u00fcndigte auf dem 11. \u00d6stlichen Wirtschaftsforum (EEF) in Wladiwostok an, dass das provokative Agieren im Berliner Regierungsviertel nicht nur Folgen f\u00fcr den deutsch-russischen Kulturaustausch in Berlin hat. So erkl\u00e4rte der Diplomat, dass die Aufk\u00fcndigung der Existenz des Russischen Hauses in Berlin Moskau dazu veranlasst habe, die Goethe-Institute in Moskau, Sankt [&hellip;]<\/p>\n","protected":false},"author":1,"featured_media":4846,"comment_status":"closed","ping_status":"closed","sticky":false,"template":"","format":"standard","meta":{"_gspb_post_css":"","_uag_custom_page_level_css":"","fifu_image_url":"","fifu_image_alt":"","footnotes":""},"categories":[5],"tags":[],"class_list":["post-20736","post","type-post","status-publish","format-standard","has-post-thumbnail","hentry","category-politik"],"blocksy_meta":{"styles_descriptor":{"styles":{"desktop":"","tablet":"","mobile":""},"google_fonts":[],"version":7}},"uagb_featured_image_src":{"full":["https:\/\/mleexelnfod5.i.optimole.com\/w:auto\/h:auto\/q:mauto\/f:best\/https:\/\/i2.wp.com\/meiser-tv.de\/wp-content\/uploads\/2026\/05\/RSS-Hintergrund.jpg?w=1920&fit=1920,1080&ssl=1",1920,1080,true],"thumbnail":["https:\/\/mleexelnfod5.i.optimole.com\/w:auto\/h:auto\/q:mauto\/f:best\/https:\/\/i2.wp.com\/meiser-tv.de\/wp-content\/uploads\/2026\/05\/RSS-Hintergrund.jpg?w=150&resize=150,150&ssl=1",150,150,true],"medium":["https:\/\/mleexelnfod5.i.optimole.com\/w:auto\/h:auto\/q:mauto\/f:best\/https:\/\/i2.wp.com\/meiser-tv.de\/wp-content\/uploads\/2026\/05\/RSS-Hintergrund.jpg?w=300&fit=300,300&ssl=1",300,300,true],"medium_large":["https:\/\/mleexelnfod5.i.optimole.com\/w:auto\/h:auto\/q:mauto\/f:best\/https:\/\/i2.wp.com\/meiser-tv.de\/wp-content\/uploads\/2026\/05\/RSS-Hintergrund.jpg?w=768&resize=768,0&ssl=1",768,0,true],"large":["https:\/\/mleexelnfod5.i.optimole.com\/w:auto\/h:auto\/q:mauto\/f:best\/https:\/\/i2.wp.com\/meiser-tv.de\/wp-content\/uploads\/2026\/05\/RSS-Hintergrund.jpg?w=1024&fit=1024,1024&ssl=1",1024,1024,true],"1536x1536":["https:\/\/mleexelnfod5.i.optimole.com\/w:auto\/h:auto\/q:mauto\/f:best\/https:\/\/i2.wp.com\/meiser-tv.de\/wp-content\/uploads\/2026\/05\/RSS-Hintergrund.jpg?w=1536&fit=1536,1536&ssl=1",1536,1536,true],"2048x2048":["https:\/\/mleexelnfod5.i.optimole.com\/w:auto\/h:auto\/q:mauto\/f:best\/https:\/\/i2.wp.com\/meiser-tv.de\/wp-content\/uploads\/2026\/05\/RSS-Hintergrund.jpg?w=2048&fit=2048,2048&ssl=1",2048,2048,true],"trp-custom-language-flag":["https:\/\/mleexelnfod5.i.optimole.com\/w:auto\/h:auto\/q:mauto\/f:best\/https:\/\/i2.wp.com\/meiser-tv.de\/wp-content\/uploads\/2026\/05\/RSS-Hintergrund.jpg?w=18&fit=18,12&ssl=1",18,12,true]},"uagb_author_info":{"display_name":"admin","author_link":"https:\/\/meiser-tv.de\/en\/author\/admin\/"},"uagb_comment_info":0,"uagb_excerpt":"Der russische Au\u00dfenminister Sergei Lawrow k\u00fcndigte auf dem 11. \u00d6stlichen Wirtschaftsforum (EEF) in Wladiwostok an, dass das provokative Agieren im Berliner Regierungsviertel nicht nur Folgen f\u00fcr den deutsch-russischen Kulturaustausch in Berlin hat. So erkl\u00e4rte der Diplomat, dass die Aufk\u00fcndigung der Existenz des Russischen Hauses in Berlin Moskau dazu veranlasst habe, die Goethe-Institute in Moskau, Sankt&hellip;","_links":{"self":[{"href":"https:\/\/meiser-tv.de\/en\/wp-json\/wp\/v2\/posts\/20736","targetHints":{"allow":["GET"]}}],"collection":[{"href":"https:\/\/meiser-tv.de\/en\/wp-json\/wp\/v2\/posts"}],"about":[{"href":"https:\/\/meiser-tv.de\/en\/wp-json\/wp\/v2\/types\/post"}],"author":[{"embeddable":true,"href":"https:\/\/meiser-tv.de\/en\/wp-json\/wp\/v2\/users\/1"}],"replies":[{"embeddable":true,"href":"https:\/\/meiser-tv.de\/en\/wp-json\/wp\/v2\/comments?post=20736"}],"version-history":[{"count":0,"href":"https:\/\/meiser-tv.de\/en\/wp-json\/wp\/v2\/posts\/20736\/revisions"}],"wp:featuredmedia":[{"embeddable":true,"href":"https:\/\/meiser-tv.de\/en\/wp-json\/wp\/v2\/media\/4846"}],"wp:attachment":[{"href":"https:\/\/meiser-tv.de\/en\/wp-json\/wp\/v2\/media?parent=20736"}],"wp:term":[{"taxonomy":"category","embeddable":true,"href":"https:\/\/meiser-tv.de\/en\/wp-json\/wp\/v2\/categories?post=20736"},{"taxonomy":"post_tag","embeddable":true,"href":"https:\/\/meiser-tv.de\/en\/wp-json\/wp\/v2\/tags?post=20736"}],"curies":[{"name":"wp","href":"https:\/\/api.w.org\/{rel}","templated":true}]}}