{"id":20745,"date":"2026-09-03T11:02:04","date_gmt":"2026-09-03T09:02:04","guid":{"rendered":"https:\/\/meiser-tv.de\/wirtschaft\/deutsche-telekom-hedgefonds-elliott-steigt-ein-aktie-steigt-38200994-html\/"},"modified":"2026-09-03T11:02:04","modified_gmt":"2026-09-03T09:02:04","slug":"deutsche-telekom-hedgefonds-elliott-steigt-ein-aktie-steigt-38200994-html","status":"publish","type":"post","link":"https:\/\/meiser-tv.de\/en\/wirtschaft\/deutsche-telekom-hedgefonds-elliott-steigt-ein-aktie-steigt-38200994-html\/","title":{"rendered":"Aktie steigt: M\u00e4chtiger Hedgefonds steigt bei Deutscher Telekom ein"},"content":{"rendered":"<div>\n<div>\n<div class=\"rtf-content-wrapper\">\n<p>Die Deutsche Telekom erw\u00e4gt eine Fusion mit ihrer US-Tochter T-Mobile. Nun mischt sich offenbar der aktivistische Investor Elliott ein \u2013 und stellt sich gegen die milliardenschweren Pl\u00e4ne. Die Telekom-Aktie reagiert deutlich<\/p>\n<\/div>\n<div class=\"rtf-content-wrapper\">\n<p>Der aktivistische Investor Elliott will bei der Diskussion um eine m\u00f6gliche Fusion der Deutschen Telekom mit ihrer US-Tochter T-Mobile offenbar ein W\u00f6rtchen mitreden. Der Verm\u00f6gensverwalter sei bei dem Bonner Konzern eingestiegen, sagte ein Insider am Donnerstag. Die H\u00f6he der Beteiligung blieb zun\u00e4chst unklar. Die Nachrichtenagentur Bloomberg hatte zuerst \u00fcber die Transaktion berichtet und darauf hingewiesen, dass Elliott gegen einen Zusammenschluss der beiden Unternehmen sei. Telekom und T-Mobile wollten sich dazu nicht \u00e4u\u00dfern. Elliott war f\u00fcr eine Stellungnahme zun\u00e4chst nicht zu erreichen.<\/p>\n<h2>Deutsche Telekom w\u00e4chst nur langsam<\/h2>\n<p>Die Fusionsspekulationen kursieren seit Monaten. Dadurch entst\u00fcnde mit einem zusammengerechneten B\u00f6rsenwert von aktuell etwa 313 Milliarden Euro der weltgr\u00f6\u00dfte Telekommunikationskonzern. Bei Analysten und Anlegern stie\u00dfen die Pl\u00e4ne jedoch von Beginn an auf Skepsis. Sie bezweifeln, dass der Unternehmenswert durch einen Zusammenschluss wie erhofft gesteigert werden kann. US-Investoren seien nicht daran interessiert, sich durch die Fusion ein europ\u00e4isches Unternehmen mit vergleichsweise schwachem Wachstum ins Portfolio zu holen.<\/p>\n<\/p>\n<p>T-Mobile-Aktien haben daher seit April rund vier Prozent an Wert eingeb\u00fc\u00dft. Hinweise auf wachsenden Widerstand gegen die Fusionspl\u00e4ne gaben den Telekom-Titeln in den vergangenen Monaten wiederholt Auftrieb. So berichtete das Nachrichtenportal Semafor im Juli, dass die F\u00fchrung von T-Mobile eine Verschmelzung nicht mehr bef\u00fcrworte. Die Meldung \u00fcber den Elliott-Einstieg verhalf den Telekom-Papieren am Donnerstag zu einem vorb\u00f6rslichen Kursplus von zeitweise 2,6 Prozent. Damit waren sie die Spitzenreiter im deutschen Leitindex Dax.<\/p>\n<\/div>\n<\/div>\n<\/div>","protected":false},"excerpt":{"rendered":"<div>Die Deutsche Telekom erw\u00e4gt eine Fusion mit ihrer US-Tochter T-Mobile. Nun mischt sich offenbar der aktivistische Investor Elliott ein \u2013 und stellt sich gegen die milliardenschweren Pl\u00e4ne. Die Telekom-Aktie reagiert deutlich<\/div>","protected":false},"author":1,"featured_media":4846,"comment_status":"closed","ping_status":"closed","sticky":false,"template":"","format":"standard","meta":{"_gspb_post_css":"","_uag_custom_page_level_css":"","fifu_image_url":"","fifu_image_alt":"","footnotes":""},"categories":[15],"tags":[],"class_list":["post-20745","post","type-post","status-publish","format-standard","has-post-thumbnail","hentry","category-wirtschaft"],"blocksy_meta":{"styles_descriptor":{"styles":{"desktop":"","tablet":"","mobile":""},"google_fonts":[],"version":7}},"uagb_featured_image_src":{"full":["https:\/\/mleexelnfod5.i.optimole.com\/w:auto\/h:auto\/q:mauto\/f:best\/https:\/\/i2.wp.com\/meiser-tv.de\/wp-content\/uploads\/2026\/05\/RSS-Hintergrund.jpg?w=1920&fit=1920,1080&ssl=1",1920,1080,true],"thumbnail":["https:\/\/mleexelnfod5.i.optimole.com\/w:auto\/h:auto\/q:mauto\/f:best\/https:\/\/i2.wp.com\/meiser-tv.de\/wp-content\/uploads\/2026\/05\/RSS-Hintergrund.jpg?w=150&resize=150,150&ssl=1",150,150,true],"medium":["https:\/\/mleexelnfod5.i.optimole.com\/w:auto\/h:auto\/q:mauto\/f:best\/https:\/\/i2.wp.com\/meiser-tv.de\/wp-content\/uploads\/2026\/05\/RSS-Hintergrund.jpg?w=300&fit=300,300&ssl=1",300,300,true],"medium_large":["https:\/\/mleexelnfod5.i.optimole.com\/w:auto\/h:auto\/q:mauto\/f:best\/https:\/\/i2.wp.com\/meiser-tv.de\/wp-content\/uploads\/2026\/05\/RSS-Hintergrund.jpg?w=768&resize=768,0&ssl=1",768,0,true],"large":["https:\/\/mleexelnfod5.i.optimole.com\/w:auto\/h:auto\/q:mauto\/f:best\/https:\/\/i2.wp.com\/meiser-tv.de\/wp-content\/uploads\/2026\/05\/RSS-Hintergrund.jpg?w=1024&fit=1024,1024&ssl=1",1024,1024,true],"1536x1536":["https:\/\/mleexelnfod5.i.optimole.com\/w:auto\/h:auto\/q:mauto\/f:best\/https:\/\/i2.wp.com\/meiser-tv.de\/wp-content\/uploads\/2026\/05\/RSS-Hintergrund.jpg?w=1536&fit=1536,1536&ssl=1",1536,1536,true],"2048x2048":["https:\/\/mleexelnfod5.i.optimole.com\/w:auto\/h:auto\/q:mauto\/f:best\/https:\/\/i2.wp.com\/meiser-tv.de\/wp-content\/uploads\/2026\/05\/RSS-Hintergrund.jpg?w=2048&fit=2048,2048&ssl=1",2048,2048,true],"trp-custom-language-flag":["https:\/\/mleexelnfod5.i.optimole.com\/w:auto\/h:auto\/q:mauto\/f:best\/https:\/\/i2.wp.com\/meiser-tv.de\/wp-content\/uploads\/2026\/05\/RSS-Hintergrund.jpg?w=18&fit=18,12&ssl=1",18,12,true]},"uagb_author_info":{"display_name":"admin","author_link":"https:\/\/meiser-tv.de\/en\/author\/admin\/"},"uagb_comment_info":0,"uagb_excerpt":"Die Deutsche Telekom erw\u00e4gt eine Fusion mit ihrer US-Tochter T-Mobile. Nun mischt sich offenbar der aktivistische Investor Elliott ein \u2013 und stellt sich gegen die milliardenschweren Pl\u00e4ne. Die Telekom-Aktie reagiert deutlich","_links":{"self":[{"href":"https:\/\/meiser-tv.de\/en\/wp-json\/wp\/v2\/posts\/20745","targetHints":{"allow":["GET"]}}],"collection":[{"href":"https:\/\/meiser-tv.de\/en\/wp-json\/wp\/v2\/posts"}],"about":[{"href":"https:\/\/meiser-tv.de\/en\/wp-json\/wp\/v2\/types\/post"}],"author":[{"embeddable":true,"href":"https:\/\/meiser-tv.de\/en\/wp-json\/wp\/v2\/users\/1"}],"replies":[{"embeddable":true,"href":"https:\/\/meiser-tv.de\/en\/wp-json\/wp\/v2\/comments?post=20745"}],"version-history":[{"count":0,"href":"https:\/\/meiser-tv.de\/en\/wp-json\/wp\/v2\/posts\/20745\/revisions"}],"wp:featuredmedia":[{"embeddable":true,"href":"https:\/\/meiser-tv.de\/en\/wp-json\/wp\/v2\/media\/4846"}],"wp:attachment":[{"href":"https:\/\/meiser-tv.de\/en\/wp-json\/wp\/v2\/media?parent=20745"}],"wp:term":[{"taxonomy":"category","embeddable":true,"href":"https:\/\/meiser-tv.de\/en\/wp-json\/wp\/v2\/categories?post=20745"},{"taxonomy":"post_tag","embeddable":true,"href":"https:\/\/meiser-tv.de\/en\/wp-json\/wp\/v2\/tags?post=20745"}],"curies":[{"name":"wp","href":"https:\/\/api.w.org\/{rel}","templated":true}]}}